{"id":136826,"date":"2025-12-07T01:24:08","date_gmt":"2025-12-07T01:24:08","guid":{"rendered":"https:\/\/www.europesays.com\/pl\/136826\/"},"modified":"2025-12-07T01:24:08","modified_gmt":"2025-12-07T01:24:08","slug":"niedziela-handlowa-07-12-2025-wszystkie-sklepy-otwarte-7-grudnia-czy-dzisiaj-jest-niedziela-handlowa","status":"publish","type":"post","link":"https:\/\/www.europesays.com\/pl\/136826\/","title":{"rendered":"Niedziela handlowa 07.12.2025. Wszystkie sklepy otwarte 7 grudnia. Czy dzisiaj jest niedziela handlowa?"},"content":{"rendered":"<p class=\"hyphenate \" data-text-len=\"445\" data-scroll=\"paragraph_2\">Czy niedziela 7 grudnia to niedziela handlowa, czy mo\u017ce obowi\u0105zuje wtedy zakaz <a href=\"https:\/\/forsal.pl\/tagi\/handel\" id=\"965ef66b-a34a-4fe8-8348-29370084e570\" title=\"handel\" rel=\"nofollow noopener\" target=\"_blank\">handlu<\/a>, kt\u00f3ry pokrzy\u017cuje plany na wi\u0119ksze zakupy? A mo\u017ce z uzupe\u0142nieniem zapas\u00f3w trzeba b\u0119dzie wstrzyma\u0107 si\u0119 a\u017c do poniedzia\u0142ku 8 grudnia? Tymi dylematami z pewno\u015bci\u0105 nie przejmuj\u0105 si\u0119 stali bywalcy \u017babki, kt\u00f3ra pozostaje otwarta w ka\u017cd\u0105 niedziel\u0119.<\/p>\n<p>    Niedziela handlowa 07.12.2025. Sklepy otwarte 7 grudnia, czy dzisiaj jest zakaz handlu?<\/p>\n<p class=\"hyphenate \" data-text-len=\"421\" data-scroll=\"paragraph_4\">Weekend to moment, w kt\u00f3rym domowe zapasy po ca\u0142ym tygodniu zwykle si\u0119 ko\u0144cz\u0105, dlatego wiele os\u00f3b planuje wi\u0119ksze zakupy w\u0142a\u015bnie wtedy. Najwygodniej zrobi\u0107 je w wolnym czasie, na przyk\u0142ad w niedziel\u0119 \u2014 o ile wypada ona jako <a href=\"https:\/\/forsal.pl\/tagi\/niedziele-handlowe\" id=\"42816398-f443-49e7-98b3-bbcf5573d65f\" title=\"niedziela handlowa\" rel=\"nofollow noopener\" target=\"_blank\">niedziela handlowa<\/a>. Czy 07.12.2025 sklepy b\u0119d\u0105 otwarte?<\/p>\n<p class=\"hyphenate \" data-text-len=\"620\" data-scroll=\"paragraph_5\">Dla tych, kt\u00f3rzy liczyli na zakupy dzisiaj, mamy dobr\u0105 wiadomo\u015b\u0107. 7 grudnia przypada <a href=\"https:\/\/forsal.pl\/tagi\/niedziele-handlowe\" id=\"556c241b-26a5-4fbb-82cd-99a7abed4503\" title=\"niedziela handlowa\" rel=\"nofollow noopener\" target=\"_blank\">niedziela handlowa<\/a>, co oznacza, \u017ce wi\u0119kszo\u015b\u0107 du\u017cych sklep\u00f3w \u2014 w tym Biedronka, Lidl, Auchan czy Carrefour \u2014 b\u0119dzie otwarta. Tradycyjnie otwarte b\u0119d\u0105 tak\u017ce m.in. sklepy \u017babka oraz stacje benzynowe. Oznacza, to, \u017ce po raz pierwszy od d\u0142u\u017cszego czasu na wi\u0119ksze zakupy b\u0119dzie mo\u017cna wybra\u0107 si\u0119 tak\u017ce w niedziel\u0119.<\/p>\n<p>    Sklepy otwarte w niedziel\u0119 07.11.2025. Zakupy w Biedronce i Lidlu czy tylko \u017babka<\/p>\n<p class=\"hyphenate adSlotSibling\" data-text-len=\"303\" data-async-ad-slot=\"true\" data-scroll=\"paragraph_7\">W niedziel\u0119 7 grudnia 2025 sklepy b\u0119d\u0105 otwarte, co daje idealn\u0105 okazj\u0119 do przed\u015bwi\u0105tecznych zakup\u00f3w. W niedziel\u0119 handlow\u0105 odwiedzi\u0107 b\u0119dzie mo\u017cna m.in. Biedronk\u0119, Lidl, Auchan, Carrefour, Kaufland, Tesco, Netto czy Stokrotk\u0119, a tak\u017ce mniejsze sklepy spo\u017cywcze, w tym te spod znaki \u017babki.<\/p>\n<p class=\"hyphenate \" data-text-len=\"611\" data-scroll=\"paragraph_8\">Dzi\u0119ki temu kupuj\u0105cy b\u0119d\u0105 mogli wygodnie zrobi\u0107 dzisiaj wi\u0119ksze zakupy spo\u017cywcze przed Bo\u017cym Narodzeniem, uzupe\u0142ni\u0107 produkty codziennego u\u017cytku, takie jak artyku\u0142y chemiczne, pieczywo, nabia\u0142, mi\u0119so, s\u0142odycze czy napoje. Du\u017ce sieci handlowe, w tym Biedronka, Lidl, Carrefour, Auchan czy Kaufland, oferuj\u0105 w tym czasie tak\u017ce atrakcyjne promocje i wyprzeda\u017ce \u015bwi\u0105teczne, przyci\u0105gaj\u0105c klient\u00f3w szukaj\u0105cych okazji na prezenty, artyku\u0142y spo\u017cywcze i dekoracje. To oznacza prawdziw\u0105 bitw\u0119 o klienta.<\/p>\n<p class=\"hyphenate \" data-text-len=\"385\" data-scroll=\"paragraph_9\">W niedziel\u0119 handlow\u0105 07.12.2025 otwarte b\u0119d\u0105 tak\u017ce galerie handlowe, w tym centra takie jak Westfield Mokot\u00f3w, Z\u0142ote Tarasy, Manufaktura, Galeria Krakowska czy Galeria Wroclavia, gdzie poza supermarketami i sklepami odzie\u017cowymi mo\u017cna znale\u017a\u0107 punkty us\u0142ugowe, restauracje i kawiarnie.<\/p>\n<p>    Niedziele handlowe w grudniu 2025. A\u017c trzy niedziele bez zakazu handlu przed Bo\u017cym Narodzeniem<\/p>\n<p class=\"hyphenate adSlotSibling\" data-text-len=\"773\" data-async-ad-slot=\"true\" data-scroll=\"paragraph_11\">Zmiana wynika bezpo\u015brednio z nowelizacji ustawy, kt\u00f3ra wprowadza ograniczenia <a href=\"https:\/\/forsal.pl\/tagi\/handel\" id=\"b96e8bfd-952c-43a1-be29-8c03fc8c2d73\" title=\"handel\" rel=\"nofollow noopener\" target=\"_blank\">handlu<\/a> w Wigili\u0119 \u201424 grudnia sklepy b\u0119d\u0105 czynne tylko do godz. 14 lub w pe\u0142ni wolne od pracy, je\u015bli zostanie przyj\u0119ta taka regulacja. Aby zrekompensowa\u0107 kr\u00f3tszy czas na \u015bwi\u0105teczne zakupy i unikn\u0105\u0107 t\u0142oku w sklepach, ustawodawca zdecydowa\u0142 si\u0119 wprowadzi\u0107 trzeci\u0105 niedziel\u0119 handlow\u0105 w grudniu. Dzi\u0119ki temu ruch klient\u00f3w rozk\u0142ada si\u0119 r\u00f3wnomiernie na kilka weekend\u00f3w, co jest korzystne zar\u00f3wno dla kupuj\u0105cych \u2014 kt\u00f3rzy mog\u0105 spokojniej zrobi\u0107 zakupy \u2014 jak i dla samych sklep\u00f3w, kt\u00f3re maj\u0105 szans\u0119 zwi\u0119kszy\u0107 obroty i lepiej rozplanowa\u0107 prac\u0119 personelu.<\/p>\n<p>    Kiedy niedziele handlowe w grudniu 2025? Kalendarz niedziel bez zakazu handlu przed Bo\u017cym Narodzeniem<\/p>\n<p class=\"hyphenate \" data-text-len=\"593\" data-scroll=\"paragraph_13\">W grudniu 2025 roku kupuj\u0105cy mog\u0105 liczy\u0107 na wyj\u0105tkowo sprzyjaj\u0105cy uk\u0142ad kalendarza. W tym miesi\u0105cu zaplanowano a\u017c trzy niedziele handlowe, co oznacza, \u017ce sklepy b\u0119d\u0105 otwarte 7, 14 i 21 grudnia. To dobra wiadomo\u015b\u0107 dla wszystkich, kt\u00f3rzy chc\u0105 roz\u0142o\u017cy\u0107 przed\u015bwi\u0105teczne zakupy na kilka weekend\u00f3w, zamiast odk\u0142ada\u0107 wszystko na ostatni\u0105 chwil\u0119. Dzi\u0119ki dodatkowym niedzielom handlowym \u0142atwiej b\u0119dzie unikn\u0105\u0107 t\u0142oku w marketach i galeriach handlowych, szczeg\u00f3lnie \u017ce to okres przed Bo\u017cym Narodzeniem.<\/p>\n<p>    Niedziele handlowe 2026. Co dalej z zakazem handlu w niedziele?<\/p>\n<p class=\"hyphenate \" data-text-len=\"419\" data-scroll=\"paragraph_15\">Cho\u0107 pojawia\u0142y si\u0119 zapowiedzi zmian, parlament nie zako\u0144czy\u0142 w 2024 roku prac nad nowelizacj\u0105 ustawy o zakazie handlu w niedziele, a w 2025 roku temat r\u00f3wnie\u017c nie zosta\u0142 ponownie podj\u0119ty. W efekcie obowi\u0105zywa\u0107 b\u0119dzie dotychczasowy model, w kt\u00f3rym <a href=\"https:\/\/forsal.pl\/tagi\/handel\" id=\"b3981610-de2e-4726-a4b3-20e89313c135\" title=\"handel\" rel=\"nofollow noopener\" target=\"_blank\">handel<\/a> dozwolony jest jedynie w osiem niedziel w roku.<\/p>\n<p class=\"hyphenate \" data-text-len=\"313\" data-scroll=\"paragraph_16\">Jedyn\u0105 wprowadzon\u0105 nowo\u015bci\u0105 pozostaje dzie\u0144 wolny w Wigili\u0119oraz dodanie trzeciej niedzieli grudniado listy wyj\u0105tk\u00f3w, kiedy sklepy mog\u0105 by\u0107 otwarte. To uk\u0142on w stron\u0119 os\u00f3b, kt\u00f3re przygotowuj\u0105 si\u0119 do \u015bwi\u0105t Bo\u017cego Narodzenia i chc\u0105 zrobi\u0107 zakupy w ostatniej chwili.<\/p>\n<p class=\"hyphenate \" data-text-len=\"415\" data-scroll=\"paragraph_17\">Pozosta\u0142e propozycje zmian, takie jak cz\u0119\u015bciowe zniesienie zakazu handlu, skr\u00f3cenie godzin otwarcia czy wprowadzenie dodatkowych wyj\u0105tk\u00f3w, nadal czekaj\u0105 na rozpatrzenie w komisjach sejmowych. Oznacza to, \u017ce w 2026 roku obowi\u0105zywa\u0107 b\u0119d\u0105 te same zasady co dotychczas, a zakupy w du\u017cych sklepach i galeriach handlowych b\u0119dzie mo\u017cna zrobi\u0107 tylko w wyznaczone osiem niedziel handlowych.<\/p>\n","protected":false},"excerpt":{"rendered":"Czy niedziela 7 grudnia to niedziela handlowa, czy mo\u017ce obowi\u0105zuje wtedy zakaz handlu, kt\u00f3ry pokrzy\u017cuje plany na wi\u0119ksze&hellip;\n","protected":false},"author":2,"featured_media":136111,"comment_status":"","ping_status":"","sticky":false,"template":"","format":"standard","meta":{"footnotes":""},"categories":[16],"tags":[113,112,42,38,40,39,41],"class_list":{"0":"post-136826","1":"post","2":"type-post","3":"status-publish","4":"format-standard","5":"has-post-thumbnail","7":"category-biznes","8":"tag-biznes","9":"tag-business","10":"tag-pl","11":"tag-poland","12":"tag-polish","13":"tag-polska","14":"tag-polski"},"share_on_mastodon":{"url":"https:\/\/pubeurope.com\/@pl\/115675677564996841","error":""},"_links":{"self":[{"href":"https:\/\/www.europesays.com\/pl\/wp-json\/wp\/v2\/posts\/136826","targetHints":{"allow":["GET"]}}],"collection":[{"href":"https:\/\/www.europesays.com\/pl\/wp-json\/wp\/v2\/posts"}],"about":[{"href":"https:\/\/www.europesays.com\/pl\/wp-json\/wp\/v2\/types\/post"}],"author":[{"embeddable":true,"href":"https:\/\/www.europesays.com\/pl\/wp-json\/wp\/v2\/users\/2"}],"replies":[{"embeddable":true,"href":"https:\/\/www.europesays.com\/pl\/wp-json\/wp\/v2\/comments?post=136826"}],"version-history":[{"count":0,"href":"https:\/\/www.europesays.com\/pl\/wp-json\/wp\/v2\/posts\/136826\/revisions"}],"wp:featuredmedia":[{"embeddable":true,"href":"https:\/\/www.europesays.com\/pl\/wp-json\/wp\/v2\/media\/136111"}],"wp:attachment":[{"href":"https:\/\/www.europesays.com\/pl\/wp-json\/wp\/v2\/media?parent=136826"}],"wp:term":[{"taxonomy":"category","embeddable":true,"href":"https:\/\/www.europesays.com\/pl\/wp-json\/wp\/v2\/categories?post=136826"},{"taxonomy":"post_tag","embeddable":true,"href":"https:\/\/www.europesays.com\/pl\/wp-json\/wp\/v2\/tags?post=136826"}],"curies":[{"name":"wp","href":"https:\/\/api.w.org\/{rel}","templated":true}]}}