{"id":136843,"date":"2025-12-07T01:54:10","date_gmt":"2025-12-07T01:54:10","guid":{"rendered":"https:\/\/www.europesays.com\/pl\/136843\/"},"modified":"2025-12-07T01:54:10","modified_gmt":"2025-12-07T01:54:10","slug":"hucznie-otwarte-lodowisko-zamkniete-po-kilku-dniach","status":"publish","type":"post","link":"https:\/\/www.europesays.com\/pl\/136843\/","title":{"rendered":"Hucznie otwarte lodowisko zamkni\u0119te po kilku dniach"},"content":{"rendered":"\n<p>&#13;<br \/>\nKuriozalna sytuacja w\u00a0Szczytnie. Jeszcze kilka dni temu miasto chwali\u0142o si\u0119 now\u0105 inwestycj\u0105, jak\u0105 jest lodowisko przy ul. Krzysztofa Klenczona. Mia\u0142o ono dzia\u0142a\u0107 codziennie, oferuj\u0105c darmowe wej\u015bcia i\u00a0p\u0142atn\u0105 wypo\u017cyczalni\u0119. Tafla stan\u0119\u0142a na\u00a0boisku do\u00a0koszyk\u00f3wki, a\u00a0ca\u0142o\u015b\u0107 mia\u0142a zapewnia\u0107 jazd\u0119 na\u00a0\u0142y\u017cwach bez mro\u017cenia \u2013\u00a0nawet w\u00a0dodatnich temperaturach. Wszystko dzi\u0119ki specjalnym, syntetycznym panelom. Inwestycja kosztowa\u0142a blisko 420 tys. z\u0142otych. &#13;\n<\/p>\n<p>&#13;<br \/>\n&#8222;Stefan Ochman, burmistrz Miasta Szczytno, wraz z\u00a0Radnymi Rady Miejskiej oficjalnie otworzyli dzi\u015b Miejskie Lodowisko na\u00a0Bazie Wodnej MOS przy ul. K. Klenczona.Pierwsi \u0142y\u017cwiarze pojawili si\u0119 ju\u017c na\u00a0tafli, a\u00a0podczas wydarzenia o\u00a0opraw\u0119 muzyczn\u0105 zadba\u0142 DJ Przemek Oleszkiewicz. Na\u00a0mieszka\u0144c\u00f3w czeka\u0142o Disco Lodowisko oraz\u00a0gor\u0105ca czekolada (&#8230;) Zapraszamy do\u00a0korzystania z\u00a0lodowiska przez ca\u0142\u0105 zim\u0119 \u2013\u00a0to\u00a0doskona\u0142e miejsce na\u00a0rodzinny wypad, spotkanie z\u00a0przyjaci\u00f3\u0142mi czy\u00a0aktywny odpoczynek po\u00a0pracy i\u00a0szkole. Zadbali\u015bmy o\u00a0bezpieczn\u0105 infrastruktur\u0119 i\u00a0przyjazn\u0105 atmosfer\u0119, reszta nale\u017cy ju\u017c do\u00a0Pa\u0144stwa. Do\u00a0zobaczenia na\u00a0lodzie!&#8221; \u2013\u00a0informowa\u0142o i\u00a0zach\u0119ca\u0142o miasto na\u00a0Facebooku 1\u00a0grudnia. &#13;\n<\/p>\n<p>Szczytno: lodowisko zamkni\u0119te po\u00a0czterech dniach<\/p>\n<p>&#13;<br \/>\nTymczasem cztery dni p\u00f3\u017aniej, dzie\u0144 przed Miko\u0142ajkami i\u00a0weekendem miasto poinformowa\u0142o, \u017ce\u00a0obiekt zosta\u0142 zamkni\u0119ty i\u00a0jest &#8222;nieczynny&#8221;. Nie\u00a0wiadomo jednak, co\u00a0jest powodem takiej decyzji, ani kiedy lodowisko zostanie ponownie otwarte. Ratusz poinformowa\u0142 o\u00a0tym w\u00a0kr\u00f3tkim, zdawkowym komunikacie. &#8222;Trwaj\u0105 prace techniczne. Obiekt pozostaje nieczynny&#8221; \u2013\u00a0czytamy na\u00a0grafice opublikowanej w\u00a0mediach spo\u0142eczno\u015bciowych. &#13;\n<\/p>\n<p>&#13;<br \/>\nMieszka\u0144cy Szczytna nie\u00a0kryj\u0105 rozgoryczenia i\u00a0w\u00a0komentarzach pisz\u0105, co\u00a0s\u0105dz\u0105 o\u00a0takiej decyzji. &#8222;W\u00a0normalnych warunkach za\u00a0nietrafione wydatki z\u00a0pieni\u0119dzy publicznych ponosi si\u0119 odpowiedzialno\u015b\u0107, niestety u\u00a0nas cz\u0119sto bywa inaczej. Wiele os\u00f3b krytykuje to\u00a0pseudo-lodowisko, poniewa\u017c w\u00a0praktyce nie\u00a0da si\u0119 na\u00a0nim je\u017adzi\u0107&#8221; \u2013\u00a0czytamy w\u00a0jednym z\u00a0wpis\u00f3w. &#8222;Sobota, dalej nieczynne. Pono\u0107 p\u0142yty wadliwe&#8221; \u2013\u00a0czytamy w\u00a0innym. &#8222;Na\u00a0tym si\u0119 je\u017adzi\u0107 nie\u00a0da&#8221; \u2013\u00a0mo\u017cna przeczyta\u0107. &#13;<\/p>\n","protected":false},"excerpt":{"rendered":"&#13; Kuriozalna sytuacja w\u00a0Szczytnie. Jeszcze kilka dni temu miasto chwali\u0142o si\u0119 now\u0105 inwestycj\u0105, jak\u0105 jest lodowisko przy ul.&hellip;\n","protected":false},"author":2,"featured_media":136844,"comment_status":"","ping_status":"","sticky":false,"template":"","format":"standard","meta":{"footnotes":""},"categories":[12],"tags":[32,33,98,36,37,27,49,34,35,28292,28,31,25,28293,42,38,40,39,41,14262,29,30,26],"class_list":{"0":"post-136843","1":"post","2":"type-post","3":"status-publish","4":"format-standard","5":"has-post-thumbnail","7":"category-polska","8":"tag-breaking-news","9":"tag-breakingnews","10":"tag-dorzeczy","11":"tag-featured-news","12":"tag-featurednews","13":"tag-headlines","14":"tag-kraj","15":"tag-latest-news","16":"tag-latestnews","17":"tag-lodowisko","18":"tag-naglowki","19":"tag-najwazniejsze-artykuly","20":"tag-news","21":"tag-ochman","22":"tag-pl","23":"tag-poland","24":"tag-polish","25":"tag-polska","26":"tag-polski","27":"tag-szczytno","28":"tag-top-stories","29":"tag-topstories","30":"tag-wiadomosci"},"share_on_mastodon":{"url":"https:\/\/pubeurope.com\/@pl\/115675795536141682","error":""},"_links":{"self":[{"href":"https:\/\/www.europesays.com\/pl\/wp-json\/wp\/v2\/posts\/136843","targetHints":{"allow":["GET"]}}],"collection":[{"href":"https:\/\/www.europesays.com\/pl\/wp-json\/wp\/v2\/posts"}],"about":[{"href":"https:\/\/www.europesays.com\/pl\/wp-json\/wp\/v2\/types\/post"}],"author":[{"embeddable":true,"href":"https:\/\/www.europesays.com\/pl\/wp-json\/wp\/v2\/users\/2"}],"replies":[{"embeddable":true,"href":"https:\/\/www.europesays.com\/pl\/wp-json\/wp\/v2\/comments?post=136843"}],"version-history":[{"count":0,"href":"https:\/\/www.europesays.com\/pl\/wp-json\/wp\/v2\/posts\/136843\/revisions"}],"wp:featuredmedia":[{"embeddable":true,"href":"https:\/\/www.europesays.com\/pl\/wp-json\/wp\/v2\/media\/136844"}],"wp:attachment":[{"href":"https:\/\/www.europesays.com\/pl\/wp-json\/wp\/v2\/media?parent=136843"}],"wp:term":[{"taxonomy":"category","embeddable":true,"href":"https:\/\/www.europesays.com\/pl\/wp-json\/wp\/v2\/categories?post=136843"},{"taxonomy":"post_tag","embeddable":true,"href":"https:\/\/www.europesays.com\/pl\/wp-json\/wp\/v2\/tags?post=136843"}],"curies":[{"name":"wp","href":"https:\/\/api.w.org\/{rel}","templated":true}]}}