{"id":136849,"date":"2025-12-07T02:01:15","date_gmt":"2025-12-07T02:01:15","guid":{"rendered":"https:\/\/www.europesays.com\/pl\/136849\/"},"modified":"2025-12-07T02:01:15","modified_gmt":"2025-12-07T02:01:15","slug":"sanepid-szuka-pasazerow-ryanaira-mogli-miec-zakazic-sie-wirusem-wzw-a","status":"publish","type":"post","link":"https:\/\/www.europesays.com\/pl\/136849\/","title":{"rendered":"Sanepid szuka pasa\u017cer\u00f3w Ryanaira. Mogli mie\u0107 zakazi\u0107 si\u0119 wirusem WZW A"},"content":{"rendered":"<p class=\"article-p\" data-section=\"detail-body\">Powiatowa Stacja Sanitarno-Epidemiologiczna w K\u0142odzku w \u015brod\u0119, 3 grudnia zaapelowa\u0142a o kontakt do os\u00f3b, kt\u00f3re 23 pa\u017adziernika lecia\u0142y samolotem linii <a href=\"https:\/\/www.fakt.pl\/hobby\/turystyka\/przemoczone-fotele-w-pierwszym-rzedzie-w-ryanair-zaskakujace-nagranie\/sm1bfb4\" id=\"6480689f-7765-4527-9586-ef9ba9d77512\" rel=\"nofollow noopener\" target=\"_blank\">Ryanair<\/a> z Majorki do Warszawy. Jak opisuje &#8222;Gazeta Wyborcza&#8221;, chodzi o pasa\u017cer\u00f3w lotu FR6144 i tylko o mieszka\u0144c\u00f3w powiatu k\u0142odzkiego. \u2014 Otrzymali\u015bmy pismo z Olsztyna, \u017ce tam by\u0142o zachorowanie na WZW A \u2014 przekaza\u0142 portalowi sanepid. Jak dodano, choroba ta ma bardzo d\u0142ugi okres inkubacji i dopiero teraz mog\u0105 pojawi\u0107 si\u0119 jej objawy.<\/p>\n<p>        Sanepid szuka pasa\u017cer\u00f3w Ryanaira. Mogli zakazi\u0107 si\u0119 wirusem WZW A<\/p>\n<p class=\"article-p\" data-section=\"detail-body\"><a href=\"https:\/\/www.fakt.pl\/wydarzenia\/epidemia-zoltaczki-w-gorzowie-kolejne-przedszkola-zamkniete\/89ecfhw\" id=\"d8c95f29-c428-47b4-9edd-45164b21b81b\" rel=\"nofollow noopener\" target=\"_blank\">Wirusowe Zapalenie W\u0105troby typu A (WZW A)<\/a>, zwane inaczej \u017c\u00f3\u0142taczk\u0105 pokarmow\u0105 lub &#8222;chorob\u0105 brudnych r\u0105k&#8221;, to ostra choroba zaka\u017ana wywo\u0142ywana przez wirusa HAV. Do zaka\u017cenia najcz\u0119\u015bciej dochodzi drog\u0105 pokarmow\u0105, jedz\u0105c brudnymi r\u0119kami lub spo\u017cywaj\u0105c ska\u017con\u0105 \u017cywno\u015b\u0107. Rzadziej mo\u017cna zarazi\u0107 si\u0119 przez kontakt z krwi\u0105 osoby chorej lub drog\u0105 p\u0142ciow\u0105. Objawy pojawiaj\u0105 si\u0119 po 15-50 dniach od zaka\u017cenia i pocz\u0105tkowo przypominaj\u0105 gryp\u0119. P\u00f3\u017aniej mog\u0105 pojawi\u0107 si\u0119 tak\u017ce nudno\u015bci, brak apetytu, zgaga, wzd\u0119cia, ciemny mocz, blady stolec i charakterystyczne dla tej choroby za\u017c\u00f3\u0142cenie sk\u00f3ry, oczu i b\u0142on \u015bluzowych.<\/p>\n<p class=\"article-p\" data-section=\"detail-body\">Z epidemi\u0105 zaka\u017ce\u0144 WZW A mierz\u0105 si\u0119 obecnie Czechy. W Polsce tak\u017ce zanotowano w ostatnim czasie wzrost liczby zachorowa\u0144 na \u017c\u00f3\u0142taczk\u0119. <a href=\"https:\/\/www.fakt.pl\/pieniadze\/niebezpieczny-wirus-atakuje-przy-polskiej-granicy-lekarka-ostrzega-podroznych\/571dy6q\" id=\"3d26d152-2518-4533-99b0-0de55c7f5e8d\" rel=\"nofollow noopener\" target=\"_blank\">Do ko\u0144ca pa\u017adziernika zg\u0142oszono 731 przypadk\u00f3w, czyli niemal trzy razy wi\u0119cej ni\u017c w poprzednim roku<\/a>. <\/p>\n<p class=\"article-p\" data-section=\"detail-body\">Przedstawiciel Powiatowej Stacji Sanitarno-Epidemiologicznej w K\u0142odzku w rozmowie z &#8222;Wyborcz\u0105&#8221; wskazuje, \u017ce na razie nie ma powod\u00f3w do niepokoju, poniewa\u017c jak dot\u0105d nie wykryto zaka\u017ce\u0144 na terenie powiatu k\u0142odzkiego, ale &#8222;lepiej dmucha\u0107 na zimne&#8221;.<\/p>\n<p class=\"article-p\" data-section=\"detail-body\">\u2014 Linie lotnicze nie uzyska\u0142y adres\u00f3w wszystkich os\u00f3b, kt\u00f3re lecia\u0142y tym samolotem i dlatego informacja jest rozsy\u0142ana na ca\u0142\u0105 Polsk\u0119 \u2014 przekaza\u0142 &#8222;Wyborczej&#8221; k\u0142odzki sanepid.<\/p>\n<p class=\"article-p\" data-section=\"detail-body\">Mieszka\u0144cy powiatu k\u0142odzkiego, kt\u00f3rzy 23 pa\u017adziernika podr\u00f3\u017cowali lotem numer FR6144, powinni skontaktowa\u0107 si\u0119 z PSSE w K\u0142odzku, dzwoni\u0105c pod numer telefonu 74 867 35 26, wew. 28. Pozostali pasa\u017cerowie tego lotu mog\u0105 zg\u0142osi\u0107 si\u0119 do stacji sanitarno-epidemiologicznych w swoich powiatach.<\/p>\n<p class=\"article-p\" data-section=\"detail-body\">(\u0179r\u00f3d\u0142o: Gazeta Wyborcza)<\/p>\n","protected":false},"excerpt":{"rendered":"Powiatowa Stacja Sanitarno-Epidemiologiczna w K\u0142odzku w \u015brod\u0119, 3 grudnia zaapelowa\u0142a o kontakt do os\u00f3b, kt\u00f3re 23 pa\u017adziernika lecia\u0142y&hellip;\n","protected":false},"author":2,"featured_media":136850,"comment_status":"","ping_status":"","sticky":false,"template":"","format":"standard","meta":{"footnotes":""},"categories":[12],"tags":[32,33,36,37,27,34,35,28,31,25,42,38,40,39,41,29,30,26],"class_list":{"0":"post-136849","1":"post","2":"type-post","3":"status-publish","4":"format-standard","5":"has-post-thumbnail","7":"category-polska","8":"tag-breaking-news","9":"tag-breakingnews","10":"tag-featured-news","11":"tag-featurednews","12":"tag-headlines","13":"tag-latest-news","14":"tag-latestnews","15":"tag-naglowki","16":"tag-najwazniejsze-artykuly","17":"tag-news","18":"tag-pl","19":"tag-poland","20":"tag-polish","21":"tag-polska","22":"tag-polski","23":"tag-top-stories","24":"tag-topstories","25":"tag-wiadomosci"},"share_on_mastodon":{"url":"https:\/\/pubeurope.com\/@pl\/115675823190208156","error":""},"_links":{"self":[{"href":"https:\/\/www.europesays.com\/pl\/wp-json\/wp\/v2\/posts\/136849","targetHints":{"allow":["GET"]}}],"collection":[{"href":"https:\/\/www.europesays.com\/pl\/wp-json\/wp\/v2\/posts"}],"about":[{"href":"https:\/\/www.europesays.com\/pl\/wp-json\/wp\/v2\/types\/post"}],"author":[{"embeddable":true,"href":"https:\/\/www.europesays.com\/pl\/wp-json\/wp\/v2\/users\/2"}],"replies":[{"embeddable":true,"href":"https:\/\/www.europesays.com\/pl\/wp-json\/wp\/v2\/comments?post=136849"}],"version-history":[{"count":0,"href":"https:\/\/www.europesays.com\/pl\/wp-json\/wp\/v2\/posts\/136849\/revisions"}],"wp:featuredmedia":[{"embeddable":true,"href":"https:\/\/www.europesays.com\/pl\/wp-json\/wp\/v2\/media\/136850"}],"wp:attachment":[{"href":"https:\/\/www.europesays.com\/pl\/wp-json\/wp\/v2\/media?parent=136849"}],"wp:term":[{"taxonomy":"category","embeddable":true,"href":"https:\/\/www.europesays.com\/pl\/wp-json\/wp\/v2\/categories?post=136849"},{"taxonomy":"post_tag","embeddable":true,"href":"https:\/\/www.europesays.com\/pl\/wp-json\/wp\/v2\/tags?post=136849"}],"curies":[{"name":"wp","href":"https:\/\/api.w.org\/{rel}","templated":true}]}}