{"id":136851,"date":"2025-12-07T02:02:14","date_gmt":"2025-12-07T02:02:14","guid":{"rendered":"https:\/\/www.europesays.com\/pl\/136851\/"},"modified":"2025-12-07T02:02:14","modified_gmt":"2025-12-07T02:02:14","slug":"skoki-narciarskie-piotr-zyla-najlepszym-z-polakow-w-wisle","status":"publish","type":"post","link":"https:\/\/www.europesays.com\/pl\/136851\/","title":{"rendered":"Skoki narciarskie: Piotr \u017by\u0142a najlepszym z Polak\u00f3w w Wi\u015ble"},"content":{"rendered":"<p class=\"typography ids-typeset-body ids-typeset-body--preset-large link paragraph ids-paragraph ids-paragraph--default\">W serii pr\u00f3bnej Polacy byli do\u015b\u0107 r\u00f3wni, ale nie b\u0142ysn\u0119li. Zaj\u0119li miejsca w przedziale 22-32. Najlepszym z nich by\u0142 Maciej Kot, a najgorszym Dawid Kubacki, ale ich noty oddzieli\u0142o zaledwie 6,1 punktu. <a href=\"https:\/\/sport.interia.pl\/skoki-narciarskie\/news-hoerl-juz-pierwszy-w-wisle-reprezentanci-polski-znowu-nie-bl,nId,22464528\" target=\"_self\" rel=\"nofollow noopener\">Na lokatach pomi\u0119dzy nimi uplasowali si\u0119 Kacper Tomasiak, Piotr \u017by\u0142a i Pawe\u0142 W\u0105sek<\/a>. Przypomnijmy, \u017ce w zawodach nie ogl\u0105dali\u015bmy Kamila Stocha, Aleksandra Zniszczo\u0142a, Adama Ni\u017cnika, Klemensa Joniaka i Jakuba Wolnego &#8211; ta pi\u0105tka nie przebrn\u0119\u0142a kwalifikacji.<\/p>\n<p class=\"typography ids-typeset-body ids-typeset-body--preset-large link paragraph ids-paragraph ids-paragraph--default\">Konkurs zacz\u0105\u0142 si\u0119 punktualnie o 14:45. Otwiera\u0142 go w\u0142a\u015bnie Kot, ale 120,5 metra wydaje si\u0119 by\u0107 poni\u017cej jego obecnych mo\u017cliwo\u015bci i nie dawa\u0142o zbytniej pewno\u015bci, czy uda si\u0119 wskoczy\u0107 mu do drugiej serii. P\u00f3\u0142tora metra wi\u0119cej osi\u0105gn\u0105\u0142 Pawe\u0142 W\u0105sek, ale po l\u0105dowaniu odjecha\u0142a mu lewa narta, co poskutkowa\u0142o gorszymi ocenami od s\u0119dzi\u00f3w i strat\u0119 0,7 pkt do Kota. Rozdzieli\u0142 ich za chwil\u0119 Japo\u0144czyk Tomofumi Naito.<\/p>\n<p class=\"typography ids-typeset-body ids-typeset-body--preset-large link paragraph ids-paragraph ids-paragraph--default\">Trzecim z &#8222;Bia\u0142o-Czerwonych&#8221; na rozbiegu by\u0142 Piotr \u017by\u0142a. 123,5 m i naprawd\u0119 \u0142adne l\u0105dowanie, kt\u00f3re przecie\u017c nie jest u niego standardem, oznacza\u0142y obj\u0119cie prowadzenia o 0,8 pkt nad Kevinem Bicknerem. Wyprzedzi\u0142 go dopiero Halvor Egner Granerud, kt\u00f3ry dosta\u0142 wy\u017csze noty.<\/p>\n<p class=\"typography ids-typeset-body ids-typeset-body--preset-large link paragraph ids-paragraph ids-paragraph--default\">\u017by\u0142a jako pierwszy z Polak\u00f3w oficjalnie awansowa\u0142 do drugiej serii. Ta sztuka uda\u0142a si\u0119 tak\u017ce Dawidowi Kubackiemu, kt\u00f3ry osi\u0105gn\u0105\u0142 123. metry. Metr wcze\u015bniej wyl\u0105dowa\u0142 Kacper Tomasiak, co r\u00f3wnie\u017c zapewni\u0142o mu awans do drugiej serii, ale z jednej z ostatnich pozycji. 18-latek by\u0142 za \u017by\u0142\u0105 i Kubackim.<\/p>\n<p>Nieudana sobota w Wi\u015ble. Ledwie trzech Polak\u00f3w w drugiej serii<\/p>\n<p class=\"typography ids-typeset-body ids-typeset-body--preset-large link paragraph ids-paragraph ids-paragraph--default\">Niestety do drugiej serii nie awansowa\u0142 polski duet: Kot &#8211; W\u0105sek. Szans\u0119 rywalizacji o punkty mieli ju\u017c tylko: Tomasiak, Kubacki oraz \u017by\u0142a. Najlepiej spisa\u0142 si\u0119 Domen Prevc, kt\u00f3ry popisa\u0142 si\u0119 lotem a\u017c na odleg\u0142o\u015b\u0107 136. metr\u00f3w. S\u0142oweniec po pierwszej serii prowadzi\u0142 z przewag\u0105 niespe\u0142na pi\u0119ciu oczek.<\/p>\n<p class=\"typography ids-typeset-body ids-typeset-body--preset-large link paragraph ids-paragraph ids-paragraph--default\">Przed drug\u0105 seri\u0105 jury podnios\u0142o belk\u0119 o jeden stopie\u0144, bo skoki w pierwszej ods\u0142onie zbyt dalekie nie by\u0142y. Skorzysta\u0142 z tej decyzji Kacper Tomasiak, kt\u00f3ry w bardzo trudnych warunkach osi\u0105gn\u0105\u0142 123. metry. Ten skok pozwala\u0142 mu wierzy\u0107, \u017ce awansuje o kilka pozycji w ko\u0144cowej klasyfikacji.<\/p>\n<p class=\"typography ids-typeset-body ids-typeset-body--preset-large link paragraph ids-paragraph ids-paragraph--default\">Tomasiak faktycznie si\u0119 przesun\u0105\u0142 w g\u00f3r\u0119, ale niestety sta\u0142o si\u0119 to kosztem, cho\u0107by Dawida Kubackiego, kt\u00f3ry w trudnych warunkach sobie nie poradzi\u0142 i osi\u0105gn\u0105\u0142 ledwie 119. metr\u00f3w. Tomasiaka i Kubackiego spokojnie wyprzedzi\u0142 Piotr \u017by\u0142a. Nasz dwukrotny mistrz \u015bwiata wyl\u0105dowa\u0142 na odleg\u0142o\u015bci 126,5. metra.<\/p>\n<p class=\"typography ids-typeset-body ids-typeset-body--preset-large link paragraph ids-paragraph ids-paragraph--default\">Taki rezultat dawa\u0142 \u017byle najlepszy wynik w tym sezonie (dotychczas by\u0142o to miejsce 19 przyp. red.). Po skoku \u017by\u0142a pokazywa\u0142 naprawd\u0119 du\u017ce oznaki rado\u015bci, krzycz\u0105c do kamery. Ostatecznie ta pr\u00f3ba pozwoli\u0142a mu awansowa\u0107 do pierwszej po\u0142owy klasyfikacji ko\u0144cowej konkursu na skoczni imienia Adama Ma\u0142ysza.<\/p>\n<p class=\"typography ids-typeset-body ids-typeset-body--preset-large link paragraph ids-paragraph ids-paragraph--default\">O zwyci\u0119stwo w Wi\u015ble bili si\u0119 tym razem Anze Lanisek, kt\u00f3ry wyl\u0105dowa\u0142 na odleg\u0142o\u015bci 123. metr\u00f3w i wyszed\u0142 na prowadzenie. Zaraz po nim w tym samym miejscu sw\u00f3j skok zako\u0144czy\u0142 Kobayashi, kt\u00f3ry wyprzedzi\u0142 S\u0142owe\u0144ca. Ta sztuka nie uda\u0142a si\u0119 Danielowi Tschofenigowi. Japo\u0144czyka pokona\u0142 jednak Philipp Raimund, kt\u00f3ry osi\u0105gn\u0105\u0142 130,5. metra.<\/p>\n<p class=\"typography ids-typeset-body ids-typeset-body--preset-large link paragraph ids-paragraph ids-paragraph--default\">Na g\u00f3rze skoczni pozosta\u0142 ju\u017c w\u00f3wczas tylko Domen Prevc, kt\u00f3ry pogodzi\u0142 wszystkich marz\u0105cych o wygranej. S\u0142oweniec w pi\u0119knym stylu i w trudnych warunkach osi\u0105gn\u0105\u0142 130. metr\u00f3w. Ta pr\u00f3ba zapewni\u0142a mu zwyci\u0119stwo z przewag\u0105 prawie siedmiu punkt\u00f3w nad drugim Raimundem.<\/p>\n<p>Wyniki sobotniego konkursu Pucharu \u015awiata w Wi\u015ble:<\/p>\n<p class=\"typography ids-typeset-body ids-typeset-body--preset-large link paragraph ids-paragraph ids-paragraph--default\">1. Domen Prevc &#8211; 286.2 pkt<\/p>\n<p class=\"typography ids-typeset-body ids-typeset-body--preset-large link paragraph ids-paragraph ids-paragraph--default\">2. Philipp Raimund &#8211; 279.4 pkt<\/p>\n<p class=\"typography ids-typeset-body ids-typeset-body--preset-large link paragraph ids-paragraph ids-paragraph--default\">3. Ryoyu Kobayashi &#8211; 267.2 pkt<\/p>\n<p class=\"typography ids-typeset-body ids-typeset-body--preset-large link paragraph ids-paragraph ids-paragraph--default\">&#8230;<br \/>14. Piotr \u017by\u0142a &#8211; 254.9 pkt<\/p>\n<p class=\"typography ids-typeset-body ids-typeset-body--preset-large link paragraph ids-paragraph ids-paragraph--default\">25. Kacper Tomasiak &#8211; 244.8 pkt<\/p>\n<p class=\"typography ids-typeset-body ids-typeset-body--preset-large link paragraph ids-paragraph ids-paragraph--default\">26. Dawid Kubacki &#8211; 239.7 pkt<\/p>\n<p class=\"typography ids-typeset-body ids-typeset-body--preset-large link paragraph ids-paragraph ids-paragraph--default\">31. Maciej Kot &#8211; 117.0 pkt<\/p>\n<p class=\"typography ids-typeset-body ids-typeset-body--preset-large link paragraph ids-paragraph ids-paragraph--default\">34. Pawe\u0142 W\u0105sek &#8211; 116.3 pkt<\/p>\n<ul class=\"typography ids-typeset-body ids-typeset-body--preset-small list--article-list ids-list ids-list--unordered ids-list--size-small \" datatype=\"disc\">\n<li class=\"ids-list-item ids-list-item__content brief-list-item\"><a class=\"ids-undecorated-link link ids-link \" data-spons=\"false\" href=\"https:\/\/sport.interia.pl\/skoki-narciarskie\/news-koszmar-kamila-stocha-w-wisle-sensacyjne-rozstrzygniecie-na,nId,22464421\" rel=\"nofollow noopener\" target=\"_blank\">Koszmar Kamila Stocha w Wi\u015ble. Sensacyjne rozstrzygni\u0119cie na skoczni imienia Adama Ma\u0142ysza<\/a><\/li>\n<li class=\"ids-list-item ids-list-item__content brief-list-item\"><a class=\"ids-undecorated-link link ids-link \" data-spons=\"false\" href=\"https:\/\/sport.interia.pl\/skoki-narciarskie\/news-kibice-dla-niego-kupili-bilety-a-kamila-stocha-zabraknie-w-k,nId,22464450\" rel=\"nofollow noopener\" target=\"_blank\">Kibice dla niego kupili bilety, a Kamila Stocha zabraknie w konkursie. Mistrz skomentowa\u0142 wpadk\u0119 w Wi\u015ble<\/a><\/li>\n<\/ul>\n<p>Co polscy skoczkowie chcieliby dosta\u0107 od Miko\u0142aja? WIDEOInteria SportINTERIA.TV<\/p>\n<p><img decoding=\"async\" class=\"ids-image-holder__img\" loading=\"lazy\" alt=\"Sportowiec w czerwonej kurtce i czapce udziela wywiadu dziennikarzom po zawodach narciarskich, trzyma narty i plecak. Wok\u00f3\u0142 niego grupka os\u00f3b z mikrofonami oraz aparatami, wszyscy ubrani w zimow\u0105 odzie\u017c.\" title=\"Kacper Tomasiak\" width=\"1600\" height=\"1066\" src=\"https:\/\/www.europesays.com\/pl\/wp-content\/uploads\/2025\/12\/000M1COA9VNOEXJY-C322-F4.webp.webp\"\/><\/p>\n<p>Kacper TomasiakPZNmateria\u0142y prasowe<\/p>\n<p><img decoding=\"async\" class=\"ids-image-holder__img\" loading=\"lazy\" alt=\"Maciej Kot\" title=\"Maciej Kot\" width=\"3886\" height=\"2591\" src=\"https:\/\/www.europesays.com\/pl\/wp-content\/uploads\/2025\/12\/000KR18EPCM6W3O7-C322-F4.webp.webp\"\/><\/p>\n<p>Maciej KotRichard A. Brooks \/ AFPAFP<\/p>\n<p><img decoding=\"async\" class=\"ids-image-holder__img\" loading=\"lazy\" alt=\"M\u0119\u017cczyzna ubrany w czarn\u0105 sportow\u0105 bluz\u0119 i czapk\u0119 z logotypami sponsor\u00f3w udziela wywiadu kilku dziennikarzom, przy jednym ze stoisk medialnych na tle tablicy z logo Orlen i innymi oznaczeniami partner\u00f3w.\" title=\"Maciej Maciusiak\" width=\"5472\" height=\"3648\" src=\"https:\/\/www.europesays.com\/pl\/wp-content\/uploads\/2025\/12\/000M16508NL2IGQB-C322-F4.webp.webp\"\/><\/p>\n<p>Maciej MaciusiakJarek PraszkiewiczPAP<\/p>\n<p><a class=\"ids-undecorated-link source ids-page-info--source__link\" href=\"https:\/\/www.interia.pl\" rel=\"nofollow noopener\" target=\"_blank\"><img decoding=\"async\" class=\"ids-image-holder__img\" loading=\"lazy\" alt=\"\" title=\"\" height=\"24px\" src=\"https:\/\/www.europesays.com\/pl\/wp-content\/uploads\/2025\/12\/1765045941_407_0009A60QQ5I2TYF7-C202-F4.webp.webp\"\/><\/a><\/p>\n<p>Masz sugestie, uwagi albo widzisz b\u0142\u0105d? Napisz do nas<\/p>\n","protected":false},"excerpt":{"rendered":"W serii pr\u00f3bnej Polacy byli do\u015b\u0107 r\u00f3wni, ale nie b\u0142ysn\u0119li. Zaj\u0119li miejsca w przedziale 22-32. Najlepszym z nich&hellip;\n","protected":false},"author":2,"featured_media":136852,"comment_status":"","ping_status":"","sticky":false,"template":"","format":"standard","meta":{"footnotes":""},"categories":[5],"tags":[32,33,36,37,27,34,35,28,31,25,42,38,40,39,41,29,30,26],"class_list":{"0":"post-136851","1":"post","2":"type-post","3":"status-publish","4":"format-standard","5":"has-post-thumbnail","7":"category-naglowki","8":"tag-breaking-news","9":"tag-breakingnews","10":"tag-featured-news","11":"tag-featurednews","12":"tag-headlines","13":"tag-latest-news","14":"tag-latestnews","15":"tag-naglowki","16":"tag-najwazniejsze-artykuly","17":"tag-news","18":"tag-pl","19":"tag-poland","20":"tag-polish","21":"tag-polska","22":"tag-polski","23":"tag-top-stories","24":"tag-topstories","25":"tag-wiadomosci"},"share_on_mastodon":{"url":"https:\/\/pubeurope.com\/@pl\/115675827480732677","error":""},"_links":{"self":[{"href":"https:\/\/www.europesays.com\/pl\/wp-json\/wp\/v2\/posts\/136851","targetHints":{"allow":["GET"]}}],"collection":[{"href":"https:\/\/www.europesays.com\/pl\/wp-json\/wp\/v2\/posts"}],"about":[{"href":"https:\/\/www.europesays.com\/pl\/wp-json\/wp\/v2\/types\/post"}],"author":[{"embeddable":true,"href":"https:\/\/www.europesays.com\/pl\/wp-json\/wp\/v2\/users\/2"}],"replies":[{"embeddable":true,"href":"https:\/\/www.europesays.com\/pl\/wp-json\/wp\/v2\/comments?post=136851"}],"version-history":[{"count":0,"href":"https:\/\/www.europesays.com\/pl\/wp-json\/wp\/v2\/posts\/136851\/revisions"}],"wp:featuredmedia":[{"embeddable":true,"href":"https:\/\/www.europesays.com\/pl\/wp-json\/wp\/v2\/media\/136852"}],"wp:attachment":[{"href":"https:\/\/www.europesays.com\/pl\/wp-json\/wp\/v2\/media?parent=136851"}],"wp:term":[{"taxonomy":"category","embeddable":true,"href":"https:\/\/www.europesays.com\/pl\/wp-json\/wp\/v2\/categories?post=136851"},{"taxonomy":"post_tag","embeddable":true,"href":"https:\/\/www.europesays.com\/pl\/wp-json\/wp\/v2\/tags?post=136851"}],"curies":[{"name":"wp","href":"https:\/\/api.w.org\/{rel}","templated":true}]}}