{"id":136968,"date":"2025-12-07T06:23:15","date_gmt":"2025-12-07T06:23:15","guid":{"rendered":"https:\/\/www.europesays.com\/pl\/136968\/"},"modified":"2025-12-07T06:23:15","modified_gmt":"2025-12-07T06:23:15","slug":"awans-polki-o-70-miejsc-w-rankingu-wta-wygrala-caly-turniej-przeglad-sportowy-onet","status":"publish","type":"post","link":"https:\/\/www.europesays.com\/pl\/136968\/","title":{"rendered":"Awans Polki o 70 miejsc w rankingu WTA! Wygra\u0142a ca\u0142y turniej &#8211; Przegl\u0105d Sportowy Onet"},"content":{"rendered":"<ol>\n<li><a href=\"https:\/\/news.google.com\/rss\/articles\/CBMiqgFBVV95cUxPMmg5dC10QVFOa2dRaVFKMjhEb2NvSmJHU3RWMUdpOTVEQ0xYbmpVVXZFLXhCSG5CMl9EckZMMDVIbTBZTkp6M01pX3BnbTNpYUxkSzNCUEJGYURFS1BOaWkwU0VxUG4xd2JGRjNNMVBNRElXZ3AxQkdrcG1zX2wxUjk2QzJnMUNZNzVkVnFqbW9qYVdQYkJnYkp3MFRTZXNHZTk1NElXc3JtZw?oc=5\" target=\"_blank\" rel=\"nofollow noopener\">Awans Polki o 70 miejsc w rankingu WTA! Wygra\u0142a ca\u0142y turniej<\/a>&nbsp;&nbsp;Przegl\u0105d Sportowy Onet<\/li>\n<li><a href=\"https:\/\/news.google.com\/rss\/articles\/CBMipgFBVV95cUxQX1BNbnFiLVJCWTAwZ0RwNmlibTRTQjhlRGs5ZXFjdEIySnRSVmlYeF9WVXlJZFVtSGppMTBTNEpsa1paQmF2N2pPWnZadmNNWWZTdUlFQ0JOcERWWFJuU1pCX2h3MjNLMHY1b0xpT2F0NHppbm9XTTV1NnNWaV9OOGJYaDJTY1piNkRXS2lSbVNUSzRlVUluQU9IMm1Gc3N4LUtLVTNn?oc=5\" target=\"_blank\" rel=\"nofollow noopener\">Polka da\u0142a popis w finale! To jej najwi\u0119kszy sukces w karierze<\/a>&nbsp;&nbsp;SportoweFakty<\/li>\n<li><a href=\"https:\/\/news.google.com\/rss\/articles\/CBMiowFBVV95cUxPeGxQdTd3TTc2ZnR6VlNaREpGR2lTSnprR1k4UGo2TU1mZ1g2OGNWMGNzQ1JsNzg4OHU1X0VpSXBQeWt4cDNnX1dHY2ltVVhKcTZBb2RlNXFYTXVkclJCSXpSal9xaGdKMm9yR0FqXzZhQmgydUlNSEhxdVVCUGFlYjlvblh2SGhjUkt6NWtNMUx0Zk82c19sUVhzWFljdElDOHVR?oc=5\" target=\"_blank\" rel=\"nofollow noopener\">\u017byciowy sukces polskiej tenisistki! Si\u0119gn\u0119\u0142a po tytu\u0142<\/a>&nbsp;&nbsp;www.polsatsport.pl<\/li>\n<li><a href=\"https:\/\/news.google.com\/rss\/articles\/CBMiugFBVV95cUxPNlVDWWRnWEU4bmpxZThKV29kODUwdEZRcV9nMXBxWUVBYnRycmFnRTNDemxEVDk1cUxUejVRZDlPdTREc2tpbzViRzhjSWZLR0lEbjc0Z0FRSnEwc2ZGUDdvM0p5YTczcjAwOXk3RVQwaWczVmhBRkVSSmdGS3VtNlZtMzh0ZXVINzllb0FpeEdlcjlqbktXNHlUbDZRd1hBczdmNnNndU14c3hBWkdlZzFFOWRNWjB1OXfSAb8BQVVfeXFMT0I4N21uc0FFYndVUUdEdWZMek9vQzF0Ti1icXVGYkRRaWhsSlB5anRjMFVXWXhFQl9KVTQ3bHhLVWl6eXQ3ZkNGVXczOU9ac1Y2UUFoQktvTkxxV0dfYVI1TE9oLWM5ZjVrLXdqYzRVbkl1dUhEWWg1a2ZNb2NZN3VuVUJCLTc2bHoyWjJNSUZZMEw2MHpZVnpUdDdQWmhfclFzMEswcGxCNFZqSDVJRExvYW8xYlFmdDJTT0cySWs?oc=5\" target=\"_blank\" rel=\"nofollow noopener\">Martyna Kubka wywalczy\u0142a tytu\u0142 we W\u0142oszech. Historyczny wynik polskiej tenisistki<\/a>&nbsp;&nbsp;sport.tvp.pl<\/li>\n<li><a href=\"https:\/\/news.google.com\/rss\/articles\/CBMipAFBVV95cUxPT1JydXNXUHZSbmdKaTJoTWtxbjRQeVdCUDQzU25kd2NnR3pOcGhlaTZlLXA4VUZ5c2cyV2pDTGRJVzU3aDVicG5Zb005VUJGalprcXVRa19jRl9QUnd0cjMxZDBQdENSNVpGM09zTWtTWUl4WWFlcVBlckc4YWlfQUx3VzN0Q1p0Y2lqSzQxYnBUZUlRQ0x5OTJjekFNWXlJOXhsVw?oc=5\" target=\"_blank\" rel=\"nofollow noopener\">\u017byciowy sukces polskiej tenisistki! Niemka na kolanach Tenis<\/a>&nbsp;&nbsp;Sport.pl<\/li>\n<\/ol>\n","protected":false},"excerpt":{"rendered":"Awans Polki o 70 miejsc w rankingu WTA! Wygra\u0142a ca\u0142y turniej&nbsp;&nbsp;Przegl\u0105d Sportowy Onet Polka da\u0142a popis w finale!&hellip;\n","protected":false},"author":2,"featured_media":136969,"comment_status":"","ping_status":"","sticky":false,"template":"","format":"standard","meta":{"footnotes":""},"categories":[24],"tags":[67,14105,23103,42,38,40,39,41,136,128,47,127,135,126,156,28306],"class_list":{"0":"post-136968","1":"post","2":"type-post","3":"status-publish","4":"format-standard","5":"has-post-thumbnail","7":"category-sport","8":"tag-intextvideo_splayer","9":"tag-itf","10":"tag-martyna_kubka","11":"tag-pl","12":"tag-poland","13":"tag-polish","14":"tag-polska","15":"tag-polski","16":"tag-ps_detal_new","17":"tag-psv2","18":"tag-screening_general","19":"tag-sport","20":"tag-sport_sport","21":"tag-sports","22":"tag-tenis","23":"tag-urszula_radwanska"},"share_on_mastodon":{"url":"https:\/\/pubeurope.com\/@pl\/115676853244608854","error":""},"_links":{"self":[{"href":"https:\/\/www.europesays.com\/pl\/wp-json\/wp\/v2\/posts\/136968","targetHints":{"allow":["GET"]}}],"collection":[{"href":"https:\/\/www.europesays.com\/pl\/wp-json\/wp\/v2\/posts"}],"about":[{"href":"https:\/\/www.europesays.com\/pl\/wp-json\/wp\/v2\/types\/post"}],"author":[{"embeddable":true,"href":"https:\/\/www.europesays.com\/pl\/wp-json\/wp\/v2\/users\/2"}],"replies":[{"embeddable":true,"href":"https:\/\/www.europesays.com\/pl\/wp-json\/wp\/v2\/comments?post=136968"}],"version-history":[{"count":0,"href":"https:\/\/www.europesays.com\/pl\/wp-json\/wp\/v2\/posts\/136968\/revisions"}],"wp:featuredmedia":[{"embeddable":true,"href":"https:\/\/www.europesays.com\/pl\/wp-json\/wp\/v2\/media\/136969"}],"wp:attachment":[{"href":"https:\/\/www.europesays.com\/pl\/wp-json\/wp\/v2\/media?parent=136968"}],"wp:term":[{"taxonomy":"category","embeddable":true,"href":"https:\/\/www.europesays.com\/pl\/wp-json\/wp\/v2\/categories?post=136968"},{"taxonomy":"post_tag","embeddable":true,"href":"https:\/\/www.europesays.com\/pl\/wp-json\/wp\/v2\/tags?post=136968"}],"curies":[{"name":"wp","href":"https:\/\/api.w.org\/{rel}","templated":true}]}}