{"id":137031,"date":"2025-12-07T08:00:19","date_gmt":"2025-12-07T08:00:19","guid":{"rendered":"https:\/\/www.europesays.com\/pl\/137031\/"},"modified":"2025-12-07T08:00:19","modified_gmt":"2025-12-07T08:00:19","slug":"sw-nawrocki-chroni-kryptowaluciarzy-braun-spiskuje-z-pisowcami-kaczynski-za-trzymaniem-psow-na-lancuchach-2","status":"publish","type":"post","link":"https:\/\/www.europesays.com\/pl\/137031\/","title":{"rendered":"&#8222;SW&#8221;. Nawrocki chroni kryptowaluciarzy. Braun spiskuje z pisowcami. Kaczy\u0144ski za trzymaniem ps\u00f3w na \u0142a\u0144cuchach"},"content":{"rendered":"<p>Wiemy, \u017ce Sakiewicz i jego prawa r\u0119ka Micha\u0142 Racho\u0144 przy okazji <a href=\"https:\/\/wiadomosci.onet.pl\/tylko-w-onecie\/rzadowe-echa-wizyty-nawrockiego-w-usa-bez-wtopy-choc-widac-amatorszczyzne\/ddrjxt4\" id=\"60a0be2e-1467-4fd0-a14b-98e126c183f6\" rel=\"nofollow noopener\" target=\"_blank\">wrze\u015bniowej wizyty Nawrockiego w USA<\/a> urwali si\u0119 na konferencj\u0119 z lud\u017ami Trumpa, sponsorowan\u0105 przez Krala, kt\u00f3ry pr\u00f3buje wej\u015b\u0107 na ameryka\u0144ski rynek. By\u0142 na niej m.in. Steve Bannon, bliski cz\u0142owiek Trumpa i jeden z ideolog\u00f3w jego ruchu MAGA.<\/p>\n<p>Na razie Kral siedzi w Monako, bo woli nie pojawia\u0107 si\u0119 w Polsce, w obawie przed zatrzymaniem. Wi\u0119c Sakiewicz je\u017adzi do Monako na jego koszt.<\/p>\n<p class=\"Paragraph_desktopParagraph__U31Gm\">\u017beby dobrze zrozumie\u0107 kontrowersje dotycz\u0105ce polskiego rynku kryptowalut i powi\u0105zania jego boss\u00f3w z politykami, trzeba si\u0119 cofn\u0105\u0107 o ponad dekad\u0119.<\/p>\n<p class=\"Paragraph_desktopParagraph__U31Gm\"><a href=\"https:\/\/wiadomosci.onet.pl\/slask\/poszukiwania-krola-bitcoinow-milioner-ze-slaska-zbil-fortune-i-przepadl\/1yqn1rk\" id=\"b01e2215-d130-4d6e-a490-d23687868c51\" rel=\"nofollow noopener\" target=\"_blank\">Pierwszym kr\u00f3lem kryptowalut by\u0142 Sylwester Suszek, niespe\u0142na 30-latek ze \u015al\u0105ska<\/a>. To on w 2014 r. \u2014 w czasach, gdy bitcoin by\u0142 w Polsce fanaberi\u0105, a nie alternatyw\u0105 dla oszcz\u0119dzania w banku czy grania na gie\u0142dzie \u2014 zdecydowa\u0142 si\u0119 zbudowa\u0107 pierwsz\u0105 polsk\u0105 platform\u0119 wymiany kryptowalut. Nazwa\u0142 j\u0105 BitBay.<\/p>\n<p class=\"Paragraph_desktopParagraph__U31Gm\">Ekspresowo dorobi\u0142 si\u0119 dziesi\u0105tek milion\u00f3w i zacz\u0105\u0142 si\u0119 z tym obnosi\u0107. Mia\u0142 ogromny maj\u0105tek \u2014 luksusowe nieruchomo\u015bci, najdro\u017csze auta, prywatny helikopter. Chwali\u0142 si\u0119 tym, \u017ce planuje wzniesienie &#8222;Suszek Tower&#8221; w Katowicach.<\/p>\n<p><img decoding=\"async\" class=\"Image_image__0tuHp Image_autoHeight__f2n87 \" height=\"582\" width=\"940\" src=\"https:\/\/www.europesays.com\/pl\/wp-content\/uploads\/2025\/12\/TpKk9kpTURBXy83YTEyZDY1NDAwZWU5YjhlZjZlOWM1NjlhMmJhZGRmMi5qcGeSlQLNA6wAwsOVAgDNAkvCw94AA6EwAaExAaEzw.jpeg\" alt=\"Sylwester Suszek\" loading=\"lazy\" \/>Policja \u015al\u0105ska \/ Policja \u015al\u0105ska<\/p>\n<p>Sylwester Suszek<\/p>\n<p class=\"Paragraph_desktopParagraph__U31Gm\">Szybko okaza\u0142o si\u0119, \u017ce wizerunek m\u0142odego milionera jest mocno lukrowany. W\u015br\u00f3d udzia\u0142owc\u00f3w BitBaya byli bowiem ludzie z kryminaln\u0105 przesz\u0142o\u015bci\u0105.<\/p>\n<p class=\"Paragraph_desktopParagraph__U31Gm\">Jeden z nich mia\u0142 bra\u0107 udzia\u0142 w porwaniu i pomocy w morderstwie \u015bl\u0105skiego biznesmena. Inny kierowa\u0142 grupami przest\u0119pczymi zajmuj\u0105cymi si\u0119 wy\u0142udzaniem VAT. To pokazywa\u0142o, \u017ce rynek kryptowalut znajduje si\u0119 w zainteresowaniu przest\u0119pc\u00f3w. Do dzi\u015b s\u0105 tacy, kt\u00f3rzy uwa\u017caj\u0105, \u017ce BitBay by\u0142 wykorzystywany przez \u015bl\u0105sk\u0105 mafi\u0119 do prania pieni\u0119dzy. I \u017ce cz\u0119\u015b\u0107 \u015brodk\u00f3w wykorzystywanych na rozruch gie\u0142dy mog\u0142a pochodzi\u0107 z szemranych \u017ar\u00f3de\u0142.<\/p>\n<p class=\"Paragraph_desktopParagraph__U31Gm\"><a href=\"https:\/\/wiadomosci.onet.pl\/kraj\/tajemnice-gieldy-kryptowalut-w-tle-oferta-lapowki-dla-dziennikarza-tvn\/enhgnmm\" id=\"75d0f0ab-0e45-41b1-90a5-c56f3506b66d\" rel=\"nofollow noopener\" target=\"_blank\">Dziennikarze &#8222;Superwizjera TVN&#8221;, kt\u00f3rzy zajmowali si\u0119 BitBayem w czasach Suszka, opowiadali, \u017ce dostali propozycj\u0119 \u0142ap\u00f3wki<\/a> \u2014 milion z\u0142otych za odpuszczenie tematu.<\/p>\n<p>Do dzi\u015b nie wiadomo co si\u0119 sta\u0142o z kryptokr\u00f3lem. Porwanie, zab\u00f3jstwo albo ucieczka <\/p>\n<p class=\"Paragraph_desktopParagraph__U31Gm\">To k\u0142\u00f3ci si\u0119 z sielankowymi opowie\u015bciami, kt\u00f3re kr\u00f3l bitcoina kre\u015bli\u0142 w mediach biznesowych, staraj\u0105c si\u0119 przekonywa\u0107, \u017ce do wszystkiego doszed\u0142 dzi\u0119ki talentowi, przedsi\u0119biorczo\u015bci i ci\u0119\u017ckiej pracy po 20 godzin na dob\u0119.<\/p>\n<p class=\"Paragraph_desktopParagraph__U31Gm\">Ale te\u017c kontrowersje nie przeszkadza\u0142y Suszkowi w biznesach. BitBay stawa\u0142 si\u0119 coraz wi\u0119kszy. Platforma przyci\u0105ga\u0142a rosn\u0105c\u0105 liczb\u0119 u\u017cytkownik\u00f3w, rozszerza\u0142a ofert\u0119, a\u017c w ko\u0144cu sta\u0142a si\u0119 najwi\u0119ksz\u0105 polsk\u0105 gie\u0142d\u0105 kryptowalut.<\/p>\n<p class=\"Paragraph_desktopParagraph__U31Gm\">Jednak do czasu. Na pocz\u0105tku 2018 r. Komisja Nadzoru Finansowego wpisa\u0142a BitBay na list\u0119 ostrze\u017ce\u0144 i z\u0142o\u017cy\u0142a do prokuratury zawiadomienie o pope\u0142nieniu przez sp\u00f3\u0142k\u0119 przest\u0119pstwa \u2014 nieuprawnionego prowadzenia dzia\u0142alno\u015bci w zakresie \u015bwiadczenia us\u0142ug p\u0142atniczych. Jak podawa\u0142 &#8222;Forbes&#8221;, w\u00f3wczas wszystkie polskie banki wypowiedzia\u0142y umow\u0119 na prowadzenie rachunk\u00f3w gie\u0142dy. W efekcie Suszek przeni\u00f3s\u0142 j\u0105 na Malt\u0119, a nast\u0119pnie do Estonii.<\/p>\n<p class=\"Paragraph_desktopParagraph__U31Gm\">I w\u0142a\u015bnie wtedy dosz\u0142o do nag\u0142ej zmiany biznesowej. W firmie pojawi\u0142 si\u0119 inwestor z Ameryki, a Suszek zosta\u0142 wypchni\u0119ty z interesu przez swego zaufanego prawnika \u2014 wspomnianego Przemys\u0142awa Krala.<\/p>\n<p class=\"Paragraph_desktopParagraph__U31Gm\">To by\u0142 moment symboliczny: koniec pionierskiej ery BitBay i pr\u00f3ba ucieczki do przodu przed k\u0142opotami.<\/p>\n<p class=\"Paragraph_desktopParagraph__U31Gm\">Wedle tej logiki kilka miesi\u0119cy p\u00f3\u017aniej \u2014 w listopadzie 2021 r. \u2014 firma oficjalnie zmieni\u0142a nazw\u0119 na Zonda, a potem Zondacrypto. Jak t\u0142umaczyli nowi zarz\u0105dcy, rebranding mia\u0142 odzwierciedla\u0107 zmiany. Nowy w\u0142a\u015bciciel zapowiada\u0142 rozszerzenie dzia\u0142alno\u015bci gie\u0142dy \u2014 ju\u017c nie jako zwyk\u0142ej platformy kryptowalutowej, ale jako fintechu oferuj\u0105cego r\u00f3\u017cne us\u0142ugi cyfrowe.<\/p>\n<p class=\"Paragraph_desktopParagraph__U31Gm\">Kral, kt\u00f3ry zosta\u0142 prezesem Zondacrypto, zadeklarowa\u0142, \u017ce b\u0119dzie prowadzi\u0142 firm\u0119 transparentnie.<\/p>\n<p><img decoding=\"async\" class=\"Image_image__0tuHp Image_autoHeight__f2n87 \" height=\"587\" width=\"387\" src=\"https:\/\/www.europesays.com\/pl\/wp-content\/uploads\/2025\/12\/fZbk9kpTURBXy85ZmQ0MjhlOTI2YTRjMzYzZTU3ZWY1ZjUyNzIwNDY1ZS5qcGeSlQLNA6wAwsOVAgDNAkvCw94AA6EwAaExAaEzw.jpeg\" alt=\"Przemys\u0142aw Kral\" loading=\"lazy\" \/>Zondacrypto \/ zondacrypto<\/p>\n<p>Przemys\u0142aw Kral<\/p>\n<p class=\"Paragraph_desktopParagraph__U31Gm\">Tak umar\u0142 BitBay, urodzi\u0142a si\u0119 Zondacrypto \u2014 firma zachowa\u0142a techniczn\u0105 ci\u0105g\u0142o\u015b\u0107, ale zmieni\u0142a nazw\u0119 i w\u0142a\u015bcicieli. To mia\u0142 by\u0107 spos\u00f3b na odci\u0119cie si\u0119 przesz\u0142o\u015bci i budow\u0119 nowej reputacji. Ale przesz\u0142o\u015b\u0107 nie da\u0142a o sobie zapomnie\u0107. Raptem kilka miesi\u0119cy po odej\u015bciu Suszka i nastaniu Krala dosz\u0142o do dramatycznych wydarze\u0144.<\/p>\n<p class=\"Paragraph_desktopParagraph__U31Gm\">By\u0142 czwartek 10 marca 2022 r. Suszek pojecha\u0142 na spotkanie biznesowe. Mia\u0142o raczej lu\u017any charakter, bo za\u0142o\u017cy\u0142 jeansy i bluz\u0119. Przyjecha\u0142 na jedn\u0105 z prywatnych stacji benzynowych w Czeladzi, przy trasie w kierunku Katowic. Bywa\u0142 tam wcze\u015bniej, bo tankowa\u0142 w tym miejscu sw\u00f3j helikopter. Spotkanie zako\u0144czy\u0142o si\u0119 ok. godz. 15. <a href=\"https:\/\/wiadomosci.onet.pl\/kraj\/tajemnicze-zaginiecie-polskiego-krola-bitcoinow-podejrzany-wciaz-na-wolnosci\/lh0157r\" id=\"1898642f-87bb-4bb6-8d38-40bcd816ee47\" rel=\"nofollow noopener\" target=\"_blank\">P\u00f3\u017aniej Suszek przepad\u0142<\/a>. Jego telefon zamilk\u0142, za\u015b kamery na miejscu ostatniego spotkania akurat tego dnia nie zadzia\u0142a\u0142y.<\/p>\n<p><img decoding=\"async\" class=\"Image_image__0tuHp Image_autoHeight__f2n87 \" height=\"587\" width=\"782\" src=\"https:\/\/www.europesays.com\/pl\/wp-content\/uploads\/2025\/12\/p3Zk9kpTURBXy9jNzQ5ZDQ4MTg4M2Q1YTMwYmI0YmIwNzcwZDdkMzExNS5qcGeTlQMAAM0PoM0LuJUCzQOsAMLDlQIAzQJLwsPeA.jpeg\" alt=\"Czelad\u017a, ul. Wiosenna. Tu Sylwester Suszek by\u0142 widziany po raz ostatni\" loading=\"lazy\" \/>Pawe\u0142 Pawlik \/ Onet<\/p>\n<p>Czelad\u017a, ul. Wiosenna. Tu Sylwester Suszek by\u0142 widziany po raz ostatni<\/p>\n<p class=\"Paragraph_desktopParagraph__U31Gm\">Rodzina zaginionego by\u0142a szoku. By\u0142y r\u00f3\u017cne hipotezy: od porwania, przez zab\u00f3jstwo, po ucieczk\u0119. Do dzi\u015b nie wiadomo co si\u0119 sta\u0142o: nie ma ani Suszka, ani jego cia\u0142a.<\/p>\n<p class=\"Paragraph_desktopParagraph__U31Gm\">Wiele wskazuje na to, \u017ce \u015brodowiska przest\u0119pcze, kt\u00f3re prowadzi\u0142y szemrane interesy w kryptowalutach, pozbawi\u0142y go \u017cycia. Wiele trop\u00f3w prowadzi\u0142o w kierunku os\u00f3b zwi\u0105zanych z bran\u017c\u0105 paliwow\u0105. Na pewno Suszek przed \u015bmierci\u0105 dostawa\u0142 pogr\u00f3\u017cki.<\/p>\n<p>Tusk zarzuca Nawrockiemu powi\u0105zania z Zondacrypto <\/p>\n<p class=\"Paragraph_desktopParagraph__U31Gm\">Wtedy Kral ca\u0142kowicie odci\u0105\u0142 si\u0119 od Suszka. W komunikatach Zondacrypto zapewnia\u0142a, \u017ce Suszek od maja 2021 r. nie mia\u0142 ju\u017c \u017cadnego zwi\u0105zku z firm\u0105.<\/p>\n<p class=\"Paragraph_desktopParagraph__U31Gm\">Mimo to zarzuty wobec dawnych udzia\u0142owc\u00f3w, domniemane powi\u0105zaniami z p\u00f3\u0142\u015bwiatkiem oraz niewyja\u015bnione zagini\u0119cie za\u0142o\u017cyciela \u2014 wszystko to rzuca\u0142o cie\u0144 na now\u0105 mark\u0119.<\/p>\n<p class=\"Paragraph_desktopParagraph__U31Gm\">W dodatku Kral wda\u0142 si\u0119 w publiczny sp\u00f3r z rodzin\u0105 Suszka. <a href=\"https:\/\/www.onet.pl\/informacje\/fakt\/nicole-suszek-na-wlasna-reke-probuje-rozwiklac-zagadke-znikniecia-brata-to-dlatego\/ys11k4t,7fa8ac5e\" id=\"3d3d02c9-6645-4fcf-8afa-7ab4c83bd72e\" rel=\"nofollow noopener\" target=\"_blank\">Nicole Suszek od lat prowadzi w\u0142asne \u015bledztwo w sprawie zagini\u0119cia brata<\/a>. Uwa\u017ca, \u017ce Sylwester zosta\u0142 porwany i zamordowany. Twierdzi, \u017ce osacza\u0142y go dwie rywalizuj\u0105ce ze sob\u0105 grupy przest\u0119pcze, dla kt\u00f3rych gie\u0142da kryptowalut mia\u0142a by\u0107 pralni\u0105 brudnych pieni\u0119dzy.<\/p>\n<p class=\"Paragraph_desktopParagraph__U31Gm\">Nicole Suszek zarzuca w\u0142adzom Zondacrypto rzekom\u0105 kradzie\u017cy maj\u0105tku jej brata, sugeruje te\u017c ich odpowiedzialno\u015b\u0107 za porwanie. W odpowiedzi Kral zacz\u0105\u0142 jej wywleka\u0107 z\u0142e relacje z bratem i jego partnerk\u0105. Powo\u0142ywa\u0142 si\u0119 na screeny wiadomo\u015bci, kt\u00f3re kierowa\u0142a do nich. Sugerowa\u0142, \u017ce atakuj\u0105c Zondacrypto tak naprawd\u0119 walczy o pieni\u0105dze po zagini\u0119ciu brata.<\/p>\n<p class=\"Paragraph_desktopParagraph__U31Gm\">Jednocze\u015bnie Kral zapowiedzia\u0142 pozwy wobec tych, kt\u00f3rzy \u2014 jego zdaniem \u2014 szerz\u0105 k\u0142amstwa i pr\u00f3buj\u0105 oczerni\u0107 jego firm\u0119. W jego narracji Zondacrypto to nowy rozdzia\u0142, a ci, kt\u00f3rzy przypominaj\u0105 ciemne karty z przesz\u0142o\u015bci firmy, robi\u0105 to z innych powod\u00f3w ni\u017c dobro zaginionego. Na wszelki wypadek jednak wyni\u00f3s\u0142 si\u0119 do Monako.<\/p>\n<p class=\"Paragraph_desktopParagraph__U31Gm\"><a href=\"https:\/\/wiadomosci.onet.pl\/kraj\/donald-tusk-reaguje-na-weto-karola-nawrockiego-wielkie-pieniadze-afery-i-sledztwa\/vml9ymx\" id=\"a1b37160-4a39-4af9-ada0-4c9373ad57a5\" rel=\"nofollow noopener\" target=\"_blank\">Dok\u0142adnie histori\u0119 zagini\u0119cia Suszka i powstania Zondacrypto mia\u0142 na my\u015bli Donald Tusk, gdy zaatakowa\u0142 prezydenta po wecie<\/a>. &#8222;Sprawa nabiera charakteru wyj\u0105tkowo paskudnego, poniewa\u017c w tle jest du\u017ca firma, procesy s\u0105dowe, \u015bledztwa, podejrzenie zab\u00f3jstwa, znikni\u0119cie prezesa jednej z kluczowych firm na rynku, kampania polityczna, zaanga\u017cowanie prawicowych przyw\u00f3dc\u00f3w i medi\u00f3w w promowanie jednej z tych firm&#8221; \u2014 stwierdzi\u0142.<\/p>\n<p>Kampania Nawrockiego sponsorowana przez nowego kr\u00f3la kryptowalut <\/p>\n<p class=\"Paragraph_desktopParagraph__U31Gm\">Rz\u0105dowa ustawa mia\u0142a wdra\u017ca\u0107 unijne przepisy, ale jednocze\u015bnie przykr\u0119ci\u0107 \u015brub\u0119 Zondacrypto i innym firmom dzia\u0142aj\u0105cym na kryptorynku. Kluczowe by\u0142o to, \u017ce Komisja Nadzoru Finansowego zyskiwa\u0142a pot\u0119\u017cne narz\u0119dzia do kontrolowania dzia\u0142a\u0144 firm z sektora krypto. Chodzi przede wszystkim o blokowanie ich rachunk\u00f3w i portfeli kryptowalutowych na 96 godz. Prokuratura mog\u0142aby przed\u0142u\u017cy\u0107 tak\u0105 blokad\u0119 nawet do sze\u015bciu miesi\u0119cy.<\/p>\n<p class=\"Paragraph_desktopParagraph__U31Gm\">Kolejna restrykcja to wpisywanie domen internetowych na list\u0119 ostrze\u017ce\u0144 i blokowania do nich dost\u0119pu. Ostatnia \u2014 ogromne kary finansowe.<\/p>\n<p class=\"Paragraph_desktopParagraph__U31Gm\">Bran\u017ca krypto uwa\u017ca, \u017ce takie przepisy doprowadzi\u0142yby wiele firm do bankructwa lub zmusi\u0142y do ucieczki z kraju.<\/p>\n<p class=\"Paragraph_desktopParagraph__U31Gm\">Kral zdawa\u0142 sobie spraw\u0119, \u017ce w obozie w\u0142adzy nie znajdzie sojusznik\u00f3w. Jedyn\u0105 szans\u0105, by zablokowa\u0107 restrykcyjne regulacje by\u0142 dla niego sojusz z prawic\u0105. To ch\u0142odna kalkulacja. Politycy PiS zawsze twardo bronili \u015brodowisk biznesowych i instytucji finansowych, z kt\u00f3rymi s\u0105 powi\u0105zani. Przyk\u0142adem niech b\u0119d\u0105 Sp\u00f3\u0142dzielcze Kasy Oszcz\u0119dno\u015bciowo-Kredytowe (czyli SKOK-i). S\u0105 kojarzone z prawic\u0105, bo na ich czele stoi senator PiS Grzegorz Bierecki, a wielu polityk\u00f3w PiS w chudych politycznie czasach dostawa\u0142o od niego prac\u0119. W zamian za to PiS latami zaciekle blokowa\u0142o poddanie SKOK\u2013\u00f3w kod kontrol\u0119 KNF. Podobn\u0105 ochron\u0105 obj\u0119te by\u0142y interesy ojca Tadeusza Rydzyka.<\/p>\n<p><img decoding=\"async\" class=\"Image_image__0tuHp Image_autoHeight__f2n87 \" height=\"587\" width=\"881\" src=\"https:\/\/www.europesays.com\/pl\/wp-content\/uploads\/2025\/12\/zotk9kpTURBXy8xNzljZDIzZTJmY2M3ZTFlNTAyZGRhZjhjZWU0YTZlNy5qcGeSlQLNA6wAwsOVAgDNAkvCw94AA6EwAaExAaEzw.jpeg\" alt=\"Grzegorz Bierecki podczas wsp\u00f3lnego posiedzenia senackich Komisji Bud\u017cetu i Finans\u00f3w Publicznych oraz Komisji Infrastruktury, 20 czerwca 2023 r.\" loading=\"lazy\" \/>Marcin Obara \/ PAP<\/p>\n<p>Grzegorz Bierecki podczas wsp\u00f3lnego posiedzenia senackich Komisji Bud\u017cetu i Finans\u00f3w Publicznych oraz Komisji Infrastruktury, 20 czerwca 2023 r.<\/p>\n<p class=\"Paragraph_desktopParagraph__U31Gm\">Kral zacz\u0105\u0142 intensywnie szuka\u0107 kontakt\u00f3w z PiS przed wyborami prezydenckimi. Firma Zondacrypto sponsorowa\u0142a kampanijny kongres konserwatywnej organizacji CPAC, organizowany przez Sakiewicza. <a href=\"https:\/\/www.onet.pl\/informacje\/onetwiadomosci\/andrzej-duda-o-bandyckich-atakach-na-karola-nawrockiego-pietrowe-pomowienia\/5qqz9yx,79cfc278\" id=\"3110df33-26ce-472f-a1fa-ca300b2eb1cd\" rel=\"nofollow noopener\" target=\"_blank\">By\u0142 tam Nawrocki i wspieraj\u0105cy go \u00f3wczesny prezydent Andrzej Duda<\/a>. Kral ma z czego p\u0142aci\u0107 \u2014 w 2024 r. Zondacrypto osi\u0105gn\u0119\u0142a rekordowe wyniki, notuj\u0105c 31,5 mln euro przychod\u00f3w i 8,44 mln euro zysku netto. Przy czym przychody wzros\u0142y o 573 proc., a zysk netto o 712 proc. rok do roku, co wyr\u00f3\u017cnia firm\u0119 na tle tradycyjnego rynku finansowego.<\/p>\n<p><img decoding=\"async\" class=\"Image_image__0tuHp Image_autoHeight__f2n87 \" height=\"587\" width=\"880\" src=\"https:\/\/www.europesays.com\/pl\/wp-content\/uploads\/2025\/12\/ZYIk9kpTURBXy8xZmNlNWJjYTY3YzhkNWQ5ODI3N2JkNGMxOTk5MDU5OS5qcGeSlQLNA6wAwsOVAgDNAkvCw94AA6EwAaExAaEzw.jpeg\" alt=\"Karol Nawrocki i Andrzej Duda na kongresie CPAC w Rzeszowie, 27 maja 2025 r. \" loading=\"lazy\" \/>Grzegorz Wajda\/REPORTER \/ East News<\/p>\n<p>Karol Nawrocki i Andrzej Duda na kongresie CPAC w Rzeszowie, 27 maja 2025 r. <\/p>\n<p class=\"Paragraph_desktopParagraph__U31Gm\">Chodzi zreszt\u0105 nie tylko o interesy Krala z Sakiewiczem. Zondacrypto jest sponsorem Polskiego Komitetu Olimpijskiego, kt\u00f3rym kieruje nominat PiS Rados\u0142aw Piesiewicz. Piesiewicz \u2014 odci\u0119ty po zmianie w\u0142adzy od kasy z pa\u0144stwowych sp\u00f3\u0142ek \u2014 by\u0142 tak zdesperowany, by wyci\u0105gn\u0105\u0107 kas\u0119 od Krala, \u017ce zabra\u0142 w\u0142adze PKOl do Monako, \u017ceby podpisa\u0107 sponsorsk\u0105 umow\u0119 bez nara\u017cania go na spotkania z polskimi organami \u015bcigania.<\/p>\n<p><img decoding=\"async\" class=\"Image_image__0tuHp Image_autoHeight__f2n87 \" height=\"587\" width=\"880\" src=\"https:\/\/www.europesays.com\/pl\/wp-content\/uploads\/2025\/12\/7-0k9kpTURBXy81Y2M1MTQ1NzA4NDRiMjViY2U1ZGJmNjgzMjI0Mjg2NS5qcGeSlQLNA6wAwsOVAgDNAkvCw94AA6EwAaExAaEzw.jpeg\" alt=\"Rados\u0142aw Piesiewicz i Andrzej Duda podczas Gali Olimpijskiej w Warszawie, 15 listopada 2024 r.\" loading=\"lazy\" \/>Piotr Nowak \/ PAP<\/p>\n<p>Rados\u0142aw Piesiewicz i Andrzej Duda podczas Gali Olimpijskiej w Warszawie, 15 listopada 2024 r.<\/p>\n<p class=\"Paragraph_desktopParagraph__U31Gm\">Powi\u0105zania z krypto\u015bwiatem ma tak\u017ce Kana\u0142 Zero, kolejna dworska telewizja pana prezydenta. Du\u017ce pieni\u0105dze na krypto zarabia sojusznik Nawrockiego S\u0142awomir Mentzen, kt\u00f3rego kancelaria pomaga rozlicza\u0107 podatki kryptowaluciarzom \u2014 sam ma w krypto oszcz\u0119dno\u015bci si\u0119gaj\u0105ce 13 mln z\u0142. W kryptowalutach dzia\u0142a tak\u017ce jego brat Tomasz, kt\u00f3ry poza tym ma zarzut dzia\u0142ania w zorganizowanej grupie przest\u0119pczej zajmuj\u0105cej si\u0119 przekr\u0119tami hazardowymi.<\/p>\n<p class=\"Paragraph_desktopParagraph__U31Gm\">A zatem decyzja Nawrockiego nie mog\u0142a by\u0107 inna \u2014 nie m\u00f3g\u0142 odci\u0105\u0107 od kasy swej w\u0142asnej bazy.<\/p>\n<p><img decoding=\"async\" class=\"Image_image__0tuHp Image_autoHeight__f2n87 \" height=\"520\" width=\"940\" src=\"https:\/\/www.europesays.com\/pl\/wp-content\/uploads\/2025\/12\/0Kuk9kpTURBXy8wMWU1YmY5OTViODY0NjllMDRhNzJlYjE5ZTcyZWZhMC5wbmeSlQLNA6wAwsOVAgDNAkvCw94AA6EwAaExAaEzw.jpeg\" alt=\"Rozmowa Mentzen-Nawrocki na YT\" loading=\"lazy\" \/>YouTube\/S\u0142awomir Mentzen<\/p>\n<p>Rozmowa Mentzen-Nawrocki na YT<\/p>\n<p>Od\u0142\u00f3\u017cmy na bok prawa zwierz\u0105t \u2014 tu chodzi tylko o polityk\u0119 i o kas\u0119 <\/p>\n<p class=\"Paragraph_desktopParagraph__U31Gm\">Tw\u00f3rcy s\u0142uchowiska politycznego &#8222;Stan Wyj\u0105tkowy&#8221; Andrzej Stankiewicz i Dominika D\u0142ugosz pokazuj\u0105 tak\u017ce polityczne t\u0142o innych decyzji Nawrockiego, kt\u00f3ry <a href=\"https:\/\/wiadomosci.onet.pl\/kraj\/karol-nawrocki-wetuje-kolejna-ustawe-chodzi-o-ochrone-zwierzat\/397gsmz\" id=\"21fc11cf-ab88-4d7a-888a-506f98462989\" rel=\"nofollow noopener\" target=\"_blank\">podpisa\u0142 ustaw\u0119 o zako\u0144czeniu hodowli zwierz\u0105t futerkowych, za to zawetowa\u0142 ustaw\u0119 zakazuj\u0105c\u0105 trzymania ps\u00f3w na \u0142a\u0144cuchach<\/a>.<\/p>\n<p class=\"Paragraph_desktopParagraph__U31Gm\">Od\u0142\u00f3\u017cmy na bok prawa zwierz\u0105t \u2014 tu chodzi tylko o polityk\u0119 i o kas\u0119. Futerkowcy to \u2014 podobnie jak krypciarze \u2014 wa\u017cni sponsorzy prawicy. I s\u0105 r\u00f3wnie skuteczni. Ju\u017c dwa razy wygrali pojedynek z Kaczy\u0144skim wewn\u0105trz PiS \u2014 zablokowali przepisy zwi\u0119kszaj\u0105ce ochron\u0119 zwierz\u0105t.<\/p>\n<p class=\"Paragraph_desktopParagraph__U31Gm\">Jeszcze w 2017 r. \u2014 za rz\u0105d\u00f3w PiS \u2014 Kaczy\u0144ski zg\u0142osi\u0142 projekt nowelizacji ustawy o ochronie zwierz\u0105t, kt\u00f3ry m.in. wprowadzi\u0107 mia\u0142 zakaz hodowli zwierz\u0105t na futra. &#8222;To kwestia serca, lito\u015bci dla zwierz\u0105t. S\u0105dz\u0119, \u017ce ka\u017cdy porz\u0105dny cz\u0142owiek powinien co\u015b takiego w sobie mie\u0107&#8221; \u2014 m\u00f3wi\u0142 w\u00f3wczas Kaczy\u0144ski na nagraniu, kt\u00f3re by\u0142o cz\u0119\u015bci\u0105 akcji walcz\u0105cej o prawa zwierz\u0105t Fundacji Viva!. &#8222;Bardzo cz\u0119sto m\u00f3wi si\u0119 o normach europejskich, europeizacji Polski. To jest w\u0142a\u015bnie droga do prawdziwej europeizacji. W Europie tego rodzaju praktyk si\u0119 zakazuje, a przenosi si\u0119 firmy do Polski. To powinno by\u0107 niedopuszczalne, nie mo\u017cemy by\u0107 krajem drugiej kategorii&#8221;.<\/p>\n<p class=\"Paragraph_desktopParagraph__U31Gm\">Projekt by\u0142 rewolucyjny \u2014 zakazywa\u0142 m.in. hodowli zwierz\u0105t futerkowych, uboju rytualnego, pojawia\u0142 si\u0119 w nim te\u017c zakaz trzymania ps\u00f3w na \u0142a\u0144cuchach. Wydawa\u0142o si\u0119, \u017ce postulaty obro\u0144c\u00f3w zwierz\u0105t wejd\u0105 w \u017cycie \u2014 w ko\u0144cu prezes PiS by\u0142 najpot\u0119\u017cniejszym cz\u0142owiekiem w kraju i jak taran przepycha\u0142 wszystko przez Sejm.<\/p>\n<p class=\"Paragraph_desktopParagraph__U31Gm\">Bran\u017ca futerkowa okaza\u0142a si\u0119 jednak silniejsza nawet od Kaczy\u0144skiego \u2014 projekt nie przeszed\u0142 przez Sejm.<\/p>\n<p class=\"Paragraph_desktopParagraph__U31Gm\">Drug\u0105 pr\u00f3b\u0119 Kaczy\u0144ski podj\u0105\u0142 tak\u017ce za rz\u0105d\u00f3w PiS. <a href=\"https:\/\/wiadomosci.onet.pl\/kraj\/piatka-dla-zwierzat-pis-przygotowuje-nowy-projekt-ustawy\/k1dwvp6\" id=\"498e564d-8728-47eb-b870-6060269aab3e\" rel=\"nofollow noopener\" target=\"_blank\">W 2020 r. og\u0142osi\u0142 s\u0142ynn\u0105 &#8222;pi\u0105tk\u0119 dla zwierz\u0105t&#8221;<\/a>:<\/p>\n<p class=\"Paragraph_desktopParagraph__U31Gm\">1. Zakaz hodowli zwierz\u0105t na futra. Czyli likwidacja bran\u017cy futerkowej w Polsce, kt\u00f3ra by\u0142a jedn\u0105 z najwi\u0119kszych w Europie.<\/p>\n<p class=\"Paragraph_desktopParagraph__U31Gm\">2. Zakaz wykorzystywania zwierz\u0105t w cyrkach. Projekt eliminowa\u0142 mo\u017cliwo\u015b\u0107 pokazywania zwierz\u0105t w widowiskach cyrkowych, co od lat postulowa\u0142y organizacje prozwierz\u0119ce.<\/p>\n<p class=\"Paragraph_desktopParagraph__U31Gm\">3. Ograniczenie uboju rytualnego wy\u0142\u0105cznie do potrzeb zarejestrowanych zwi\u0105zk\u00f3w wyznaniowych. Chodzi\u0142o o zakaz komercyjnego uboju rytualnego na eksport \u2014 Polska by\u0142a jednym z jego najwi\u0119kszych eksporter\u00f3w w Europie.<\/p>\n<p class=\"Paragraph_desktopParagraph__U31Gm\">4. Wzmocnienie kontroli nad schroniskami. Projekt przewidywa\u0142 m.in. zakaz prowadzenia schronisk przez osoby prywatne.<\/p>\n<p class=\"Paragraph_desktopParagraph__U31Gm\">5. Zakaz trzymania ps\u00f3w na \u0142a\u0144cuchach. W przypadku tymczasowego uwi\u0105zania, d\u0142ugo\u015b\u0107 uwi\u0119zi mia\u0142a wynosi\u0107 minimum 6 m.<\/p>\n<p class=\"Paragraph_desktopParagraph__U31Gm\">Firmowanemu osobi\u015bcie przez prezesa projektowi sprzeciwia\u0142a si\u0119 znacz\u0105ca cz\u0119\u015b\u0107 partii \u2014 to jedyny tego typu przypadek w PiS. Kaczy\u0144ski musia\u0142 zawiesi\u0107 15 buntownik\u00f3w, w tym ministra rolnictwa <a href=\"https:\/\/wiadomosci.onet.pl\/kraj\/jan-krzysztof-ardanowski-odchodzi-z-pis-po-23-latach-boja-sie-mowic\/f1ppzfs\" id=\"3ff53149-fa15-4bdb-b65e-782ae95552b5\" rel=\"nofollow noopener\" target=\"_blank\">Jana Krzysztofa Ardanowskiego, kt\u00f3rego wyrzuci\u0142 z rz\u0105du<\/a>.<\/p>\n<p><img decoding=\"async\" class=\"Image_image__0tuHp Image_autoHeight__f2n87 \" height=\"587\" width=\"880\" src=\"https:\/\/www.europesays.com\/pl\/wp-content\/uploads\/2025\/12\/7ymk9kpTURBXy9iMDNlYjJhNTY5MWE3M2EzY2ZiOGFmMzQyNjY4NWY4MS5qcGeSlQLNA6wAwsOVAgDNAkvCw94AA6EwAaExAaEzw.jpeg\" alt=\"Jaros\u0142aw Kaczy\u0144ski i Krzysztof Ardanowski, 7 lutego 2020 r.\" loading=\"lazy\" \/>Radek Pietruszka \/ PAP<\/p>\n<p>Jaros\u0142aw Kaczy\u0144ski i Krzysztof Ardanowski, 7 lutego 2020 r.<\/p>\n<p class=\"Paragraph_desktopParagraph__U31Gm\">Ale w finale to oni wygrali. Prezes musia\u0142 si\u0119 wycofywa\u0107, bo kary i gro\u017aby pod adresem buntownik\u00f3w nic nie dawa\u0142y, w dodatku prezydent Duda zapowiedzia\u0142, \u017ce &#8222;pi\u0105tki&#8221; nie podpisze.<\/p>\n<p>Pisowcy pielgrzymuj\u0105 do Brauna. Przygotowuj\u0105 grunt pod koalicj\u0119 <\/p>\n<p class=\"Paragraph_desktopParagraph__U31Gm\">Teraz wszystkie te postulaty powr\u00f3ci\u0142y w dw\u00f3ch ustawach przyj\u0119tych przez Sejm z inicjatywy rz\u0105dz\u0105cej koalicji. Jedna ustawa wygasza\u0142a hodowl\u0119 zwierz\u0105t na futra w ci\u0105gu 8 lat. Druga \u2014 wprowadza\u0142a zakaz trzymania ps\u00f3w na \u0142a\u0144cuchach. W sejmowym g\u0142osowaniu PiS by\u0142o podzielone w sprawie futer i \u0142a\u0144cuch\u00f3w. Za to Konfederacja jest ca\u0142kowicie przeciwna zwierz\u0119cym zakazom.<\/p>\n<p class=\"Paragraph_desktopParagraph__U31Gm\">Dlatego decyzje Nawrockiego w obu kwestiach by\u0142y wa\u017cne politycznie, bo mia\u0142y pokaza\u0107, do jakiej prawicy jest Nawrockiemu bli\u017cej. Pocz\u0105tkowo prezydent chcia\u0142 zawetowa\u0107 futerka, a podpisa\u0107 smycze. To logiczne \u2014 pod\u0105\u017caj\u0105c za pieni\u0119dzmi, kt\u00f3re bran\u017ca futerkowa wpompowa\u0142a w prawic\u0119.<\/p>\n<p><img decoding=\"async\" class=\"Image_image__0tuHp Image_autoHeight__f2n87 \" height=\"587\" width=\"880\" src=\"https:\/\/www.europesays.com\/pl\/wp-content\/uploads\/2025\/12\/t2Vk9kpTURBXy81YjMwNzRiYTE1MGQ0MDIyMTUwNzkzZTVkMjY2Y2RjZS5qcGeSlQLNA6wAwsOVAgDNAkvCw94AA6EwAaExAaEzw.jpeg\" alt=\"Grzegorz Braun w O\u015bwi\u0119cimiu, 22 listopada 2025 r.\" loading=\"lazy\" \/>Art Service \/ PAP<\/p>\n<p>Grzegorz Braun w O\u015bwi\u0119cimiu, 22 listopada 2025 r.<\/p>\n<p class=\"Paragraph_desktopParagraph__U31Gm\">Jednak sytuacja przybra\u0142a nieoczekiwany obr\u00f3t. Do Pa\u0142acu zawitali przedstawiciele samego sektora futrzarskiego. Cho\u0107 z prezydentem bezpo\u015brednio nie rozmawiali, prowadzili intensywne dyskusje z jego wsp\u00f3\u0142pracownikami. I to w\u0142a\u015bnie po tych rozmowach stanowisko Nawrockiego uleg\u0142o wyra\u017anej zmianie. Bran\u017ca, kt\u00f3ra od lat broni\u0142a si\u0119 r\u0119kami i nogami przed zakazem, niespodziewanie stwierdzi\u0142a, \u017ce w obecnym kszta\u0142cie regulacje mog\u0105 by\u0107 dla niej korzystne. Po pierwsze, futra si\u0119 ju\u017c w Polsce nie sprzedaj\u0105, bo przesta\u0142y by\u0107 synonimem luksusu. <a href=\"https:\/\/wiadomosci.onet.pl\/kraj\/branza-futrzarska-reaguje-na-decyzje-karola-nawrockiego-jest-oswiadczenie\/tdxdb0q\" id=\"5874ece3-7ed5-4a68-a80a-adb470ef7089\" rel=\"nofollow noopener\" target=\"_blank\">Po drugie \u2014 kluczow\u0105 rol\u0119 odegra\u0142 tu niezwykle d\u0142ugi, o\u015bmioletni okres wygaszania ferm<\/a>. Po trzecie \u2014 odszkodowania od pa\u0144stwa. Dla przedsi\u0119biorc\u00f3w oznacza to nie zakaz, lecz odroczon\u0105 likwidacj\u0119 \u2014 czas wystarczaj\u0105cy na zmian\u0119 profilu dzia\u0142alno\u015bci.<\/p>\n<p class=\"Paragraph_desktopParagraph__U31Gm\">Nawrocki by\u0142 gotowy pos\u0142ucha\u0107 futerkowc\u00f3w, ale w zamian oczekiwa\u0142 jednego: spokoju. Prezydent i jego ludzie mieli otrzyma\u0107 sygna\u0142, \u017ce bran\u017ca nie planuje organizowa\u0107 protest\u00f3w ani podburza\u0107 \u015brodowiska rolniczego \u2014 a to w\u0142a\u015bnie widmo kolejnych masowych demonstracji stanowi\u0142o najwi\u0119ksze polityczne ryzyko Nawrockiego.<\/p>\n<p class=\"Paragraph_desktopParagraph__U31Gm\">O ile sama decyzja prezydenta mie\u015bci si\u0119 w jego konstytucyjnych kompetencjach, o tyle spos\u00f3b, w jaki zosta\u0142a podj\u0119ta \u2014 po nieoficjalnych rozmowach z bran\u017c\u0105, bez udzia\u0142u innych stron \u2014 pokazuje, jak wa\u017cni politycznie s\u0105 futerkowcy. I jak bardzo Nawrocki kieruje si\u0119 interesami finansowego zaplecza prawicy.<\/p>\n<p class=\"Paragraph_desktopParagraph__U31Gm\">W dodatku po wyborach zakaz hodowli mo\u017ce zosta\u0107 odwo\u0142any. Tym bardziej, je\u015bli do w\u0142adzy dojdzie PiS pod r\u0119k\u0119 z Grzegorzem Braunem. Jak ustalili tw\u00f3rcy &#8222;Stanu Wyj\u0105tkowego&#8221; wyd\u0142u\u017ca si\u0119 kolejka pisowc\u00f3w, kt\u00f3rzy oficjalnie odcinaj\u0105 si\u0119 od Brauna, a potajemnie ustawiaj\u0105 si\u0119 w kolejkach do audiencji w jego europoselskim biurze. Tak, Danielu Obajtku. Tak, Michale Dworczyku. Wiemy, \u017ce pr\u00f3bujecie przygotowywa\u0107 grunt pod wsp\u00f3ln\u0105 koalicj\u0119.<\/p>\n<p><img decoding=\"async\" class=\"Image_image__0tuHp Image_autoHeight__f2n87 \" height=\"587\" width=\"880\" src=\"https:\/\/www.europesays.com\/pl\/wp-content\/uploads\/2025\/12\/X75k9kpTURBXy82MTEzZmNjNDUwYzQ2YzQwNTE2ZjVhZTVkYjdiZmY0MS5qcGeSlQLNA6wAwsOVAgDNAkvCw94AA6EwAaExAaEzw.jpeg\" alt=\"Micha\u0142 Dworczyk i Daniel Obajtek na uroczysto\u015bci wr\u0119czenia nowo wybranym pos\u0142om do Parlamentu Europejskiego za\u015bwiadcze\u0144 o wyborze, 20 czerwca 2024 r.\" loading=\"lazy\" \/>Pawe\u0142 Supernak \/ PAP<\/p>\n<p>Micha\u0142 Dworczyk i Daniel Obajtek na uroczysto\u015bci wr\u0119czenia nowo wybranym pos\u0142om do Parlamentu Europejskiego za\u015bwiadcze\u0144 o wyborze, 20 czerwca 2024 r.<\/p>\n<p>Kaczy\u0144ski mo\u017ce pom\u00f3c odrzuci\u0107 \u0142a\u0144cuchowe weto Nawrockiego. Ale tego nie zrobi <\/p>\n<p class=\"Paragraph_desktopParagraph__U31Gm\">Dodajmy, \u017ce dla pozornej r\u00f3wnowagi Nawrocki zawetowa\u0142 ustaw\u0119 o trzymaniu ps\u00f3w na \u0142a\u0144cuchach. Mia\u0142o to wygl\u0105da\u0107 w oczach opinii publicznej tak: Nawrocki, kieruj\u0105c si\u0119 oczekiwaniami liberalno-lewicowej cz\u0119\u015bci spo\u0142ecze\u0144stwa ko\u0144czy futerka, ale rozumie te\u017c tradycjonalist\u00f3w i sprzeciwia si\u0119 spuszczeniu ps\u00f3w z \u0142a\u0144cuch\u00f3w. Nic z tych rzeczy \u2014 obie decyzje by\u0142y realizacj\u0105 interes\u00f3w finansowych i ideologicznych prawicy. W dodatku \u2014 co groteskowe \u2014 <a href=\"https:\/\/wiadomosci.onet.pl\/kraj\/karol-nawrocki-wetuje-kolejna-ustawe-chodzi-o-ochrone-zwierzat\/397gsmz\" id=\"81b1b692-a876-45a3-9caa-5856504db1de\" rel=\"nofollow noopener\" target=\"_blank\">Nawrocki o\u015bwiadczy\u0142, \u017ce na likwidacj\u0119 \u0142a\u0144cuch\u00f3w si\u0119 nie godzi, bo rz\u0105dz\u0105ca koalicja zaproponowa\u0142a zbyt du\u017ce kojce<\/a>. &#8222;Proponowane normy kojc\u00f3w dla ps\u00f3w by\u0142y kompletnie nierealne. Kojce wielko\u015bci miejskich kawalerek to absurd, kt\u00f3ry uderza\u0142by w rolnik\u00f3w, hodowc\u00f3w i zwyk\u0142e wiejskie gospodarstwa. To prawo by\u0142o oderwane od rzeczywisto\u015bci&#8221; \u2014 stwierdzi\u0142.<\/p>\n<p class=\"Paragraph_desktopParagraph__U31Gm\">W ustawie okre\u015blono takie minimalne wymiary dopuszczalnych kojc\u00f3w: 10 m kw. \u2014 w przypadku psa o wadze poni\u017cej 20 kg, 15 m kw. \u2014 w przypadku psa o masie cia\u0142a od 20 do 30 kg, 20 m kw. \u2014 w przypadku psa wa\u017c\u0105cego ponad 30 kg.<\/p>\n<p class=\"Paragraph_desktopParagraph__U31Gm\">Pan prezydent jest wybitnym ekspertem od kawalerek \u2014 to wiemy od kampanii wyborczej, gdy ujawnili\u015bmy, jak przytuli\u0142 mieszkania pana Jerzego. Tak si\u0119 jednak sk\u0142ada, \u017ce podobne wymiary zapisane by\u0142y w &#8222;pi\u0105tce dla zwierz\u0105t&#8221; Kaczy\u0144skiego: od 9 do 15 m kw.<\/p>\n<p class=\"Paragraph_desktopParagraph__U31Gm\">Brnijmy dalej w grotesk\u0119. Kaczy\u0144ski by\u0142 w 2020 r. za sw\u0105 pi\u0105tk\u0105 tak bardzo, \u017ce zawiesza\u0142 polityk\u00f3w PiS, kt\u00f3rzy jej nie poparli. Teraz prezes zag\u0142osowa\u0142 za zwierz\u0119cymi ustawami koalicji Tuska. A gdy Nawrocki zawetowa\u0142 \u0142a\u0144cuchy, to prezes o\u015bwiadczy\u0142, \u017ce popiera to weto, kt\u00f3rego efektem jest to, \u017ce psy nadal b\u0119d\u0105 trzymane na \u0142a\u0144cuchach. W g\u0142osowaniu sejmowym nad odrzuceniem weta prezydenta klub PiS wstrzyma si\u0119 od g\u0142osu. Sejm odrzuca weto prezydenta wi\u0119kszo\u015bci\u0105 3\/5 g\u0142os\u00f3w, w obecno\u015bci co najmniej po\u0142owy ustawowej liczby pos\u0142\u00f3w. Je\u015bli podczas g\u0142osowania obecni byliby wszyscy pos\u0142owie i pos\u0142anki (460), za odrzuceniem weta musia\u0142oby zag\u0142osowa\u0107 276 os\u00f3b. G\u0142osy wstrzymuj\u0105ce si\u0119 w praktyce zmierzaj\u0105 do utrzymania weta.<\/p>\n<p><img decoding=\"async\" class=\"Image_image__0tuHp Image_autoHeight__f2n87 \" height=\"587\" width=\"880\" src=\"https:\/\/www.europesays.com\/pl\/wp-content\/uploads\/2025\/12\/GUpk9kpTURBXy84YjYzOTM3MzU3OTE0ZGI1ZTMwZGM2MTQ3NThhMzY4MS5qcGeSlQLNA6wAwsOVAgDNAkvCw94AA6EwAaExAaEzw.jpeg\" alt=\"Karol Nawrocki i Jaros\u0142aw Kaczy\u0144ski podczas Wielkiego Marszu z Okazji 1000-lecia Kr\u00f3lestwa Polskiego i 500-lecia Ho\u0142du Pruskiego, 12 kwietnia 2025 r.\" loading=\"lazy\" \/>Leszek Szyma\u0144ski \/ PAP<\/p>\n<p>Karol Nawrocki i Jaros\u0142aw Kaczy\u0144ski podczas Wielkiego Marszu z Okazji 1000-lecia Kr\u00f3lestwa Polskiego i 500-lecia Ho\u0142du Pruskiego, 12 kwietnia 2025 r.<\/p>\n<p class=\"Paragraph_desktopParagraph__U31Gm\">To nie ma nic wsp\u00f3lnego z ochron\u0105 zwierz\u0105t. Kaczy\u0144ski po prostu uzna\u0142, \u017ce nie mo\u017ce pod r\u0119k\u0119 z koalicj\u0105 rz\u0105dz\u0105c\u0105 odrzuci\u0107 w Sejmie weta prezydenta \u2014 nawet je\u015bli pogl\u0105dami zgadza si\u0119 z Tuskiem, a nie z Nawrockim. Po pierwsze, partia by mu si\u0119 w takim g\u0142osowaniu podzieli\u0142a. A po drugie \u2014 sam musia\u0142by otwarcie stan\u0105\u0107 na kontrze do Nawrockiego.<\/p>\n<p><img decoding=\"async\" class=\"Image_image__0tuHp Image_autoHeight__f2n87 \" height=\"587\" width=\"880\" src=\"https:\/\/www.europesays.com\/pl\/wp-content\/uploads\/2025\/12\/5SKk9kpTURBXy9hZjk0ZmYxNTQyZGM1YjdkMzdmNzZkN2YwYjc3NWExNS5qcGeSlQLNA6wAwsOVAgDNAkvCw94AA6EwAaExAaEzw.jpeg\" alt=\"Donald Tusk i Jaros\u0142aw Kaczy\u0144ski podczas posiedzenia Sejmu, 3 grudnia 2010 r.\" loading=\"lazy\" \/>Bart\u0142omiej Zborowski \/ PAP<\/p>\n<p>Donald Tusk i Jaros\u0142aw Kaczy\u0144ski podczas posiedzenia Sejmu, 3 grudnia 2010 r.<\/p>\n<p class=\"Paragraph_desktopParagraph__U31Gm\">W zwi\u0105zku z tym jest przeciwko \u0142a\u0144cuchom, a jednocze\u015bnie zag\u0142osuje za ich utrzymaniem. I tylko zwierz\u0105t szkoda \u2014 przegra\u0142y z polityk\u0105.<\/p>\n","protected":false},"excerpt":{"rendered":"Wiemy, \u017ce Sakiewicz i jego prawa r\u0119ka Micha\u0142 Racho\u0144 przy okazji wrze\u015bniowej wizyty Nawrockiego w USA urwali si\u0119&hellip;\n","protected":false},"author":2,"featured_media":137032,"comment_status":"","ping_status":"","sticky":false,"template":"","format":"standard","meta":{"footnotes":""},"categories":[5],"tags":[56,28307,32,33,200,36,37,66,7514,27,67,422,240,15321,34,35,28,31,53,25,52,68,51,55,42,38,40,4409,39,41,47,199,29,30,65,50,8206,26],"class_list":{"0":"post-137031","1":"post","2":"type-post","3":"status-publish","4":"format-standard","5":"has-post-thumbnail","7":"category-naglowki","8":"tag-article_premium","9":"tag-bitcoiny","10":"tag-breaking-news","11":"tag-breakingnews","12":"tag-donald_tusk_polityk","13":"tag-featured-news","14":"tag-featurednews","15":"tag-give_me_perspective","16":"tag-grzegorz_braun_polityk_rezyser","17":"tag-headlines","18":"tag-intextvideo_splayer","19":"tag-jaroslaw_kaczynski","20":"tag-karol_nawrocki_prezydent","21":"tag-kryptowaluta_kryptowaluty","22":"tag-latest-news","23":"tag-latestnews","24":"tag-naglowki","25":"tag-najwazniejsze-artykuly","26":"tag-new_header","27":"tag-news","28":"tag-onet3","29":"tag-onet3d","30":"tag-onet3d_2i","31":"tag-phx","32":"tag-pl","33":"tag-poland","34":"tag-polish","35":"tag-polityka_polityk_polityczka_politycy","36":"tag-polska","37":"tag-polski","38":"tag-screening_general","39":"tag-stan_wyjatkowy_podcast_onetu","40":"tag-top-stories","41":"tag-topstories","42":"tag-update_me","43":"tag-v2021","44":"tag-weto","45":"tag-wiadomosci"},"share_on_mastodon":{"url":"","error":"Validation failed: Text character limit of 500 exceeded"},"_links":{"self":[{"href":"https:\/\/www.europesays.com\/pl\/wp-json\/wp\/v2\/posts\/137031","targetHints":{"allow":["GET"]}}],"collection":[{"href":"https:\/\/www.europesays.com\/pl\/wp-json\/wp\/v2\/posts"}],"about":[{"href":"https:\/\/www.europesays.com\/pl\/wp-json\/wp\/v2\/types\/post"}],"author":[{"embeddable":true,"href":"https:\/\/www.europesays.com\/pl\/wp-json\/wp\/v2\/users\/2"}],"replies":[{"embeddable":true,"href":"https:\/\/www.europesays.com\/pl\/wp-json\/wp\/v2\/comments?post=137031"}],"version-history":[{"count":0,"href":"https:\/\/www.europesays.com\/pl\/wp-json\/wp\/v2\/posts\/137031\/revisions"}],"wp:featuredmedia":[{"embeddable":true,"href":"https:\/\/www.europesays.com\/pl\/wp-json\/wp\/v2\/media\/137032"}],"wp:attachment":[{"href":"https:\/\/www.europesays.com\/pl\/wp-json\/wp\/v2\/media?parent=137031"}],"wp:term":[{"taxonomy":"category","embeddable":true,"href":"https:\/\/www.europesays.com\/pl\/wp-json\/wp\/v2\/categories?post=137031"},{"taxonomy":"post_tag","embeddable":true,"href":"https:\/\/www.europesays.com\/pl\/wp-json\/wp\/v2\/tags?post=137031"}],"curies":[{"name":"wp","href":"https:\/\/api.w.org\/{rel}","templated":true}]}}