{"id":137037,"date":"2025-12-07T08:07:10","date_gmt":"2025-12-07T08:07:10","guid":{"rendered":"https:\/\/www.europesays.com\/pl\/137037\/"},"modified":"2025-12-07T08:07:10","modified_gmt":"2025-12-07T08:07:10","slug":"silne-trzesienie-ziemi-na-alasce-wiadomosci-onet","status":"publish","type":"post","link":"https:\/\/www.europesays.com\/pl\/137037\/","title":{"rendered":"Silne trz\u0119sienie ziemi na Alasce &#8211; Wiadomo\u015bci &#8211; Onet"},"content":{"rendered":"<ol>\n<li><a href=\"https:\/\/news.google.com\/rss\/articles\/CBMimwFBVV95cUxPMWowcTVlU3VpSUNpRHVQSHBkNFdEYXh6UUx2UmlWLXYxNmppT3l2VW9GdUVfRFhxNjJJR1RyYzF0Q1VXLWJ3WEM0WHN5bloxZ0M3elpya1NZajdfVXduSEdOaTZLcXVjZzZ3Q0J5OGZ4RlZsSTZTc0NoRWxzdWgyZmxwdW9kcUEwX2U2VGlpX29GQTFGOHUwT2RaYw?oc=5\" target=\"_blank\" rel=\"nofollow noopener\">Silne trz\u0119sienie ziemi na Alasce &#8211; Wiadomo\u015bci<\/a>&nbsp;&nbsp;Onet<\/li>\n<li><a href=\"https:\/\/news.google.com\/rss\/articles\/CBMipAFBVV95cUxQQUJveDZ6emZNOU1mSktXSVczUW5MVUtrVnN3bVN0UGU4OWFQWmxEdE5vSjJVYjQ5X29sZ3lkZHg3R3I4QXEzclhSWHdteTNqSXBsSVBUbEN1RXBPamN1NkhtWXdLUExBcUx5UlFyQWxHS2RfUExGYkQzVU1RcXRPZ2ZpNzdmS09hQnE0WXNCak04N1ZSUWQ2bS03VGRab0RGenFBSw?oc=5\" target=\"_blank\" rel=\"nofollow noopener\">Silne trz\u0119sienie ziemi na Alasce. Ponad 90 wstrz\u0105s\u00f3w wt\u00f3rnych<\/a>&nbsp;&nbsp;Polskie Radio 24<\/li>\n<li><a href=\"https:\/\/news.google.com\/rss\/articles\/CBMikwFBVV95cUxNT1BrNWk2T3lKLTdyRkNQYzJTLXR2UXM5OWlEWmFkb2ViTWdGVGkzZV83VGhvV28zaVJleV9iVUxmanpaeXBKbkhLSTdWMmdyeUNZdld4Z2JPWjdZckxfdFdacWM4VTE2V1J4ZE5OZ2wtMXhLNFdNblZ1eWdvdkFKQXdZc09kY294RXlUaWVkcGYyVDA?oc=5\" target=\"_blank\" rel=\"nofollow noopener\">Trz\u0119sienie ziemi na Alasce<\/a>&nbsp;&nbsp;Onet<\/li>\n<li><a href=\"https:\/\/news.google.com\/rss\/articles\/CBMiwAFBVV95cUxPeEFHWFNmeVdlN2daNkY5SndYaUI4UkJfNHlCaXNMVlhnMTE1c0paZnA0WDgwS0xiaGhBc3k2TEJvX1hJdnNHSXNlclN5ZEk4WDRIRk13YW9zT2ZTZTVKT05TVlZpVXV2NVV4QThOd0YtT1FfTndsTmF6MkNSM2hnWk4wWWktTDhET3NJQk9yU2p0bGQ1Q2JUemhuZ3l5R29MWnFxSWNLUkRtNDllY3RLQ2hHQndhbVljNFYyOElQNE4?oc=5\" target=\"_blank\" rel=\"nofollow noopener\">Najsilniejsze od czterech lat trz\u0119sienie ziemi nawiedzi\u0142o Anchorange<\/a>&nbsp;&nbsp;przyroda , pogoda, klimat<\/li>\n<li><a href=\"https:\/\/news.google.com\/rss\/articles\/CBMifkFVX3lxTFBLdkthTE5iMXZiOVQ0SWRFRE1oOXhyZGxtTzd0VXJNNjF2S0UzZ3czdEtwYTFLX3NubjBqOER5OS1UWjZoWUdzWGRTalM3LXpQS1BVMFN1VkVFNmVybXU4TTFqU0VrOWtMWVg3Q1RrZkVMX3ZvMXVER29WSEdsdw?oc=5\" target=\"_blank\" rel=\"nofollow noopener\">Silne trz\u0119sienie ziemi na Alasce<\/a>&nbsp;&nbsp;Onet Wiadomo\u015bci<\/li>\n<\/ol>\n","protected":false},"excerpt":{"rendered":"Silne trz\u0119sienie ziemi na Alasce &#8211; Wiadomo\u015bci&nbsp;&nbsp;Onet Silne trz\u0119sienie ziemi na Alasce. Ponad 90 wstrz\u0105s\u00f3w wt\u00f3rnych&nbsp;&nbsp;Polskie Radio 24&hellip;\n","protected":false},"author":2,"featured_media":137038,"comment_status":"","ping_status":"","sticky":false,"template":"","format":"standard","meta":{"footnotes":""},"categories":[5],"tags":[417,32,33,36,37,27,67,3419,34,35,28,31,53,25,52,68,51,55,42,38,40,39,41,47,59,29,30,1933,65,50,26],"class_list":{"0":"post-137037","1":"post","2":"type-post","3":"status-publish","4":"format-standard","5":"has-post-thumbnail","7":"category-naglowki","8":"tag-alaska","9":"tag-breaking-news","10":"tag-breakingnews","11":"tag-featured-news","12":"tag-featurednews","13":"tag-headlines","14":"tag-intextvideo_splayer","15":"tag-kanada_kraj","16":"tag-latest-news","17":"tag-latestnews","18":"tag-naglowki","19":"tag-najwazniejsze-artykuly","20":"tag-new_header","21":"tag-news","22":"tag-onet3","23":"tag-onet3d","24":"tag-onet3d_2i","25":"tag-phx","26":"tag-pl","27":"tag-poland","28":"tag-polish","29":"tag-polska","30":"tag-polski","31":"tag-screening_general","32":"tag-stany_zjednoczone_usa","33":"tag-top-stories","34":"tag-topstories","35":"tag-trzesienie_ziemi","36":"tag-update_me","37":"tag-v2021","38":"tag-wiadomosci"},"share_on_mastodon":{"url":"https:\/\/pubeurope.com\/@pl\/115677262168480030","error":""},"_links":{"self":[{"href":"https:\/\/www.europesays.com\/pl\/wp-json\/wp\/v2\/posts\/137037","targetHints":{"allow":["GET"]}}],"collection":[{"href":"https:\/\/www.europesays.com\/pl\/wp-json\/wp\/v2\/posts"}],"about":[{"href":"https:\/\/www.europesays.com\/pl\/wp-json\/wp\/v2\/types\/post"}],"author":[{"embeddable":true,"href":"https:\/\/www.europesays.com\/pl\/wp-json\/wp\/v2\/users\/2"}],"replies":[{"embeddable":true,"href":"https:\/\/www.europesays.com\/pl\/wp-json\/wp\/v2\/comments?post=137037"}],"version-history":[{"count":0,"href":"https:\/\/www.europesays.com\/pl\/wp-json\/wp\/v2\/posts\/137037\/revisions"}],"wp:featuredmedia":[{"embeddable":true,"href":"https:\/\/www.europesays.com\/pl\/wp-json\/wp\/v2\/media\/137038"}],"wp:attachment":[{"href":"https:\/\/www.europesays.com\/pl\/wp-json\/wp\/v2\/media?parent=137037"}],"wp:term":[{"taxonomy":"category","embeddable":true,"href":"https:\/\/www.europesays.com\/pl\/wp-json\/wp\/v2\/categories?post=137037"},{"taxonomy":"post_tag","embeddable":true,"href":"https:\/\/www.europesays.com\/pl\/wp-json\/wp\/v2\/tags?post=137037"}],"curies":[{"name":"wp","href":"https:\/\/api.w.org\/{rel}","templated":true}]}}