{"id":137049,"date":"2025-12-07T08:16:12","date_gmt":"2025-12-07T08:16:12","guid":{"rendered":"https:\/\/www.europesays.com\/pl\/137049\/"},"modified":"2025-12-07T08:16:12","modified_gmt":"2025-12-07T08:16:12","slug":"krol-karol-i-krolowa-kamila-zaprezentowali-tegoroczna-kartke-swiateczna","status":"publish","type":"post","link":"https:\/\/www.europesays.com\/pl\/137049\/","title":{"rendered":"Kr\u00f3l Karol i kr\u00f3lowa Kamila zaprezentowali tegoroczn\u0105 kartk\u0119 \u015bwi\u0105teczn\u0105"},"content":{"rendered":"<p><a class=\"Slot_linkedImage__I6x1q\" target=\"_blank\" href=\"https:\/\/plejada.pl\/rodziny-krolewskie-rody-royalsi\" rel=\"noopener noreferrer nofollow\" data-allow-layer=\"true\"><img decoding=\"async\" class=\"Image_image__0tuHp Image_autoHeight__f2n87 \" height=\"93\" width=\"750\" src=\"https:\/\/www.europesays.com\/pl\/wp-content\/uploads\/2025\/10\/tS5k9kpTURBXy9mMTRkOTIyMDcwYjFjMGI2YzQyMTNkNDYwYWYwNTg3Ni5qcGeSlQLNAu4AwsOVAgDNAu7Cw94AA6EwAaExAaEzw.jpeg\" loading=\"lazy\" \/><\/a><\/p>\n<p class=\"Paragraph_desktopParagraph__U31Gm\">Przynale\u017cno\u015b\u0107 do brytyjskiej <a href=\"https:\/\/plejada.pl\/rodziny-krolewskie-rody-royalsi\" id=\"12569257-a5df-441b-8c84-1d7723d09b31\" rel=\"nofollow noopener\" target=\"_blank\">rodziny kr\u00f3lewskiej<\/a> wi\u0105\u017c\u0119 si\u0119 z wieloma obowi\u0105zkami, zw\u0142aszcza w wyj\u0105tkowym dla wielu, bo\u017conarodzeniowym okresie. Opr\u00f3cz poczt\u00f3wek, kt\u00f3re z okazji narodzin Jezusa wysy\u0142a si\u0119 bliski, royalsi dorocznie prezentuj\u0105 kartki \u015bwi\u0105teczne z \u017cyczeniami dla obywateli. Ta ponad stuletnia tradycja wymaga od rodziny kr\u00f3lewskiej wielu przygotowa\u0144 i dobrze przemy\u015blanego pomys\u0142u. Przed ka\u017cdymi \u015bwi\u0119tami Bo\u017cego Narodzenia Brytyjczycy wyczekuj\u0105 kartek od kr\u00f3la Karola III i kr\u00f3lowej Kamili oraz ksi\u0119cia Williama i ksi\u0119\u017cnej Kate. Jednak co najciekawsze, jeszcze w ubieg\u0142ym roku swoj\u0105 poczt\u00f3wk\u0119 zaprezentowali r\u00f3wnie\u017c ksi\u0105\u017c\u0119 Harry i Meghan Markle, kt\u00f3rzy przecie\u017c w marcu 2020 r. zrezygnowali z pe\u0142nienia oficjalnych funkcji w rodzinie kr\u00f3lewskiej i wyprowadzili si\u0119 do Stan\u00f3w Zjednoczonych.<\/p>\n<ul class=\"OchatFollowUps_wrapper__1ry7X\">\n<li class=\"OchatFollowUps_item__Dhyly OchatFollowUps_itemDesktop__R6aBv\">Gdzie zrobiono zdj\u0119cie na kartce \u015bwi\u0105tecznej kr\u00f3la Karola i kr\u00f3lowej Kamili?<\/li>\n<li class=\"OchatFollowUps_item__Dhyly OchatFollowUps_itemDesktop__R6aBv\">Kiedy Pa\u0142ac Buckingham opublikowa\u0142 kartk\u0119 \u015bwi\u0105teczn\u0105?<\/li>\n<li class=\"OchatFollowUps_item__Dhyly OchatFollowUps_itemDesktop__R6aBv\">Kto jest autorem zdj\u0119cia na tegorocznej kartce \u015bwi\u0105tecznej?<\/li>\n<li class=\"OchatFollowUps_item__Dhyly OchatFollowUps_itemDesktop__R6aBv\">Jakie ubrania maj\u0105 na sobie kr\u00f3l Karol i kr\u00f3lowa Kamila na zdj\u0119ciu?<\/li>\n<\/ul>\n<p>Kr\u00f3lewska kartka \u015bwi\u0105teczna 2025 <\/p>\n<p class=\"Paragraph_desktopParagraph__U31Gm\">6 grudnia Pa\u0142ac Buckingham opublikowa\u0142 tegoroczn\u0105 kartk\u0119 \u015bwi\u0105teczn\u0105 z bo\u017conarodzeniowymi \u017cyczeniami od <a href=\"https:\/\/plejada.pl\/krol-karol-iii-krol-brytyjski\" id=\"e3a2d1a5-7133-4719-8da0-d43288ed6b1f\" rel=\"nofollow noopener\" target=\"_blank\">kr\u00f3la Karola III<\/a> i kr\u00f3lowej Kamili dla obywateli Wielkiej Brytanii. Na poczt\u00f3wce widzimy zdj\u0119cie ma\u0142\u017conk\u00f3w zrobione w ogrodzie Villi Wolkonsky \u2014 oficjalnej rezydencji brytyjskiego ambasadora w Rzymie. Fotografia zosta\u0142a zrobiona w kwietniu br., gdy kr\u00f3l i kr\u00f3lowa odwiedzili W\u0142ochy, \u015bwi\u0119tuj\u0105c 20. rocznic\u0119 \u015blubu. Wyb\u00f3r miejsca jest niezwykle zaskakuj\u0105cy \u2014 zdj\u0119cia, kt\u00f3re rodzina kr\u00f3lewska od lat prezentuje na kartkach \u015bwi\u0105tecznych, w wi\u0119kszo\u015bci by\u0142y robione w Wielkiej Brytanii.<\/p>\n<p class=\"Paragraph_desktopParagraph__U31Gm\">Kr\u00f3l Karol ma na sobie ciemnoniebieski garnitur i bia\u0142\u0105 koszul\u0119, prze\u0142amane szarym krawatem, natomiast <a href=\"https:\/\/plejada.pl\/krolowa-kamila\" id=\"a68ef0ee-0616-41ba-8cc3-6da626a3d87d\" rel=\"nofollow noopener\" target=\"_blank\">kr\u00f3lowa Kamila<\/a> postawi\u0142a na be\u017cow\u0105 sukienk\u0119 o kroju p\u0142aszcza, stworzon\u0105 przez brytyjsk\u0105 projektantk\u0119 Ann\u0119 Valentine, a nad piersi\u0105 monarchini widzimy eleganck\u0105 broszk\u0119 z konwali\u0105.<\/p>\n<p><img decoding=\"async\" class=\"Image_image__0tuHp Image_autoHeight__f2n87 \" height=\"587\" width=\"880\" src=\"https:\/\/www.europesays.com\/pl\/wp-content\/uploads\/2025\/12\/b2Wk9kpTURBXy9hZWUzOWM4Njg4ZmFlMmRiYTMzNDBjNWM4ZGM2MmQ5Mi5qcGeSlQLNA6wAwsOVAgDNAkvCw94AA6EwAaExAaEzw.jpeg\" alt=\"kr\u00f3l Karol III i kr\u00f3lowa Camilla\" loading=\"lazy\" \/>Chris Jackson \/ Getty Images<\/p>\n<p>kr\u00f3l Karol III i kr\u00f3lowa Camilla<\/p>\n<p class=\"Paragraph_desktopParagraph__U31Gm\">Autorem zdj\u0119cia, kt\u00f3re w tym roku znalaz\u0142o si\u0119 na \u015bwi\u0105tecznej kartce kr\u00f3la Karola III i kr\u00f3lowej Kamili jest fotograf Chris Jackson. To ju\u017c czwarta bo\u017conarodzeniowa poczt\u00f3wka ma\u0142\u017conk\u00f3w, od kiedy Karol przej\u0105\u0142 tron po \u015bmierci swojej matki, kr\u00f3lowej El\u017cbiety II.<\/p>\n<p class=\"Paragraph_desktopParagraph__U31Gm\">Wydaje si\u0119, \u017ce tegoroczna kartka \u015bwi\u0105teczna monarch\u00f3w jest niezwykle wa\u017cna i wyj\u0105tkowa, poniewa\u017c, jak rozpisuj\u0105 si\u0119 brytyjskie i ameryka\u0144skie media, kr\u00f3l Karol III ma traktowa\u0107 \u015bwi\u0119ta Bo\u017cego Narodzenia 2025, jako swoje ostatnie.<\/p>\n<p class=\"Paragraph_desktopParagraph__U31Gm\">Dzi\u0119kujemy, \u017ce przeczyta\u0142a\u015b\/e\u015b nasz artyku\u0142 do ko\u0144ca. W serwisie Plejada.pl ka\u017cdego dnia piszemy o najwa\u017cniejszych wydarzeniach show-biznesowych. B\u0105d\u017a na bie\u017c\u0105co! <a rel=\"nofollow noopener\" href=\"https:\/\/profile.google.com\/cp\/Cg0vZy8xMWJ6X19wdHBx\" id=\"fc585300-49f5-4625-8ca1-fbb6c4c0a92b\" target=\"_blank\">Obserwuj<\/a> Plejad\u0119 w Google. Odwied\u017a nas tak\u017ce na <a rel=\"nofollow noopener\" href=\"https:\/\/www.facebook.com\/plejadapl\" id=\"12b19bb2-c66d-4022-8e64-30d10570caee\" target=\"_blank\">Facebooku<\/a>, <a rel=\"nofollow noopener\" href=\"https:\/\/www.instagram.com\/plejadapl\/\" id=\"7813eda4-2173-4a2e-b5df-70f19205c2eb\" target=\"_blank\">Instagramie<\/a>, <a rel=\"nofollow noopener\" href=\"https:\/\/www.youtube.com\/c\/plejada\" id=\"71b8ba60-0540-404d-972d-ad9e73e37580\" target=\"_blank\">YouTubie<\/a> oraz <a rel=\"nofollow noopener\" href=\"https:\/\/www.tiktok.com\/@plejada_pl\" id=\"7c989e83-b3b9-4445-9e76-a967735fc5a7\" target=\"_blank\">TikToku<\/a>.<\/p>\n<p class=\"Paragraph_desktopParagraph__U31Gm\">Chcesz podzieli\u0107 si\u0119 ciekawym newsem lub zaproponowa\u0107 temat? Skontaktuj si\u0119 z nami, pisz\u0105c maila na adres: <a href=\"https:\/\/www.onet.pl\/styl-zycia\/plejada\/krol-karol-i-krolowa-kamila-zaprezentowali-tegoroczna-kartke-swiateczna\/mailto:plejada@redakcjaonet.pl\" id=\"1d36b8a5-ed5a-4659-ba25-26ba2781cb4a\" rel=\"nofollow noopener\" target=\"_blank\">plejada@redakcjaon<\/a><a rel=\"nofollow noopener\" href=\"http:\/\/et.pl\" id=\"727e19c1-bd8b-4f02-a14a-65f66ca2a7af\" target=\"_blank\">et.pl<\/a>.<\/p>\n<p><script async src=\"\/\/www.instagram.com\/embed.js\"><\/script><script async src=\"\/\/www.tiktok.com\/embed.js\"><\/script><\/p>\n","protected":false},"excerpt":{"rendered":"Przynale\u017cno\u015b\u0107 do brytyjskiej rodziny kr\u00f3lewskiej wi\u0105\u017c\u0119 si\u0119 z wieloma obowi\u0105zkami, zw\u0142aszcza w wyj\u0105tkowym dla wielu, bo\u017conarodzeniowym okresie. Opr\u00f3cz&hellip;\n","protected":false},"author":2,"featured_media":137050,"comment_status":"","ping_status":"","sticky":false,"template":"","format":"standard","meta":{"footnotes":""},"categories":[22],"tags":[18916,11204,122,67,266,28310,53,52,68,51,55,42,38,40,39,41,459,123,47,196,65,50],"class_list":{"0":"post-137049","1":"post","2":"type-post","3":"status-publish","4":"format-standard","5":"has-post-thumbnail","7":"category-rozrywka","8":"tag-boze_narodzenie_swieta_bozego_narodzenia_wigilia","9":"tag-brytyjska_rodzina_krolewska","10":"tag-entertainment","11":"tag-intextvideo_splayer","12":"tag-krol_karol_iii_krol_brytyjski","13":"tag-krolowa_camilla","14":"tag-new_header","15":"tag-onet3","16":"tag-onet3d","17":"tag-onet3d_2i","18":"tag-phx","19":"tag-pl","20":"tag-poland","21":"tag-polish","22":"tag-polska","23":"tag-polski","24":"tag-rodziny_krolewskie_rody_royalsi","25":"tag-rozrywka","26":"tag-screening_general","27":"tag-styl_zycia","28":"tag-update_me","29":"tag-v2021"},"share_on_mastodon":{"url":"https:\/\/pubeurope.com\/@pl\/115677297901611435","error":""},"_links":{"self":[{"href":"https:\/\/www.europesays.com\/pl\/wp-json\/wp\/v2\/posts\/137049","targetHints":{"allow":["GET"]}}],"collection":[{"href":"https:\/\/www.europesays.com\/pl\/wp-json\/wp\/v2\/posts"}],"about":[{"href":"https:\/\/www.europesays.com\/pl\/wp-json\/wp\/v2\/types\/post"}],"author":[{"embeddable":true,"href":"https:\/\/www.europesays.com\/pl\/wp-json\/wp\/v2\/users\/2"}],"replies":[{"embeddable":true,"href":"https:\/\/www.europesays.com\/pl\/wp-json\/wp\/v2\/comments?post=137049"}],"version-history":[{"count":0,"href":"https:\/\/www.europesays.com\/pl\/wp-json\/wp\/v2\/posts\/137049\/revisions"}],"wp:featuredmedia":[{"embeddable":true,"href":"https:\/\/www.europesays.com\/pl\/wp-json\/wp\/v2\/media\/137050"}],"wp:attachment":[{"href":"https:\/\/www.europesays.com\/pl\/wp-json\/wp\/v2\/media?parent=137049"}],"wp:term":[{"taxonomy":"category","embeddable":true,"href":"https:\/\/www.europesays.com\/pl\/wp-json\/wp\/v2\/categories?post=137049"},{"taxonomy":"post_tag","embeddable":true,"href":"https:\/\/www.europesays.com\/pl\/wp-json\/wp\/v2\/tags?post=137049"}],"curies":[{"name":"wp","href":"https:\/\/api.w.org\/{rel}","templated":true}]}}