{"id":137081,"date":"2025-12-07T08:40:07","date_gmt":"2025-12-07T08:40:07","guid":{"rendered":"https:\/\/www.europesays.com\/pl\/137081\/"},"modified":"2025-12-07T08:40:07","modified_gmt":"2025-12-07T08:40:07","slug":"zelenski-rozmawial-z-witkoffem-i-kushnerem-media-wskazuja-temat-2","status":"publish","type":"post","link":"https:\/\/www.europesays.com\/pl\/137081\/","title":{"rendered":"Ze\u0142enski rozmawia\u0142 z Witkoffem i Kushnerem. Media wskazuj\u0105 temat"},"content":{"rendered":"<p class=\"ods-c-paragraph \">Rozmowa odby\u0142a si\u0119 na koniec trzydniowych negocjacji mi\u0119dzy delegacjami USA i Ukrainy w Miami na Florydzie na temat planu pokojowego prezydenta Donalda Trumpa.<\/p>\n<p class=\"ods-c-paragraph \">\u0179r\u00f3d\u0142o przekaza\u0142o portalowi, \u017ce <a href=\"https:\/\/wiadomosci.onet.pl\/swiat\/koniec-rozmow-putina-z-amerykanska-delegacja-w-moskwie-trwaly-piec-godzin\/65b2qws\" id=\"5e7f4705-61eb-42d9-ac10-56cf2ff4783c\" rel=\"nofollow noopener\" target=\"_blank\">Witkoff i Kushner, kt\u00f3rzy we wtorek spotkali si\u0119 w Moskwie z W\u0142adimirem Putinem<\/a>, zebrali opinie obu stron \u2014 Rosji i Ukrainy \u2014 i naciskali na przyw\u00f3dc\u00f3w obu kraj\u00f3w, by poczynili ust\u0119pstwa konieczne do zawarcia porozumienia.<\/p>\n<p class=\"ods-c-paragraph \">Rozm\u00f3wca portalu utrzymuje, \u017ce dyskusja na temat terytorium by\u0142a trudna. Rosja nadal domaga si\u0119, by Ukraina wycofa\u0142a swoje si\u0142y z cz\u0119\u015bci Donbasu, kt\u00f3re s\u0105 pod jej kontrol\u0105. USA pr\u00f3buj\u0105 opracowa\u0107 nowe pomys\u0142y, by zbli\u017cy\u0107 stanowiska stron w tej kwestii \u2014 powiadomi\u0142o drugie \u017ar\u00f3d\u0142o.<\/p>\n<p>Dalszy ci\u0105g artyku\u0142u pod materia\u0142em wideo<\/p>\n<p> O czym rozmawia\u0142 Wo\u0142odymyr Ze\u0142enski z wys\u0142annikami USA? <\/p>\n<p> Kiedy odby\u0142a si\u0119 rozmowa Ze\u0142enskiego z Witkoffem i Kushnerem? <\/p>\n<p> Jakie by\u0142y g\u0142\u00f3wne tematy rozmowy dotycz\u0105ce gwarancji bezpiecze\u0144stwa? <\/p>\n<p> Kiedy maj\u0105 wr\u00f3ci\u0107 Umierow i Hnatow z Miami? <\/p>\n<p>  Ukrai\u0144sko-ameryka\u0144skie spotkanie w sprawie pokoju<\/p>\n<p class=\"ods-c-paragraph \">Axios napisa\u0142 te\u017c, powo\u0142uj\u0105c si\u0119 na \u017ar\u00f3d\u0142o, \u017ce strony poczyni\u0142y znacz\u0105cy post\u0119p w sprawie gwarancji bezpiecze\u0144stwa USA dla Ukrainy i zbli\u017cy\u0142y si\u0119 do zawarcia porozumienia. Potrzeba jednak jeszcze wi\u0119cej pracy, by zapewni\u0107, \u017ce obie strony interpretuj\u0105 w podobny spos\u00f3b projekt gwarancji bezpiecze\u0144stwa.<\/p>\n<p class=\"ods-c-paragraph \">&#8222;G\u0142\u00f3wne sprawy stanowi\u0105ce wyzwanie dotycz\u0105 kwestii terytorialnych i gwarancji bezpiecze\u0144stwa. Staramy si\u0119 zapewni\u0107, by uzgodnione rozwi\u0105zania by\u0142y realistyczne, sprawiedliwe i mo\u017cliwe do utrzymania&#8221; \u2014 powiedzia\u0142a Axiosowi ambasador Ukrainy w USA Olha Stefaniszyna.<\/p>\n<p class=\"ods-c-paragraph \">Sam <a href=\"https:\/\/wiadomosci.onet.pl\/swiat\/wolodymyr-zelenski-po-rozmowie-z-ludzmi-donalda-trumpa-kluczowe-kwestie\/t5js4m4\" id=\"66322b23-d9ee-48e7-8bc3-db73c09127aa\" rel=\"nofollow noopener\" target=\"_blank\">Ze\u0142enski powiadomi\u0142 wcze\u015bniej w sobot\u0119, \u017ce przeprowadzi\u0142 rozmow\u0119 telefoniczn\u0105 z Witkoffem i Kushnerem<\/a> na temat kluczowych kwestii dotycz\u0105cych zako\u0144czenia rozlewu krwi i zapobie\u017cenia kolejnej zbrojnej agresji Rosji. Prezydent Ukrainy poinformowa\u0142, \u017ce oczekuje szczeg\u00f3\u0142owego sprawozdania od sekretarza Rady Bezpiecze\u0144stwa Narodowego i Obrony Rustema Umierowa oraz szefa Sztabu Generalnego Si\u0142 Zbrojnych genera\u0142a Andrija Hnatowa, kt\u00f3rzy rozmawiali na Florydzie z Witkoffem i Kushnerem.<\/p>\n<p class=\"ods-c-paragraph \">Umierow i Hnatow maj\u0105 wr\u00f3ci\u0107 z Miami do Europy i poinformowa\u0107 Ze\u0142enskiego w poniedzia\u0142ek w Londynie o ameryka\u0144skich propozycjach.<\/p>\n<p class=\"ods-c-paragraph \">&#8222;Musimy wzi\u0105\u0107 wszystkie projekty i zrobi\u0107 burz\u0119 m\u00f3zg\u00f3w&#8221; \u2014 powiedzia\u0142 Axiosowi przedstawiciel ukrai\u0144skich w\u0142adz.<\/p>\n<p class=\"ods-c-paragraph \">Dalsze rozmowy i spotkania z Witkoffem i Kushnerem maj\u0105 si\u0119 odby\u0107 w drugiej po\u0142owie tygodnia.<\/p>\n<p class=\"ods-c-paragraph \">&#8222;Negocjacje b\u0119d\u0105 kontynuowane, a spotkania osobiste s\u0105 kluczowe&#8221; \u2014 podkre\u015bli\u0142a Stefaniszyna.<\/p>\n","protected":false},"excerpt":{"rendered":"Rozmowa odby\u0142a si\u0119 na koniec trzydniowych negocjacji mi\u0119dzy delegacjami USA i Ukrainy w Miami na Florydzie na temat&hellip;\n","protected":false},"author":2,"featured_media":137082,"comment_status":"","ping_status":"","sticky":false,"template":"","format":"standard","meta":{"footnotes":""},"categories":[14],"tags":[32,33,27,76,34,35,28,31,48,25,46,40,41,87,47,80,29,30,415,26,309,82,83,84],"class_list":{"0":"post-137081","1":"post","2":"type-post","3":"status-publish","4":"format-standard","5":"has-post-thumbnail","7":"category-swiat","8":"tag-breaking-news","9":"tag-breakingnews","10":"tag-headlines","11":"tag-inwazja_rosji_na_ukraine","12":"tag-latest-news","13":"tag-latestnews","14":"tag-naglowki","15":"tag-najwazniejsze-artykuly","16":"tag-nat_styl","17":"tag-news","18":"tag-omp","19":"tag-polish","20":"tag-polski","21":"tag-rosja","22":"tag-screening_general","23":"tag-swiat","24":"tag-top-stories","25":"tag-topstories","26":"tag-ukraina","27":"tag-wiadomosci","28":"tag-wolodymyr_zelenski","29":"tag-world","30":"tag-world-news","31":"tag-worldnews"},"share_on_mastodon":{"url":"https:\/\/pubeurope.com\/@pl\/115677392057745247","error":""},"_links":{"self":[{"href":"https:\/\/www.europesays.com\/pl\/wp-json\/wp\/v2\/posts\/137081","targetHints":{"allow":["GET"]}}],"collection":[{"href":"https:\/\/www.europesays.com\/pl\/wp-json\/wp\/v2\/posts"}],"about":[{"href":"https:\/\/www.europesays.com\/pl\/wp-json\/wp\/v2\/types\/post"}],"author":[{"embeddable":true,"href":"https:\/\/www.europesays.com\/pl\/wp-json\/wp\/v2\/users\/2"}],"replies":[{"embeddable":true,"href":"https:\/\/www.europesays.com\/pl\/wp-json\/wp\/v2\/comments?post=137081"}],"version-history":[{"count":0,"href":"https:\/\/www.europesays.com\/pl\/wp-json\/wp\/v2\/posts\/137081\/revisions"}],"wp:featuredmedia":[{"embeddable":true,"href":"https:\/\/www.europesays.com\/pl\/wp-json\/wp\/v2\/media\/137082"}],"wp:attachment":[{"href":"https:\/\/www.europesays.com\/pl\/wp-json\/wp\/v2\/media?parent=137081"}],"wp:term":[{"taxonomy":"category","embeddable":true,"href":"https:\/\/www.europesays.com\/pl\/wp-json\/wp\/v2\/categories?post=137081"},{"taxonomy":"post_tag","embeddable":true,"href":"https:\/\/www.europesays.com\/pl\/wp-json\/wp\/v2\/tags?post=137081"}],"curies":[{"name":"wp","href":"https:\/\/api.w.org\/{rel}","templated":true}]}}