{"id":137132,"date":"2025-12-07T09:10:10","date_gmt":"2025-12-07T09:10:10","guid":{"rendered":"https:\/\/www.europesays.com\/pl\/137132\/"},"modified":"2025-12-07T09:10:10","modified_gmt":"2025-12-07T09:10:10","slug":"macron-rozmawial-z-zelenskim-europa-kluczowa-dla-pokoju-w-ukrainie-onet","status":"publish","type":"post","link":"https:\/\/www.europesays.com\/pl\/137132\/","title":{"rendered":"Macron rozmawia\u0142 z Ze\u0142enskim. Europa kluczowa dla pokoju w Ukrainie &#8211; Onet"},"content":{"rendered":"<ol>\n<li><a href=\"https:\/\/news.google.com\/rss\/articles\/CBMi1wFBVV95cUxOMHlXYUsxOHFKV3N0b0pYZllNRjFVdzgxSWF2OXVhTVh0ZFc5aHJyZU1WNVNvZm9MWHluV0Rrc0dKeUhMUmdXdkdJUk5SQ192SVNCd0xZN0stTkVQeTlwb3psa2NxY2RsSmdJc0tkNVlpejVVRnpIQlpzUjl1ck5IclVRZkctUGN2b19hOXJDd0szS3pCRnlZVVMtd19FbXlmM2I2a1hRekc1YUphT0lTc0FoS0pYUjlING1jS2Y4U2E4d1JPODV2clVrSWdZNF93VkgxMHpjRQ?oc=5\" target=\"_blank\" rel=\"nofollow noopener\">Macron rozmawia\u0142 z Ze\u0142enskim. Europa kluczowa dla pokoju w Ukrainie<\/a>&nbsp;&nbsp;Onet<\/li>\n<li><a href=\"https:\/\/news.google.com\/rss\/articles\/CBMiqwFBVV95cUxQcnFSRUZ2U21TMm1tNEpHSURXdWRHM0xkUHQta3FLbmZSRU9BMWJ1aEllNkNWb244eFAza3hLanJTbThQbndDVXFwV2xLTFF4V2poLWZabXdqUTQ5TmNORVNaSnpIVzhua2lmWEFwZ0phaFdOeFAxdkZSU19Va3VrUEdjYWQxbVJ1dlB1M3lHNW1qVFZUQlVTQ0M4eVJWemxUZ18taFY0X25ZUGs?oc=5\" target=\"_blank\" rel=\"nofollow noopener\">Pilny szczyt w Londynie bez Polski. &#8222;Dzieje si\u0119 co\u015b nieprzyjemnego&#8221;<\/a>&nbsp;&nbsp;WP Wiadomo\u015bci<\/li>\n<li><a href=\"https:\/\/news.google.com\/rss\/articles\/CBMirwFBVV95cUxNSDN4ZjV5RVdWZzUwYUlRdjJxN0VmM1pVeEVDdkRibU11V1ZOaG5KWUZpbV9RSFRWeWFGX3lWMnE0NHdxajQ2MW5jNGtKcVJseUZ4cWlHeFMxbE5RN21ENXMtS0RmQUJJcG1pZlFDWDhpTE5Ybmo4cjZXVmMzOF9NNUZNRjdxNlVPNEtlUEgzMnhZTkZfNjlhOXlzQXRTZFdHU0c0RzUyTkt0TU5kMU1n?oc=5\" target=\"_blank\" rel=\"nofollow noopener\">Polska bez prawa wst\u0119pu na rozmowy ws. Ukrainy w Londynie. &#8222;Ten sojusz sta\u0142 sie faktem&#8221;<\/a>&nbsp;&nbsp;TOK FM<\/li>\n<li><a href=\"https:\/\/news.google.com\/rss\/articles\/CBMiugFBVV95cUxQdXZqcGVnTU5oZVdTTk9QRE1Rb0t5NktXeFBiUF8ta1NBRUttY2RGYTJYRXFUaUxyeXdIZE5jMnpIRmhMX3FnS0l1V2dNdTNYbWFLdHU4LVFjRmFyZEhZdjczODB6WnNYbFBMZVpPQnA5SUNMWGt6V2ZkNm9tQjIzUjMtZ3BKYVVPUVA5Ym41UlU4OGx1YmtDZHRLZHh0UTJSdDZ2d1dGdFBvZ3RiT2V1eEhfcWpTdzJKR1E?oc=5\" target=\"_blank\" rel=\"nofollow noopener\">Macron rozmawia\u0142 z Ze\u0142enskim. &#8222;Europejczycy kluczowym filarem pokoju w Ukrainie&#8221;<\/a>&nbsp;&nbsp;Onet Wiadomo\u015bci<\/li>\n<li><a href=\"https:\/\/news.google.com\/rss\/articles\/CBMizwFBVV95cUxOY2x1ZmtITG5nQjlEdDB5MjY2TFdpdFFyWU1renNpc0pVUC1PUmlETUI4TTlQQ2VseWc4d2VOTl9UVE9VeFRzS3BiZDZrWUtpcl8tWHhDMmhfOC1vQlVuOXBuQnp4Q1U4dU14Y25BalhGOHNzN040eUNLWmJEMGNZU3djQ1ZzYllCV0JCVnFYbEdwUFp0d2ZPejdmWUliV0Y4RnljTlAyLWVEc2MwSFlQUk5Ed2tLQ19BWXVVSk5peEhzNkNoaE14N2ZUZXFOWmc?oc=5\" target=\"_blank\" rel=\"nofollow noopener\">Pilny szczyt w Londynie bez udzia\u0142u Polski. Leszek Miller: Dzieje si\u0119 co\u015b nieprzyjemnego<\/a>&nbsp;&nbsp;PolsatNews.pl<\/li>\n<\/ol>\n","protected":false},"excerpt":{"rendered":"Macron rozmawia\u0142 z Ze\u0142enskim. Europa kluczowa dla pokoju w Ukrainie&nbsp;&nbsp;Onet Pilny szczyt w Londynie bez Polski. &#8222;Dzieje si\u0119&hellip;\n","protected":false},"author":2,"featured_media":137133,"comment_status":"","ping_status":"","sticky":false,"template":"","format":"standard","meta":{"footnotes":""},"categories":[5],"tags":[32,33,339,36,37,1670,27,64,34,35,28,31,53,25,52,68,51,55,42,38,40,39,41,47,1998,29,30,390,65,50,26,309],"class_list":{"0":"post-137132","1":"post","2":"type-post","3":"status-publish","4":"format-standard","5":"has-post-thumbnail","7":"category-naglowki","8":"tag-breaking-news","9":"tag-breakingnews","10":"tag-emmanuel_macron_francuski_prezydent","11":"tag-featured-news","12":"tag-featurednews","13":"tag-francja_francuz_francuzka_francuzi","14":"tag-headlines","15":"tag-inwazja_rosji_na_ukraine_2014_","16":"tag-latest-news","17":"tag-latestnews","18":"tag-naglowki","19":"tag-najwazniejsze-artykuly","20":"tag-new_header","21":"tag-news","22":"tag-onet3","23":"tag-onet3d","24":"tag-onet3d_2i","25":"tag-phx","26":"tag-pl","27":"tag-poland","28":"tag-polish","29":"tag-polska","30":"tag-polski","31":"tag-screening_general","32":"tag-short_news","33":"tag-top-stories","34":"tag-topstories","35":"tag-ukraina_ukrainiec_ukrainka_ukraincy_ukrainki","36":"tag-update_me","37":"tag-v2021","38":"tag-wiadomosci","39":"tag-wolodymyr_zelenski"},"share_on_mastodon":{"url":"","error":"Validation failed: Text character limit of 500 exceeded"},"_links":{"self":[{"href":"https:\/\/www.europesays.com\/pl\/wp-json\/wp\/v2\/posts\/137132","targetHints":{"allow":["GET"]}}],"collection":[{"href":"https:\/\/www.europesays.com\/pl\/wp-json\/wp\/v2\/posts"}],"about":[{"href":"https:\/\/www.europesays.com\/pl\/wp-json\/wp\/v2\/types\/post"}],"author":[{"embeddable":true,"href":"https:\/\/www.europesays.com\/pl\/wp-json\/wp\/v2\/users\/2"}],"replies":[{"embeddable":true,"href":"https:\/\/www.europesays.com\/pl\/wp-json\/wp\/v2\/comments?post=137132"}],"version-history":[{"count":0,"href":"https:\/\/www.europesays.com\/pl\/wp-json\/wp\/v2\/posts\/137132\/revisions"}],"wp:featuredmedia":[{"embeddable":true,"href":"https:\/\/www.europesays.com\/pl\/wp-json\/wp\/v2\/media\/137133"}],"wp:attachment":[{"href":"https:\/\/www.europesays.com\/pl\/wp-json\/wp\/v2\/media?parent=137132"}],"wp:term":[{"taxonomy":"category","embeddable":true,"href":"https:\/\/www.europesays.com\/pl\/wp-json\/wp\/v2\/categories?post=137132"},{"taxonomy":"post_tag","embeddable":true,"href":"https:\/\/www.europesays.com\/pl\/wp-json\/wp\/v2\/tags?post=137132"}],"curies":[{"name":"wp","href":"https:\/\/api.w.org\/{rel}","templated":true}]}}