{"id":137179,"date":"2025-12-07T09:45:14","date_gmt":"2025-12-07T09:45:14","guid":{"rendered":"https:\/\/www.europesays.com\/pl\/137179\/"},"modified":"2025-12-07T09:45:14","modified_gmt":"2025-12-07T09:45:14","slug":"co-za-debiut-polaka-w-ufc-nokaut-w-pierwszej-rundzie-wideo","status":"publish","type":"post","link":"https:\/\/www.europesays.com\/pl\/137179\/","title":{"rendered":"Co za debiut Polaka w UFC! Nokaut w pierwszej rundzie (WIDEO)"},"content":{"rendered":"<p>Iwo Baraniewski pokona\u0142 Ibo Aslana przez techniczny nokaut w pierwszej rundzie podczas gali UFC 323 w Las Vegas. Dla Polaka by\u0142 to idealny debiut w najwi\u0119kszej organizacji MMA na \u015bwiecie. Tym samym zawodnik z Warszawy wci\u0105\u017c pozostaje niepokonany w zawodowej karierze, a ponadto wszystkie swoje walki ko\u0144czy\u0142 w pierwszej rundzie.<\/p>\n<p>Baraniewski swoj\u0105 przygod\u0119 z zawodowym MMA rozpocz\u0105\u0142 we wrze\u015bniu 2023 roku. Pod szyldem organizacji Babilon MMA b\u0142yskawicznie odni\u00f3s\u0142 pi\u0119\u0107 zwyci\u0119stw, co otworzy\u0142o mu drog\u0119 do programu Dana White&#8217;s Contender Series. 16 wrze\u015bnia potrzebowa\u0142 jedynie 20 sekund, aby znokautowa\u0107 Mahameda Aly&#8217;ego i wywalczy\u0107 sobie kontrakt z UFC.<\/p>\n<p>\u00a0<\/p>\n<p>ZOBACZ TAK\u017bE: <a href=\"https:\/\/www.polsatsport.pl\/wiadomosc\/2025-12-06\/jan-blachowicz-bogdan-guskov-kto-wygral-na-ufc-323\/\" rel=\"nofollow noopener\" target=\"_blank\">Jan B\u0142achowicz &#8211; Bogdan Guskov. Kto wygra\u0142 na UFC 323?<\/a><\/p>\n<p>\u00a0<\/p>\n<p>Ju\u017c od pierwszych sekund pojedynku by\u0142o jasne, \u017ce obaj zawodnicy nie zamierzaj\u0105 si\u0119 oszcz\u0119dza\u0107. W pierwszej minucie starcia obaj l\u0105dowali na deskach oktagonu, a\u017c w ko\u0144cu &#8211; po niespe\u0142na p\u00f3\u0142torej minuty &#8211; Baraniewski trafi\u0142 pot\u0119\u017cnym prawym sierpowym, kt\u00f3rym pos\u0142a\u0142 Turka na mat\u0119. Chwil\u0119 p\u00f3\u017aniej dobi\u0142 rywala kilkoma ciosami w parterze i zmusi\u0142 s\u0119dziego do przerwania walki.<\/p>\n<p>\u00a0<\/p>\n<p>To ju\u017c si\u00f3dme zwyci\u0119stwo w zawodowej karierze Baraniewskiego. Co wi\u0119cej, wszystkie dotychczasowe pojedynki ko\u0144czy\u0142 w pierwszej rundzie. Polak pozostaje niepokonany.<\/p>\n<p>\u00a0<\/p>\n<p>Wynik walki:<\/p>\n<p>\u00a0<\/p>\n<p>Iwo Baraniewski (7-0) pokona\u0142 Ibo Aslana (14-4) przez techniczny nokaut (prawy sierpowy i ciosy w parterze) w pierwszej rundzie.<\/p>\n<p>\u00a0<\/p>\n<p><img decoding=\"async\" src=\"https:\/\/www.europesays.com\/pl\/wp-content\/uploads\/2025\/12\/zwgenwth421a5a95t4b6zn7vm5iu97p6.jpg\" alt=\"\" itemprop=\"contentUrl\" style=\"position:absolute; width: 100%; max-height: 100%;\"\/><video controls=\"\" controlslist=\"nodownload\" poster=\"https:\/\/www.europesays.com\/pl\/wp-content\/uploads\/2025\/12\/zwgenwth421a5a95t4b6zn7vm5iu97p6.jpg\" class=\"videoPlayer player7299815 news__video\" data-id=\"7299815\">Twoja przegl\u0105darka nie wspiera odtwarzacza wideo&#8230;<\/video><\/p>\n<p><a class=\"news__read-more-button\" href=\"https:\/\/www.polsatsport.pl\/\" rel=\"nofollow noopener\" target=\"_blank\">Przejd\u017a na Polsatsport.pl<\/a><img decoding=\"async\" src=\"https:\/\/www.europesays.com\/pl\/wp-content\/uploads\/2025\/12\/b2x5joqenj98kh1u9hj7vxwsxay9jsuv.jpg\" alt=\"\" itemprop=\"contentUrl\" style=\"position:absolute; width: 100%; max-height: 100%;\"\/><video controls=\"\" controlslist=\"nodownload\" poster=\"https:\/\/www.europesays.com\/pl\/wp-content\/uploads\/2025\/12\/b2x5joqenj98kh1u9hj7vxwsxay9jsuv.jpg\" class=\"videoPlayer player7299839 news__video\" data-id=\"7299839\">Twoja przegl\u0105darka nie wspiera odtwarzacza wideo&#8230;<\/video>PolsatSport.pl w wersji na telefony z systemem Android i iOS!<\/p>\n<p class=\"app-ad__preview\">Najnowsze informacje i wiadomo\u015bci na bie\u017c\u0105co, gdziekolwiek jeste\u015b.<\/p>\n","protected":false},"excerpt":{"rendered":"Iwo Baraniewski pokona\u0142 Ibo Aslana przez techniczny nokaut w pierwszej rundzie podczas gali UFC 323 w Las Vegas.&hellip;\n","protected":false},"author":2,"featured_media":137180,"comment_status":"","ping_status":"","sticky":false,"template":"","format":"standard","meta":{"footnotes":""},"categories":[5],"tags":[32,33,36,37,27,34,35,28,31,25,42,38,40,39,41,29,30,26],"class_list":{"0":"post-137179","1":"post","2":"type-post","3":"status-publish","4":"format-standard","5":"has-post-thumbnail","7":"category-naglowki","8":"tag-breaking-news","9":"tag-breakingnews","10":"tag-featured-news","11":"tag-featurednews","12":"tag-headlines","13":"tag-latest-news","14":"tag-latestnews","15":"tag-naglowki","16":"tag-najwazniejsze-artykuly","17":"tag-news","18":"tag-pl","19":"tag-poland","20":"tag-polish","21":"tag-polska","22":"tag-polski","23":"tag-top-stories","24":"tag-topstories","25":"tag-wiadomosci"},"share_on_mastodon":{"url":"https:\/\/pubeurope.com\/@pl\/115677647903147864","error":""},"_links":{"self":[{"href":"https:\/\/www.europesays.com\/pl\/wp-json\/wp\/v2\/posts\/137179","targetHints":{"allow":["GET"]}}],"collection":[{"href":"https:\/\/www.europesays.com\/pl\/wp-json\/wp\/v2\/posts"}],"about":[{"href":"https:\/\/www.europesays.com\/pl\/wp-json\/wp\/v2\/types\/post"}],"author":[{"embeddable":true,"href":"https:\/\/www.europesays.com\/pl\/wp-json\/wp\/v2\/users\/2"}],"replies":[{"embeddable":true,"href":"https:\/\/www.europesays.com\/pl\/wp-json\/wp\/v2\/comments?post=137179"}],"version-history":[{"count":0,"href":"https:\/\/www.europesays.com\/pl\/wp-json\/wp\/v2\/posts\/137179\/revisions"}],"wp:featuredmedia":[{"embeddable":true,"href":"https:\/\/www.europesays.com\/pl\/wp-json\/wp\/v2\/media\/137180"}],"wp:attachment":[{"href":"https:\/\/www.europesays.com\/pl\/wp-json\/wp\/v2\/media?parent=137179"}],"wp:term":[{"taxonomy":"category","embeddable":true,"href":"https:\/\/www.europesays.com\/pl\/wp-json\/wp\/v2\/categories?post=137179"},{"taxonomy":"post_tag","embeddable":true,"href":"https:\/\/www.europesays.com\/pl\/wp-json\/wp\/v2\/tags?post=137179"}],"curies":[{"name":"wp","href":"https:\/\/api.w.org\/{rel}","templated":true}]}}