{"id":137240,"date":"2025-12-07T10:21:13","date_gmt":"2025-12-07T10:21:13","guid":{"rendered":"https:\/\/www.europesays.com\/pl\/137240\/"},"modified":"2025-12-07T10:21:13","modified_gmt":"2025-12-07T10:21:13","slug":"fatalna-koncowka-roku-w-wykonaniu-gornika-rozwalilismy-sie","status":"publish","type":"post","link":"https:\/\/www.europesays.com\/pl\/137240\/","title":{"rendered":"Fatalna ko\u0144c\u00f3wka roku w wykonaniu G\u00f3rnika. &#8222;Rozwalili\u015bmy si\u0119&#8221;"},"content":{"rendered":"\n<p class=\"contentpart contentpart--default contentpart--text\" data-position=\"0\">Tydzie\u0144 temu radosn\u0105 tw\u00f3rczo\u015b\u0107 G\u00f3rnika Zabrze w defensywie wykorzysta\u0142 Radomiak Radom i wygra\u0142 4:0, a w pi\u0105tkowy wiecz\u00f3r &#8222;poprawi\u0142a&#8221; Lechia Gda\u0144sk, zwyci\u0119\u017caj\u0105c 5:2.<\/p>\n<p class=\"contentpart contentpart--default contentpart--text\" data-position=\"1\">&#8211; Nie wiem, co si\u0119 sta\u0142o. Ci\u0119\u017cko mi co\u015b m\u0105drego powiedzie\u0107. Tyle ile zrobili\u015bmy dzi\u015b b\u0142\u0119d\u00f3w, ile zanotowali\u015bmy strat&#8230; chyba we wszystkich pozosta\u0142ych meczach by\u0142o ich mniej. Nap\u0119dzali\u015bmy Lechi\u0119. Weso\u0142y futbol. Szkoda, \u017ce dla Lechii. Ko\u0144czymy ten rok pora\u017ck\u0105 i w z\u0142ych nastrojach udajemy si\u0119 na przerw\u0119, ale z drugiej strony,\u00a0patrz\u0105c na ostatnie mecze w lidze mo\u017ce dobrze, \u017ce jest ta przerwa. Oczy\u015bcimy g\u0142owy i zmienimy podej\u015bcie, bo nie bronimy tak, jak powinni\u015bmy &#8211; m\u00f3wi\u0142 Rafa\u0142 Janicki w strefie mieszanej.<\/p>\n<p> <img role=\"presentation\" src=\"https:\/\/std.wpcdn.pl\/images\/adv\/placeholder_wp.svg\" loading=\"lazy\" alt=\"\" decoding=\"async\"\/>  <\/p>\n<p class=\"contentpart contentpart--default contentpart--text\" data-position=\"2\">Lider Ekstraklasy zosta\u0142 totalnie rozbity w Gda\u0144sku. No w\u0142a\u015bnie &#8211; za G\u00f3rnikiem, tak czy inaczej &#8211; ca\u0142kiem udana runda. Przed sezonem pewnie nikt by nie przewidzia\u0142, \u017ce zesp\u00f3\u0142 Michala Gasparika b\u0119dzie a\u017c tak wysoko.<\/p>\n<p class=\"contentpart contentpart--default contentpart--text\" data-position=\"3\">&#8211; Ko\u0144c\u00f3wka rundy nie u\u0142o\u017cy\u0142a si\u0119 po naszej my\u015bli, ale patrz\u0105c na ca\u0142y sezon nie mamy co narzeka\u0107. Trzeba wyczy\u015bci\u0107 g\u0142owy, od stycznia wzi\u0105\u0107 si\u0119 do roboty i wr\u00f3ci\u0107 do naszego grania. Wcze\u015bniej s\u0142yn\u0119li\u015bmy z tego, \u017ce dobrze bronimy, jeste\u015bmy szczelni, a na koniec si\u0119 rozwalili\u015bmy. Tak jak wspomnia\u0142em: weso\u0142y futbol. Szkoda, \u017ce dla Lechii &#8211; m\u00f3wi\u0142 Janicki.<\/p>\n<p class=\"contentpart contentpart--default contentpart--text\" data-position=\"4\">Dopytali\u015bmy te\u017c wysokie pora\u017cki w Radomiu i Gda\u0144sku mo\u017cna t\u0142umaczy\u0107 absencj\u0105 kontuzjowanych Jaros\u0142awa Kubickiego i Lukasa Ambrosa, czyli &#8211; by\u0142o, nie by\u0142o &#8211; kluczowych postaci w zespole.<\/p>\n<p class=\"contentpart contentpart--default contentpart--text\" data-position=\"5\">&#8211; Nie chcia\u0142bym m\u00f3wi\u0107, \u017ce to nie ma wp\u0142ywu. Mieli\u015bmy \u017celazn\u0105 jedenastk\u0119 i \u015brodek pola by\u0142 mocny. Na pewno ich brak mia\u0142 wp\u0142yw na wyniki, ale te\u017c nie zgania\u0142bym na to. Po prostu jako zesp\u00f3\u0142 wygl\u0105dali\u015bmy du\u017co gorzej &#8211; powiedzia\u0142 Janicki.<\/p>\n<p> <img role=\"presentation\" src=\"https:\/\/std.wpcdn.pl\/images\/adv\/placeholder_wp.svg\" loading=\"lazy\" alt=\"\" decoding=\"async\"\/>  <\/p>\n<p class=\"contentpart contentpart--default contentpart--text\" data-position=\"6\">Tomasz Gali\u0144ski, WP SportoweFakty<\/p>\n","protected":false},"excerpt":{"rendered":"Tydzie\u0144 temu radosn\u0105 tw\u00f3rczo\u015b\u0107 G\u00f3rnika Zabrze w defensywie wykorzysta\u0142 Radomiak Radom i wygra\u0142 4:0, a w pi\u0105tkowy wiecz\u00f3r&hellip;\n","protected":false},"author":2,"featured_media":137241,"comment_status":"","ping_status":"","sticky":false,"template":"","format":"standard","meta":{"footnotes":""},"categories":[24],"tags":[1048,4979,2308,269,1724,42,38,40,9023,39,41,28338,127,126],"class_list":{"0":"post-137240","1":"post","2":"type-post","3":"status-publish","4":"format-standard","5":"has-post-thumbnail","7":"category-sport","8":"tag-gdansk","9":"tag-gornik-zabrze","10":"tag-lechia-gdansk","11":"tag-pilka-nozna","12":"tag-pko-ekstraklasa","13":"tag-pl","14":"tag-poland","15":"tag-polish","16":"tag-polsat-plus-arena-gdansk","17":"tag-polska","18":"tag-polski","19":"tag-rafal-janicki","20":"tag-sport","21":"tag-sports"},"share_on_mastodon":{"url":"https:\/\/pubeurope.com\/@pl\/115677789459550583","error":""},"_links":{"self":[{"href":"https:\/\/www.europesays.com\/pl\/wp-json\/wp\/v2\/posts\/137240","targetHints":{"allow":["GET"]}}],"collection":[{"href":"https:\/\/www.europesays.com\/pl\/wp-json\/wp\/v2\/posts"}],"about":[{"href":"https:\/\/www.europesays.com\/pl\/wp-json\/wp\/v2\/types\/post"}],"author":[{"embeddable":true,"href":"https:\/\/www.europesays.com\/pl\/wp-json\/wp\/v2\/users\/2"}],"replies":[{"embeddable":true,"href":"https:\/\/www.europesays.com\/pl\/wp-json\/wp\/v2\/comments?post=137240"}],"version-history":[{"count":0,"href":"https:\/\/www.europesays.com\/pl\/wp-json\/wp\/v2\/posts\/137240\/revisions"}],"wp:featuredmedia":[{"embeddable":true,"href":"https:\/\/www.europesays.com\/pl\/wp-json\/wp\/v2\/media\/137241"}],"wp:attachment":[{"href":"https:\/\/www.europesays.com\/pl\/wp-json\/wp\/v2\/media?parent=137240"}],"wp:term":[{"taxonomy":"category","embeddable":true,"href":"https:\/\/www.europesays.com\/pl\/wp-json\/wp\/v2\/categories?post=137240"},{"taxonomy":"post_tag","embeddable":true,"href":"https:\/\/www.europesays.com\/pl\/wp-json\/wp\/v2\/tags?post=137240"}],"curies":[{"name":"wp","href":"https:\/\/api.w.org\/{rel}","templated":true}]}}