{"id":137365,"date":"2025-12-07T11:59:12","date_gmt":"2025-12-07T11:59:12","guid":{"rendered":"https:\/\/www.europesays.com\/pl\/137365\/"},"modified":"2025-12-07T11:59:12","modified_gmt":"2025-12-07T11:59:12","slug":"pilka-nozna-marc-andre-ter-stegen-ma-wrocic-na-lawke-barcelony","status":"publish","type":"post","link":"https:\/\/www.europesays.com\/pl\/137365\/","title":{"rendered":"Pi\u0142ka no\u017cna: Marc-Andre ter Stegen ma wroci\u0107 na \u0142awk\u0119 Barcelony"},"content":{"rendered":"<p class=\"typography ids-typeset-body ids-typeset-body--preset-large link paragraph ids-paragraph ids-paragraph--default\">Bez dw\u00f3ch zda\u0144 2025 rok nie nale\u017cy do udanych dla<a href=\"https:\/\/sport.interia.pl\/pilka-nozna\/profil-marc-andre-ter-stegen,sppi,2353\" target=\"_self\" rel=\"nofollow noopener\">\u00a0Marca-Andre ter Stegena<\/a>. Przez kontuzj\u0119 odniesion\u0105 pod koniec wrze\u015bnia 2024 roku straci\u0142 swoje miejsce w bramce Barcelony na korzy\u015b\u0107\u00a0<a href=\"https:\/\/sport.interia.pl\/pilka-nozna\/profil-wojciech-szczesny,sppi,1952\" target=\"_self\" rel=\"nofollow noopener\">Wojciecha Szcz\u0119snego<\/a>, a nied\u0142ugo po tym przytrafi\u0142y mu si\u0119 problemy z plecami. Do tego dosz\u0142y problemy z dogadaniem si\u0119 z klubem w sprawie raportu medycznego, a tak\u017ce kwestia ewentualnego transferu do innej ekipy.<\/p>\n<p class=\"typography ids-typeset-body ids-typeset-body--preset-large link paragraph ids-paragraph ids-paragraph--default\">Finalnie 33-latek pozosta\u0142 w &#8222;Dumie Katalonii&#8221; i podj\u0105\u0142 si\u0119 operacji wspomnianych plec\u00f3w, kt\u00f3ra zmusi\u0142a go do kolejnej d\u0142u\u017cszej przerwy. Wiele jednak wskazuje, \u017ce Niemiec wraca do zdrowia. Ju\u017c jaki\u015b czas temu wr\u00f3ci\u0142 do trening\u00f3w z dru\u017cyn\u0105 na boisku i wydaje si\u0119, \u017ce jego powr\u00f3t do pe\u0142nej sprawno\u015bci jest ju\u017c bardzo blisko.<\/p>\n<p class=\"typography ids-typeset-body ids-typeset-body--preset-large link paragraph ids-paragraph ids-paragraph--default\">Najnowsze informacje na ten temat przekaza\u0142o &#8222;Mundo Deportivo&#8221;.\u00a0Ich zdaniem Niemiec jest na dobrej drodze i zapowiada si\u0119, \u017ce ju\u017c w przysz\u0142ym otrzyma on zielone \u015bwiat\u0142o. Oznacza to, \u017ce golkiper by\u0107 mo\u017ce znajdzie si\u0119 w kadrze meczowej na najbli\u017csze spotkanie ligowe dru\u017cyny, z Osasun\u0105 w sobot\u0119 13 grudnia.<\/p>\n<p class=\"typography ids-typeset-body ids-typeset-body--preset-large link paragraph ids-paragraph ids-paragraph--default\">&#8211; Oczekuje si\u0119, \u017ce w przysz\u0142ym tygodniu otrzyma zgod\u0119 od lekarzy, dzi\u0119ki czemu b\u0119dzie m\u00f3g\u0142 zagra\u0107 z Hansim Flickiem w meczu ligowym z Osasun\u0105 w przysz\u0142\u0105 sobot\u0119 &#8211; czytamy.<\/p>\n<p>Ter Stegen wr\u00f3ci do gry, Szcz\u0119sny mo\u017ce straci\u0107<\/p>\n<p class=\"typography ids-typeset-body ids-typeset-body--preset-large link paragraph ids-paragraph ids-paragraph--default\">Takie informacje mog\u0105 oznacza\u0107 ewentualn\u0105 utrat\u0119 pozycji przez Wojciecha Szcz\u0119snego. 35-latek jest aktualnie pierwszym wyborem Hansiego Flicka do wej\u015bcia w razie kontuzji b\u0105d\u017a gorzej dyspozycji Joana Garcii, pierwszego golkipera &#8222;Blaugrany&#8221;.<\/p>\n<p class=\"typography ids-typeset-body ids-typeset-body--preset-large link paragraph ids-paragraph ids-paragraph--default\">Nie wiadomo jednak, czy Niemiec planuje pozosta\u0107 w klubie na d\u0142u\u017cej. Na horyzoncie powoli pojawia si\u0119 przysz\u0142oroczny mundial, a Ter Stegen, aby otrzyma\u0107 powo\u0142anie do kadry, z pewno\u015bci\u0105 musi gra\u0107. Mo\u017cliwe, \u017ce 33-latek w przypadku otrzymania korzystnej oferty zdecyduje si\u0119 na transfer.<\/p>\n<p class=\"typography ids-typeset-body ids-typeset-body--preset-large link paragraph ids-paragraph ids-paragraph--default\">Nim Barcelona podejmie na Camp Nou Osasun\u0119, zmierzy si\u0119 we wtorek z Eintrachtem Frankfurt. B\u0119dzie to spotkanie w ramach 6. kolejki fazy ligowej Ligi Mistrz\u00f3w. Pierwszy gwizdek zaplanowany jest na godz. 21:00.<\/p>\n<p>Czy W\u0142ochy s\u0105 przygotowane na igrzyska olimpijskie? &#8222;Wszyscy s\u0105 gotowi na emocje&#8221;. WIDEOPolsat SportPolsat Sport<\/p>\n<p><img decoding=\"async\" class=\"ids-image-holder__img\" loading=\"lazy\" alt=\"Marc-Andre ter Stegen\" title=\"Marc-Andre ter Stegen\" width=\"8192\" height=\"5464\" src=\"https:\/\/www.europesays.com\/pl\/wp-content\/uploads\/2025\/12\/000L5K6RUNPO71JM-C322-F4.webp.webp\"\/><\/p>\n<p>Marc-Andre ter StegenURBANANDSPORT \/ NURPHOTO \/ NURPHOTO VIA AFPAFP<\/p>\n<p><img decoding=\"async\" class=\"ids-image-holder__img\" loading=\"lazy\" alt=\"Marc-Andre ter Stegen\" title=\"Marc-Andre ter Stegen\" width=\"1928\" height=\"1357\" src=\"https:\/\/www.europesays.com\/pl\/wp-content\/uploads\/2025\/12\/000KYZXTBCS1QN03-C322-F4.webp.webp\"\/><\/p>\n<p>Marc-Andre ter StegenLLUIS GENE \/ AFPAFP<\/p>\n<p><img decoding=\"async\" class=\"ids-image-holder__img\" loading=\"lazy\" alt=\"Wojciech Szcz\u0119sny\" title=\"Wojciech Szcz\u0119sny\" width=\"1974\" height=\"1317\" src=\"https:\/\/www.europesays.com\/pl\/wp-content\/uploads\/2025\/12\/000L5K6ZQ4DJJ69R-C322-F4.webp.webp\"\/><\/p>\n<p>Wojciech Szcz\u0119snyMATTHIEU MIRVILLE \/ MATTHIEU MIRVILLE \/ DPPI VIA AFPAFP<\/p>\n<p><a class=\"ids-undecorated-link source ids-page-info--source__link\" href=\"https:\/\/www.interia.pl\" rel=\"nofollow noopener\" target=\"_blank\"><img decoding=\"async\" class=\"ids-image-holder__img\" loading=\"lazy\" alt=\"\" title=\"\" height=\"24px\" src=\"https:\/\/www.europesays.com\/pl\/wp-content\/uploads\/2025\/12\/1765045941_407_0009A60QQ5I2TYF7-C202-F4.webp.webp\"\/><\/a><\/p>\n<p>Masz sugestie, uwagi albo widzisz b\u0142\u0105d? Napisz do nas<\/p>\n","protected":false},"excerpt":{"rendered":"Bez dw\u00f3ch zda\u0144 2025 rok nie nale\u017cy do udanych dla\u00a0Marca-Andre ter Stegena. Przez kontuzj\u0119 odniesion\u0105 pod koniec wrze\u015bnia&hellip;\n","protected":false},"author":2,"featured_media":137366,"comment_status":"","ping_status":"","sticky":false,"template":"","format":"standard","meta":{"footnotes":""},"categories":[24],"tags":[42,38,40,39,41,127,126],"class_list":{"0":"post-137365","1":"post","2":"type-post","3":"status-publish","4":"format-standard","5":"has-post-thumbnail","7":"category-sport","8":"tag-pl","9":"tag-poland","10":"tag-polish","11":"tag-polska","12":"tag-polski","13":"tag-sport","14":"tag-sports"},"share_on_mastodon":{"url":"https:\/\/pubeurope.com\/@pl\/115678175091232288","error":""},"_links":{"self":[{"href":"https:\/\/www.europesays.com\/pl\/wp-json\/wp\/v2\/posts\/137365","targetHints":{"allow":["GET"]}}],"collection":[{"href":"https:\/\/www.europesays.com\/pl\/wp-json\/wp\/v2\/posts"}],"about":[{"href":"https:\/\/www.europesays.com\/pl\/wp-json\/wp\/v2\/types\/post"}],"author":[{"embeddable":true,"href":"https:\/\/www.europesays.com\/pl\/wp-json\/wp\/v2\/users\/2"}],"replies":[{"embeddable":true,"href":"https:\/\/www.europesays.com\/pl\/wp-json\/wp\/v2\/comments?post=137365"}],"version-history":[{"count":0,"href":"https:\/\/www.europesays.com\/pl\/wp-json\/wp\/v2\/posts\/137365\/revisions"}],"wp:featuredmedia":[{"embeddable":true,"href":"https:\/\/www.europesays.com\/pl\/wp-json\/wp\/v2\/media\/137366"}],"wp:attachment":[{"href":"https:\/\/www.europesays.com\/pl\/wp-json\/wp\/v2\/media?parent=137365"}],"wp:term":[{"taxonomy":"category","embeddable":true,"href":"https:\/\/www.europesays.com\/pl\/wp-json\/wp\/v2\/categories?post=137365"},{"taxonomy":"post_tag","embeddable":true,"href":"https:\/\/www.europesays.com\/pl\/wp-json\/wp\/v2\/tags?post=137365"}],"curies":[{"name":"wp","href":"https:\/\/api.w.org\/{rel}","templated":true}]}}