{"id":137460,"date":"2025-12-07T13:02:13","date_gmt":"2025-12-07T13:02:13","guid":{"rendered":"https:\/\/www.europesays.com\/pl\/137460\/"},"modified":"2025-12-07T13:02:13","modified_gmt":"2025-12-07T13:02:13","slug":"flick-bezlitosny-naprawde-zrobil-to-lewandowskiemu-jest-wideo","status":"publish","type":"post","link":"https:\/\/www.europesays.com\/pl\/137460\/","title":{"rendered":"Flick bezlitosny, naprawd\u0119 zrobi\u0142 to Lewandowskiemu. Jest wideo"},"content":{"rendered":"<p class=\"typography ids-typeset-body ids-typeset-body--preset-large link paragraph ids-paragraph ids-paragraph--default\">Ju\u017c w sz\u00f3stej minucie prowadzenie Betisowi da\u0142 Antony. W\u00f3wczas wiele wskazywa\u0142o na to, \u017ce starcie ekipy z Sewilli z Barcelon\u0105 w 15. kolejce La Liga b\u0119dzie wyr\u00f3wnane. Tymczasem po pierwszej po\u0142owie mistrzowie Hiszpanii prowadzili a\u017c 4:1.<\/p>\n<p>Real Betis \u2013 FC Barcelona 3:5. Grad bramek w Sewilli [WIDEO] (Eleven Sports)Eleven Sports<\/p>\n<p>Lewandowski ju\u017c wita\u0142 si\u0119 z g\u0105sk\u0105. Nagle Flick zrobi\u0142 to<\/p>\n<p class=\"typography ids-typeset-body ids-typeset-body--preset-large link paragraph ids-paragraph ids-paragraph--default\">W teorii Barcelonie nie mia\u0142o prawa wydarzy\u0107 si\u0119 ju\u017c nic z\u0142ego, wynik by\u0142 rozstrzygni\u0119ty. Mimo to w ko\u0144c\u00f3wce spotkania zrobi\u0142o si\u0119 gor\u0105co. W 85. minucie do siatki trafi\u0142 Diego Llorente. Z perspektywy Realu Betis by\u0142o 2:5.<\/p>\n<p class=\"typography ids-typeset-body ids-typeset-body--preset-large link paragraph ids-paragraph ids-paragraph--default\">Jeszcze przed golem dla Realu Betis do zmiany szykowany by\u0142 Lewandowski. Kapitan reprezentacji Polski czeka\u0142 przygotowany przy linii bocznej, a\u017c b\u0119dzie m\u00f3g\u0142 postawi\u0107 nog\u0119 na boisku. Ostatecznie Flick w ostatniej chwili&#8230; zmieni\u0142 zdanie.<\/p>\n<p class=\"typography ids-typeset-body ids-typeset-body--preset-large link paragraph ids-paragraph ids-paragraph--default\">Niemiecki trener, widz\u0105c to, co dzieje si\u0119 z lini\u0105 obrony, postanowi\u0142 wpu\u015bci\u0107 18-letniego Jofre Torrentsa. Zaj\u0105\u0142 on miejsce <a href=\"https:\/\/sport.interia.pl\/pilka-nozna\/profil-eric-garcia,sppi,3004\" rel=\"nofollow noopener\" target=\"_blank\">Erica Garcii<\/a>. Dlatego polski napastnik musia\u0142 z powrotem zasi\u0105\u015b\u0107 na \u0142awce rezerwowych. Wprowadzenie defensora nie zapobieg\u0142o jednak utracie goli.<\/p>\n<p class=\"typography ids-typeset-body ids-typeset-body--preset-large link paragraph ids-paragraph ids-paragraph--default\">Ca\u0142a sytuacja by\u0142a nieco kuriozalna. Nagranie pojawi\u0142o si\u0119 w mediach spo\u0142eczno\u015bciowych. Doskonale wida\u0107 na nim moment, w kt\u00f3rym <a href=\"https:\/\/sport.interia.pl\/pilka-nozna\/profil-hans-dieter-flick,sppi,36768\" rel=\"nofollow noopener\" target=\"_blank\">Hansi Flick<\/a>\u00a0podchodzi do Roberta Lewandowskiemu i t\u0142umaczy swoje dzia\u0142anie. Obaj panowie zareagowali tylko szerokim u\u015bmiechem. Incydent ten nie wzbudzi\u0142 mi\u0119dzy nimi z\u0142ej krwi.<\/p>\n<p class=\"typography ids-typeset-body ids-typeset-body--preset-large link paragraph ids-paragraph ids-paragraph--default\">Dodatkowo pi\u0119\u0107 minut p\u00f3\u017anej gola na 3:5 strzeli\u0142 jeszcze Cucho Hernandez, kt\u00f3ry wykorzysta\u0142 &#8222;jedenastk\u0119&#8221;. Takim wynikiem zako\u0144czy\u0142o si\u0119 sobotnie spotkanie. Czy Niemca zaniepokoi\u0142y wydarzenia z ko\u0144c\u00f3wki meczu?<\/p>\n<p class=\"typography ids-typeset-body ids-typeset-body--preset-large link paragraph ids-paragraph ids-paragraph--default\">&#8211; Nie, jestem naprawd\u0119 zadowolony i mam ogromny szacunek oraz uznanie dla dru\u017cyny. Walczyli, przegrywali\u015bmy jedn\u0105 bramk\u0105, a mimo to wr\u00f3cili\u015bmy do gry, a to, jak zagrali\u015bmy w pierwszej po\u0142owie, by\u0142o naprawd\u0119 bardzo dobre. W ko\u0144c\u00f3wce zawodnicy byli ju\u017c wyczerpani, tak po prostu bywa. A tak\u017ce w defensywie, wiesz, zawsze znajdzie si\u0119 kto\u015b, kto sygnalizuje, \u017ce musi zej\u015b\u0107, i naprawd\u0119 ciesz\u0119 si\u0119, \u017ce walcz\u0105 pe\u0142ne 90 minut i daj\u0105 z siebie wszystko dla tej dru\u017cyny, dla tego klubu, dla kibic\u00f3w. Bardzo to doceniam &#8211; t\u0142umaczy\u0142, cytowany przez portal fcbarca.com.<\/p>\n<p><img decoding=\"async\" class=\"ids-image-holder__img\" loading=\"lazy\" alt=\"Hansi Flick nie m\u00f3g\u0142 skorzysta\u0107 z Roberta Lewandowskiego\" title=\"Hansi Flick nie m\u00f3g\u0142 skorzysta\u0107 z Roberta Lewandowskiego\" width=\"1748\" height=\"1240\" src=\"https:\/\/www.europesays.com\/pl\/wp-content\/uploads\/2025\/11\/000KYMJVPPEWBVJ0-C322-F4.webp.webp\"\/><\/p>\n<p>Hansi Flick nie m\u00f3g\u0142 skorzysta\u0107 z Roberta LewandowskiegoAFP<\/p>\n<p><img decoding=\"async\" class=\"ids-image-holder__img\" loading=\"lazy\" alt=\"M\u0119\u017cczyzna w sportowej koszulce w niebiesko-czerwone pasy stoi w t\u0142umie innych os\u00f3b, wyr\u00f3\u017cnia si\u0119 jasnymi, kr\u00f3tkimi w\u0142osami i skupion\u0105 min\u0105.\" title=\"Robert Lewandowski\" width=\"1215\" height=\"809\" src=\"https:\/\/www.europesays.com\/pl\/wp-content\/uploads\/2025\/12\/000LHZP2REPDODRR-C322-F4.webp.webp\"\/><\/p>\n<p>Robert LewandowskiPhoto by MATTHIEU MIRVILLE \/ Matthieu Mirville \/ DPPI via AFP AFP<\/p>\n<p><img decoding=\"async\" class=\"ids-image-holder__img\" loading=\"lazy\" alt=\"Hansi Flick\" title=\"Hansi Flick\" width=\"4500\" height=\"3000\" src=\"https:\/\/www.europesays.com\/pl\/wp-content\/uploads\/2025\/12\/000L1QW7S1OF34BA-C322-F4.webp.webp\"\/><\/p>\n<p>Hansi FlickFABRIZIO CARABELLI \/ LiveMedia \/ DPPI via AFPAFP<\/p>\n<p><a class=\"ids-undecorated-link source ids-page-info--source__link\" href=\"https:\/\/www.interia.pl\" rel=\"nofollow noopener\" target=\"_blank\"><img decoding=\"async\" class=\"ids-image-holder__img\" loading=\"lazy\" alt=\"\" title=\"\" height=\"24px\" src=\"https:\/\/www.europesays.com\/pl\/wp-content\/uploads\/2025\/12\/1765045941_407_0009A60QQ5I2TYF7-C202-F4.webp.webp\"\/><\/a><\/p>\n<p>Masz sugestie, uwagi albo widzisz b\u0142\u0105d? Napisz do nas<\/p>\n","protected":false},"excerpt":{"rendered":"Ju\u017c w sz\u00f3stej minucie prowadzenie Betisowi da\u0142 Antony. W\u00f3wczas wiele wskazywa\u0142o na to, \u017ce starcie ekipy z Sewilli&hellip;\n","protected":false},"author":2,"featured_media":137461,"comment_status":"","ping_status":"","sticky":false,"template":"","format":"standard","meta":{"footnotes":""},"categories":[24],"tags":[42,38,40,39,41,127,126],"class_list":{"0":"post-137460","1":"post","2":"type-post","3":"status-publish","4":"format-standard","5":"has-post-thumbnail","7":"category-sport","8":"tag-pl","9":"tag-poland","10":"tag-polish","11":"tag-polska","12":"tag-polski","13":"tag-sport","14":"tag-sports"},"share_on_mastodon":{"url":"https:\/\/pubeurope.com\/@pl\/115678422653803508","error":""},"_links":{"self":[{"href":"https:\/\/www.europesays.com\/pl\/wp-json\/wp\/v2\/posts\/137460","targetHints":{"allow":["GET"]}}],"collection":[{"href":"https:\/\/www.europesays.com\/pl\/wp-json\/wp\/v2\/posts"}],"about":[{"href":"https:\/\/www.europesays.com\/pl\/wp-json\/wp\/v2\/types\/post"}],"author":[{"embeddable":true,"href":"https:\/\/www.europesays.com\/pl\/wp-json\/wp\/v2\/users\/2"}],"replies":[{"embeddable":true,"href":"https:\/\/www.europesays.com\/pl\/wp-json\/wp\/v2\/comments?post=137460"}],"version-history":[{"count":0,"href":"https:\/\/www.europesays.com\/pl\/wp-json\/wp\/v2\/posts\/137460\/revisions"}],"wp:featuredmedia":[{"embeddable":true,"href":"https:\/\/www.europesays.com\/pl\/wp-json\/wp\/v2\/media\/137461"}],"wp:attachment":[{"href":"https:\/\/www.europesays.com\/pl\/wp-json\/wp\/v2\/media?parent=137460"}],"wp:term":[{"taxonomy":"category","embeddable":true,"href":"https:\/\/www.europesays.com\/pl\/wp-json\/wp\/v2\/categories?post=137460"},{"taxonomy":"post_tag","embeddable":true,"href":"https:\/\/www.europesays.com\/pl\/wp-json\/wp\/v2\/tags?post=137460"}],"curies":[{"name":"wp","href":"https:\/\/api.w.org\/{rel}","templated":true}]}}