{"id":137508,"date":"2025-12-07T13:34:14","date_gmt":"2025-12-07T13:34:14","guid":{"rendered":"https:\/\/www.europesays.com\/pl\/137508\/"},"modified":"2025-12-07T13:34:14","modified_gmt":"2025-12-07T13:34:14","slug":"rosjanka-zwiedza-europe-jej-ojciec-jest-wspolpracownikiem-putina","status":"publish","type":"post","link":"https:\/\/www.europesays.com\/pl\/137508\/","title":{"rendered":"Rosjanka zwiedza Europ\u0119. Jej ojciec jest wsp\u00f3\u0142pracownikiem Putina"},"content":{"rendered":"<p>Portal Nexta poinformowa\u0142 o\u00a0wystawnym \u017cyciu 22-letniej Anastazji Tokariew. Z ustale\u0144 wynika, \u017ce to c\u00f3rka Aleksandra Tokariewa, rosyjskiego genera\u0142a, kt\u00f3ry jest okre\u015blany mianem kata Ukrai\u0144c\u00f3w.<\/p>\n<p>Tokariew bierze bezpo\u015bredni udzia\u0142 w\u00a0otwartej inwazji na Ukrain\u0119. Wojskowy dowodzi 22. korpusem 5. Armii Og\u00f3lnowojskowej Wschodniego Okr\u0119gu Wojskowego Si\u0142 Zbrojnych Rosji &#8211;\u00a0podaje Nexta. Jego c\u00f3rka jest absolwentk\u0105 szko\u0142y dla dziewcz\u0105t w\u00a0Ministerstwie Obrony.<\/p>\n<p>Zaczepi\u0142 j\u0105 na\u00a0Guba\u0142\u00f3wce. Nawet si\u0119 nie waha\u0142a. &#8222;Zapakowa\u0142 12\u00a0os\u00f3b&#8221; <\/p>\n<p>Jak si\u0119 okazuje, 22-letnia Anastazja nie ma problem\u00f3w z\u00a0podr\u00f3\u017cowaniem po Europie. Prowadzi swoje blogi i\u00a0relacjonuje wszystkie wycieczki w\u00a0mediach spo\u0142eczno\u015bciowych.<\/p>\n<p>Wiadomo, \u017ce w\u00a0czasie wojny odwiedzi\u0142a Francj\u0119, W\u0142ochy i\u00a0Austri\u0119. Sama w\u00a0sieci przyzna\u0142a, \u017ce otrzyma\u0142a wiz\u0119, bo &#8222;gospodarka Europy os\u0142ab\u0142a&#8221; przez to, i\u017c wprowadzono ograniczenia dla Rosjan.<\/p>\n<p>Twierdzi, \u017ce na wymarzone wakacje wyda\u0142a milion rubli, czyli ok. 50 tys. z\u0142. Zabra\u0142a ze sob\u0105 psa oraz przyjaci\u00f3\u0142k\u0119. Z\u00a0relacji medi\u00f3w wynika, \u017ce po ujawnieniu informacji, kobieta zdecydowa\u0142a si\u0119 usun\u0105\u0107 swoje konta z\u00a0medi\u00f3w spo\u0142eczno\u015bciowych.<\/p>\n<p>Tymczasem Tokariew ma bliski dost\u0119p do spotka\u0144 z\u00a0W\u0142adimirem Putinem. W 2023 rosyjska agencja TASS relacjonowa\u0142a, i\u017c genera\u0142 zdawa\u0142 prezydentowi relacj\u0119 ze szkolenia nowych \u017co\u0142nierzy, kt\u00f3rzy mieli zosta\u0107 wys\u0142ani na &#8222;specjaln\u0105 operacj\u0119 wojskow\u0105&#8221;.<\/p>\n","protected":false},"excerpt":{"rendered":"Portal Nexta poinformowa\u0142 o\u00a0wystawnym \u017cyciu 22-letniej Anastazji Tokariew. Z ustale\u0144 wynika, \u017ce to c\u00f3rka Aleksandra Tokariewa, rosyjskiego genera\u0142a,&hellip;\n","protected":false},"author":2,"featured_media":137509,"comment_status":"","ping_status":"","sticky":false,"template":"","format":"standard","meta":{"footnotes":""},"categories":[14],"tags":[32,33,27,34,35,28,31,25,40,41,80,29,30,26,82,83,84],"class_list":{"0":"post-137508","1":"post","2":"type-post","3":"status-publish","4":"format-standard","5":"has-post-thumbnail","7":"category-swiat","8":"tag-breaking-news","9":"tag-breakingnews","10":"tag-headlines","11":"tag-latest-news","12":"tag-latestnews","13":"tag-naglowki","14":"tag-najwazniejsze-artykuly","15":"tag-news","16":"tag-polish","17":"tag-polski","18":"tag-swiat","19":"tag-top-stories","20":"tag-topstories","21":"tag-wiadomosci","22":"tag-world","23":"tag-world-news","24":"tag-worldnews"},"share_on_mastodon":{"url":"https:\/\/pubeurope.com\/@pl\/115678548194344374","error":""},"_links":{"self":[{"href":"https:\/\/www.europesays.com\/pl\/wp-json\/wp\/v2\/posts\/137508","targetHints":{"allow":["GET"]}}],"collection":[{"href":"https:\/\/www.europesays.com\/pl\/wp-json\/wp\/v2\/posts"}],"about":[{"href":"https:\/\/www.europesays.com\/pl\/wp-json\/wp\/v2\/types\/post"}],"author":[{"embeddable":true,"href":"https:\/\/www.europesays.com\/pl\/wp-json\/wp\/v2\/users\/2"}],"replies":[{"embeddable":true,"href":"https:\/\/www.europesays.com\/pl\/wp-json\/wp\/v2\/comments?post=137508"}],"version-history":[{"count":0,"href":"https:\/\/www.europesays.com\/pl\/wp-json\/wp\/v2\/posts\/137508\/revisions"}],"wp:featuredmedia":[{"embeddable":true,"href":"https:\/\/www.europesays.com\/pl\/wp-json\/wp\/v2\/media\/137509"}],"wp:attachment":[{"href":"https:\/\/www.europesays.com\/pl\/wp-json\/wp\/v2\/media?parent=137508"}],"wp:term":[{"taxonomy":"category","embeddable":true,"href":"https:\/\/www.europesays.com\/pl\/wp-json\/wp\/v2\/categories?post=137508"},{"taxonomy":"post_tag","embeddable":true,"href":"https:\/\/www.europesays.com\/pl\/wp-json\/wp\/v2\/tags?post=137508"}],"curies":[{"name":"wp","href":"https:\/\/api.w.org\/{rel}","templated":true}]}}