{"id":137511,"date":"2025-12-07T13:36:10","date_gmt":"2025-12-07T13:36:10","guid":{"rendered":"https:\/\/www.europesays.com\/pl\/137511\/"},"modified":"2025-12-07T13:36:10","modified_gmt":"2025-12-07T13:36:10","slug":"ma-18-lat-i-juz-jest-najlepszym-polskim-skoczkiem-fanki-maja-specjalne-prosby","status":"publish","type":"post","link":"https:\/\/www.europesays.com\/pl\/137511\/","title":{"rendered":"Ma 18 lat i ju\u017c jest najlepszym polskim skoczkiem. Fanki maj\u0105 specjalne pro\u015bby"},"content":{"rendered":"<p class=\"art_paragraph\">Ma 18 lat i jest jedynym polskim skoczkiem, kt\u00f3ry w tym sezonie punktowa\u0142 we wszystkich konkursach Pucharu \u015awiata. W Lillehammer by\u0142 18. i 22., w Falun 12. i 15., w Ruce 18., a w sobot\u0119 w Wi\u015ble zaj\u0105\u0142 25. miejsce.<\/p>\n<p>\n    Zobacz wideo Gor\u0105co wok\u00f3\u0142 polskich skok\u00f3w. Chodzi o sk\u0142ad na igrzyska\n  <\/p>\n<p class=\"art_paragraph\">W sumie po pi\u0119ciu konkursach Tomasiak ma 79 punkt\u00f3w i jest 19. w klasyfikacji generalnej. W Wi\u015ble musi sobie radzi\u0107 na skoczni, kt\u00f3ra jest dla niego trudna, i z otoczk\u0105, jakiej nigdy wcze\u015bniej nie mia\u0142. Ale Kacper radzi sobie bardzo dobrze. Jest spokojny, wywa\u017cony, skupiony na tym, co ma do zrobienia na skoczni.<\/p>\n<p> \u0141ukasz Jachimiak: Czy masz ju\u017c swoje kartki z autografem i rozdajesz?<\/p>\n<p class=\"art_paragraph\">Kacper Tomasiak: Jeszcze nie mam.<\/p>\n<p> To niedobrze, bo ju\u017c jest zapotrzebowanie. Czternastolatka z mojej rodziny prosi\u0142a, \u017cebym ci\u0119 o to zapyta\u0142.<\/p>\n<p class=\"art_paragraph\">&#8211; My\u015bl\u0119, \u017ce nied\u0142ugo b\u0119d\u0119 mia\u0142. Na Zakopane ju\u017c postaram si\u0119 przygotowa\u0107. A mo\u017ce nawet wcze\u015bniej. Sytuacja jest dynamiczna.<\/p>\n<p> Zdecydowanie jest! Jak si\u0119 odnajdujesz po naprawd\u0119 udanym wej\u015bciu do \u015bwiatowej elity skok\u00f3w narciarskich? Na ile w og\u00f3le masz \u015bwiadomo\u015b\u0107, \u017ce narobi\u0142e\u015b pozytywnego szumu?<\/p>\n<p class=\"art_paragraph\">&#8211; My\u015bl\u0119, \u017ce po prostu dobrze si\u0119 czu\u0142em w tych pierwszych zawodach na p\u00f3\u0142nocy.\u00a0Ale te\u017c wiem, \u017ce mam jeszcze troch\u0119 do poprawy w skokach i staram si\u0119 my\u015ble\u0107 o tym i zupe\u0142nie nie zaprz\u0105ta\u0107 sobie g\u0142owy tym ca\u0142ym szumem medialnym. Skupiam si\u0119 na tym, co mam robi\u0107 na skoczni, bo chc\u0119, \u017ceby to jak najlepiej wychodzi\u0142o.<\/p>\n<p> Kojarzysz Adama Bucholza ze Skijumping.pl?<\/p>\n<p class=\"art_paragraph\">&#8211; Tak.<\/p>\n<p> Widzia\u0142e\u015b mo\u017ce jego zestawienie pokazuj\u0105ce, \u017ce za chwil\u0119 b\u0119dziesz drugim najlepszym po Adamie Ma\u0142yszu nastolatku z Polski w historii Pucharu \u015awiata? A teoretycznie mo\u017cesz przeskoczy\u0107 nawet Ma\u0142ysza.<\/p>\n<p class=\"art_paragraph\">&#8211; Nie skupiam si\u0119 na takich statystykach, nie szperam w tym.<\/p>\n<p> Jasne, rozumiem. Po prostu zastanawiam si\u0119, na ile masz \u015bwiadomo\u015b\u0107, jak du\u017ce nadzieje w tobie pok\u0142adamy i ciesz\u0119 si\u0119 widz\u0105c, \u017ce specjalnie ci to nie ci\u0105\u017cy.<\/p>\n<p class=\"art_paragraph\">&#8211; Tak jest. Ja tylko chc\u0119 skaka\u0107 jak najlepiej, na razie mi to wychodzi i oby si\u0119 utrzyma\u0142o tak, jak jest teraz. A nawet, \u017ceby by\u0142o lepiej.<\/p>\n<p> Co jeszcze mo\u017cesz poprawi\u0107? Drug\u0105 faz\u0119 lotu?<\/p>\n<p class=\"art_paragraph\">&#8211; Tak, g\u0142\u00f3wnie tam mam problem. Na progu to ju\u017c jest bardzo dobrze, dostaj\u0119 ju\u017c tylko ewentualnie jakie\u015b uwagi odno\u015bnie timingu. Natomiast je\u015bli chodzi o lot, to nie da si\u0119 go poprawi\u0107 na raz, tylko trzeba po prostu si\u0119 wczu\u0107 w skoki i jak najwi\u0119cej ich oddawa\u0107, \u017ceby to poprawi\u0107.<\/p>\n<p> Mo\u017cna to zrobi\u0107 kr\u00f3tkimi treningami, jakie macie teraz? Teraz, w trakcie sezonu wasz\u0105 codzienno\u015bci\u0105 s\u0105 raczej podr\u00f3\u017ce z kraju do kraju i starty w zawodach, a nie treningi.<\/p>\n<p class=\"art_paragraph\">&#8211; To fakt, \u017ce w sezonie ci\u0119\u017cko jest potrenowa\u0107, ale my\u015bl\u0119, \u017ce skoki nawet z tymi b\u0142\u0119dami i tak wychodz\u0105 mi ca\u0142kiem dobrze, wi\u0119c nie ma co tak odpuszcza\u0107 jakich\u015b zawod\u00f3w, \u017ceby trenowa\u0107 dodatkowo.\u00a0Widz\u0119, \u017ce nawet mimo tej ma\u0142ej liczby <a href=\"https:\/\/www.sport.pl\/skoki\/0,0.html#anchorLink\" rel=\"nofollow noopener\" target=\"_blank\">skok\u00f3w<\/a>, kt\u00f3re oddajemy, jest minimalny progres ca\u0142y czas, wi\u0119c je\u015bli si\u0119 utrzyma, to my\u015bl\u0119, \u017ce w przysz\u0142o\u015bci b\u0119dzie bardzo dobrze.<\/p>\n<p> Na ile Ty w og\u00f3le znasz Wis\u0142\u0119?\u00a0To jest skocznia, na kt\u00f3rej pokazywa\u0142e\u015b si\u0119 w roli przedskoczka albo\/i startowa\u0142e\u015b w jakich\u015b zawodach ni\u017cszej rangi w ubieg\u0142ych latach?<\/p>\n<p class=\"art_paragraph\">&#8211; Bardziej tu trenowali\u015bmy, bo zawod\u00f3w tutaj jest ma\u0142o.\u00a0Tak naprawd\u0119 jedynie Puchar \u015awiata i mistrzostwa Polski.\u00a0Ale w ostatnich latach mistrzostw Polski tu nie by\u0142o, a w Pucharze \u015awiata jeszcze nie startowa\u0142em, wi\u0119c skoczni\u0119 znam g\u0142\u00f3wnie z trening\u00f3w tutaj. I my\u015bl\u0119, \u017ce znam j\u0105 do\u015b\u0107 dobrze.<\/p>\n<p> Pasuje Ci czy jest dla ciebie trudna?<\/p>\n<p class=\"art_paragraph\">&#8211; Mo\u017ce nie jest tak, \u017ce mi pasuje, ale te\u017c nie jest tak, \u017ce mi nie pasuje.\u00a0My\u015bl\u0119, \u017ce jak teraz jestem w lepszej formie ni\u017c chocia\u017cby w poprzednich sezonach, to powinna mi bardziej spasowa\u0107. Bo jak si\u0119 jest w dobrej formie, to najcz\u0119\u015bciej wszystkie skocznie pasuj\u0105 bardziej.<\/p>\n<p> A my\u015blisz troch\u0119 o tej otoczce, jaka tu jest?\u00a0Na sobot\u0119 sprzedano wszystkie bilety, a na niedziel\u0119 ju\u017c prawie wszystkie. Pierwszy raz wyst\u0105pisz przed tak du\u017c\u0105, w dodatku swoj\u0105, publiczno\u015bci\u0105.<\/p>\n<p class=\"art_paragraph\">&#8211; Przyjemnie jest widzie\u0107 z g\u00f3ry tak du\u017co bia\u0142o-czerwonych flag.\u00a0Mo\u017ce powoduje to troszeczk\u0119 wi\u0119kszy stres, ale my\u015bl\u0119, \u017ce uda\u0142o mi si\u0119 z tym fajnie sobie poradzi\u0107 i si\u0119 na ten widok u\u015bmiecha\u0107. Wcze\u015bniej nie mia\u0142em takiej okazji, to dla mnie nowe do\u015bwiadczenie. Generalnie w trakcie skoku umiem si\u0119 od wszystkiego dooko\u0142a si\u0119 odci\u0105\u0107 i jak si\u0119 puszczam z belki, to umiem si\u0119 skupi\u0107 na tym, co trzeba zrobi\u0107. Wtedy ju\u017c nie s\u0142ucham tego szumu dooko\u0142a. Licz\u0119, \u017ce ca\u0142y czas b\u0119dzie mi si\u0119 udawa\u0142o do tego podchodzi\u0107 raczej ch\u0142odno i oddawa\u0107 tu dobre skoki.<\/p>\n<p> Na pewno pierwszy raz na trybunach zawod\u00f3w tej rangi jest sporo twoich bliskich?<\/p>\n<p class=\"art_paragraph\">&#8211; Tak, jest rodzina i troch\u0119 znajomych. Ale to mi tylko pomaga.<\/p>\n<p> Marzy\u0142o, a mo\u017ce wci\u0105\u017c ci si\u0119 marzy jaki\u015b wyj\u0105tkowy wynik tutaj? Pewnie pierwszego w \u017cyciu miejsca w top 10 raczej ci nie \u017cyczy\u0107, \u017ceby ci\u0119 nie obci\u0105\u017ca\u0107?<\/p>\n<p class=\"art_paragraph\">&#8211; Wystarczy \u017cyczy\u0107 mi, \u017cebym dobrze skaka\u0142. A to si\u0119 prze\u0142o\u017cy na wyniki.<\/p>\n<p> Czy ty sobie w og\u00f3le pozwalasz na wybieganie my\u015blami do konkretnych wynik\u00f3w? Na przyk\u0142ad celujesz w start na igrzyskach olimpijskich ju\u017c za dwa miesi\u0105ce?<\/p>\n<p class=\"art_paragraph\">&#8211; Chcia\u0142bym tam wystartowa\u0107, ale to na razie jeszcze zbyt daleka perspektywa. Teraz my\u015bl\u0119 o najbli\u017cszych startach.<\/p>\n<p> A docieraj\u0105 do ciebie takie wypowiedzi, jak na przyk\u0142ad ta prezesa Adama Ma\u0142ysza, \u017ce idealnym scenariuszem dla przysz\u0142o\u015bci polskich skok\u00f3w by\u0142by olimpijski medal wywalczony w duetach przez ciebie i Kamila Stocha?<\/p>\n<p class=\"art_paragraph\">&#8211; To by na pewno by\u0142o co\u015b wspania\u0142ego, ale my\u015bl\u0119, \u017ce szanse na to jednak nie s\u0105 wielkie.<\/p>\n<p> Po\u017cegnania Ma\u0142ysza z 2011 roku pewnie nie pami\u0119tasz, bo mia\u0142e\u015b wtedy zaledwie cztery lata?<\/p>\n<p class=\"art_paragraph\">&#8211; Z powt\u00f3rek kojarz\u0119, \u017ce <a href=\"https:\/\/www.sport.pl\/skoki\/7,65074,32416859,alez-konkurs-w-lillehammer-stoch-pokazal-na-co-go-stac.html#anchorLink\" rel=\"nofollow noopener\" target=\"_blank\">Kamil Stoch<\/a> odta\u0144czy\u0142 dla Adama <a href=\"https:\/\/www.sport.pl\/adam-malysz#anchorLink\" rel=\"nofollow noopener\" target=\"_blank\">Ma\u0142ysza<\/a> specjalny taniec i \u017ce razem stan\u0119li na podium. Ale dla mnie to s\u0105 naprawd\u0119 bardzo dawne wspomnienia.<\/p>\n","protected":false},"excerpt":{"rendered":"Ma 18 lat i jest jedynym polskim skoczkiem, kt\u00f3ry w tym sezonie punktowa\u0142 we wszystkich konkursach Pucharu \u015awiata.&hellip;\n","protected":false},"author":2,"featured_media":137512,"comment_status":"","ping_status":"","sticky":false,"template":"","format":"standard","meta":{"footnotes":""},"categories":[5],"tags":[32,33,36,37,27,34,35,28,31,25,42,38,40,39,41,29,30,26],"class_list":{"0":"post-137511","1":"post","2":"type-post","3":"status-publish","4":"format-standard","5":"has-post-thumbnail","7":"category-naglowki","8":"tag-breaking-news","9":"tag-breakingnews","10":"tag-featured-news","11":"tag-featurednews","12":"tag-headlines","13":"tag-latest-news","14":"tag-latestnews","15":"tag-naglowki","16":"tag-najwazniejsze-artykuly","17":"tag-news","18":"tag-pl","19":"tag-poland","20":"tag-polish","21":"tag-polska","22":"tag-polski","23":"tag-top-stories","24":"tag-topstories","25":"tag-wiadomosci"},"share_on_mastodon":{"url":"https:\/\/pubeurope.com\/@pl\/115678556020083922","error":""},"_links":{"self":[{"href":"https:\/\/www.europesays.com\/pl\/wp-json\/wp\/v2\/posts\/137511","targetHints":{"allow":["GET"]}}],"collection":[{"href":"https:\/\/www.europesays.com\/pl\/wp-json\/wp\/v2\/posts"}],"about":[{"href":"https:\/\/www.europesays.com\/pl\/wp-json\/wp\/v2\/types\/post"}],"author":[{"embeddable":true,"href":"https:\/\/www.europesays.com\/pl\/wp-json\/wp\/v2\/users\/2"}],"replies":[{"embeddable":true,"href":"https:\/\/www.europesays.com\/pl\/wp-json\/wp\/v2\/comments?post=137511"}],"version-history":[{"count":0,"href":"https:\/\/www.europesays.com\/pl\/wp-json\/wp\/v2\/posts\/137511\/revisions"}],"wp:featuredmedia":[{"embeddable":true,"href":"https:\/\/www.europesays.com\/pl\/wp-json\/wp\/v2\/media\/137512"}],"wp:attachment":[{"href":"https:\/\/www.europesays.com\/pl\/wp-json\/wp\/v2\/media?parent=137511"}],"wp:term":[{"taxonomy":"category","embeddable":true,"href":"https:\/\/www.europesays.com\/pl\/wp-json\/wp\/v2\/categories?post=137511"},{"taxonomy":"post_tag","embeddable":true,"href":"https:\/\/www.europesays.com\/pl\/wp-json\/wp\/v2\/tags?post=137511"}],"curies":[{"name":"wp","href":"https:\/\/api.w.org\/{rel}","templated":true}]}}