{"id":137521,"date":"2025-12-07T13:42:07","date_gmt":"2025-12-07T13:42:07","guid":{"rendered":"https:\/\/www.europesays.com\/pl\/137521\/"},"modified":"2025-12-07T13:42:07","modified_gmt":"2025-12-07T13:42:07","slug":"tragiczny-wypadek-w-dydni-mezczyzna-wciagniety-przez-walek-ciagnika","status":"publish","type":"post","link":"https:\/\/www.europesays.com\/pl\/137521\/","title":{"rendered":"Tragiczny wypadek w Dydni. M\u0119\u017cczyzna wci\u0105gni\u0119ty przez wa\u0142ek ci\u0105gnika"},"content":{"rendered":"<p class=\"art_paragraph\">Do wypadku dosz\u0142o w sobot\u0119, 6 grudnia, tu\u017c po godzinie 17:00 na terenie prywatnej posesji w Dydni (powiat brzozowski, woj. podkarpackie). Ze wst\u0119pnych ustale\u0144 wynika, \u017ce 66-letni mieszkaniec regionu wykonywa\u0142 prace gospodarskie, gdy nagle zosta\u0142 wci\u0105gni\u0119ty przez wa\u0142ek nap\u0119dowy ci\u0105gnika rolniczego. Na miejsce natychmiast wezwano stra\u017c po\u017carn\u0105 i ratownik\u00f3w medycznych.\u00a0<\/p>\n<p>Dramat w Dydni. Walka o \u017cycie trwa\u0142a ponad p\u00f3\u0142 godziny\u00a0<\/p>\n<p class=\"art_paragraph\">Ratownicy rozpocz\u0119li resuscytacj\u0119 kr\u0105\u017ceniowo-oddechow\u0105, o czym tu\u017c przed godzin\u0105 18 informowa\u0142 st. kpt. Wojciech\u00a0Sobolak\u00a0z KP PSP w Brzozowie. Akcja by\u0142a intensywna i trwa\u0142a oko\u0142o 30 minut. Niestety, obra\u017cenia m\u0119\u017cczyzny okaza\u0142y si\u0119 zbyt powa\u017cne. O 18:15 potwierdzono, \u017ce jego \u017cycia nie uda\u0142o si\u0119 uratowa\u0107.\u00a0<\/p>\n<p class=\"art_paragraph\">Do tragedii dosz\u0142o na zboczu, nieopodal ko\u015bcio\u0142a parafialnego w Dydni. Teren zosta\u0142 zabezpieczony przez s\u0142u\u017cby. &#8211; Wyja\u015bniane s\u0105 okoliczno\u015bci zdarzenia, do jakiego dosz\u0142o po godz. 17. Podczas prac polowych ranny zosta\u0142 66-letni m\u0119\u017cczyzna. Niestety, pomimo reanimacji, jego \u017cycia nie uda\u0142o si\u0119 uratowa\u0107\u00a0&#8211;\u00a0przekaza\u0142a st.\u00a0asp. Joanna Baranowska, p.o. oficera prasowego Komendanta Powiatowego Policji w Brzozowie\u00a0portalowi brzozowinfo.pl.\u00a0<\/p>\n<p>Policja bada przyczyny tragedii\u00a0<\/p>\n<p class=\"art_paragraph\">Dok\u0142adne okoliczno\u015bci zdarzenia s\u0105 ustalane przez policj\u0119 pod nadzorem prokuratury. Funkcjonariusze sprawdzaj\u0105, jak dosz\u0142o do zaczepienia m\u0119\u017cczyzny o element maszyny i czy zachowane by\u0142y wszystkie zasady bezpiecze\u0144stwa.\u00a0<\/p>\n<p class=\"art_paragraph\">Czytaj tak\u017ce: <a href=\"https:\/\/wiadomosci.gazeta.pl\/polska\/7,198072,32453230,obowiazkowa-sluzba-wojskowa-polacy-wypowiedzieli-sie-w-nowym.html\" class=\"art_link\" rel=\"dofollow noopener\" target=\"_blank\">Obowi\u0105zkowa s\u0142u\u017cba wojskowa? Polacy wypowiedzieli si\u0119 w nowym sonda\u017cu<\/a><\/p>\n<p>\u0179r\u00f3d\u0142a: brzozowinfo.pl, Rzesz\u00f3w News<\/p>\n","protected":false},"excerpt":{"rendered":"Do wypadku dosz\u0142o w sobot\u0119, 6 grudnia, tu\u017c po godzinie 17:00 na terenie prywatnej posesji w Dydni (powiat&hellip;\n","protected":false},"author":2,"featured_media":137522,"comment_status":"","ping_status":"","sticky":false,"template":"","format":"standard","meta":{"footnotes":""},"categories":[12],"tags":[32,33,36,37,27,34,35,28,31,25,42,38,40,39,41,29,30,26],"class_list":{"0":"post-137521","1":"post","2":"type-post","3":"status-publish","4":"format-standard","5":"has-post-thumbnail","7":"category-polska","8":"tag-breaking-news","9":"tag-breakingnews","10":"tag-featured-news","11":"tag-featurednews","12":"tag-headlines","13":"tag-latest-news","14":"tag-latestnews","15":"tag-naglowki","16":"tag-najwazniejsze-artykuly","17":"tag-news","18":"tag-pl","19":"tag-poland","20":"tag-polish","21":"tag-polska","22":"tag-polski","23":"tag-top-stories","24":"tag-topstories","25":"tag-wiadomosci"},"share_on_mastodon":{"url":"https:\/\/pubeurope.com\/@pl\/115678579607687999","error":""},"_links":{"self":[{"href":"https:\/\/www.europesays.com\/pl\/wp-json\/wp\/v2\/posts\/137521","targetHints":{"allow":["GET"]}}],"collection":[{"href":"https:\/\/www.europesays.com\/pl\/wp-json\/wp\/v2\/posts"}],"about":[{"href":"https:\/\/www.europesays.com\/pl\/wp-json\/wp\/v2\/types\/post"}],"author":[{"embeddable":true,"href":"https:\/\/www.europesays.com\/pl\/wp-json\/wp\/v2\/users\/2"}],"replies":[{"embeddable":true,"href":"https:\/\/www.europesays.com\/pl\/wp-json\/wp\/v2\/comments?post=137521"}],"version-history":[{"count":0,"href":"https:\/\/www.europesays.com\/pl\/wp-json\/wp\/v2\/posts\/137521\/revisions"}],"wp:featuredmedia":[{"embeddable":true,"href":"https:\/\/www.europesays.com\/pl\/wp-json\/wp\/v2\/media\/137522"}],"wp:attachment":[{"href":"https:\/\/www.europesays.com\/pl\/wp-json\/wp\/v2\/media?parent=137521"}],"wp:term":[{"taxonomy":"category","embeddable":true,"href":"https:\/\/www.europesays.com\/pl\/wp-json\/wp\/v2\/categories?post=137521"},{"taxonomy":"post_tag","embeddable":true,"href":"https:\/\/www.europesays.com\/pl\/wp-json\/wp\/v2\/tags?post=137521"}],"curies":[{"name":"wp","href":"https:\/\/api.w.org\/{rel}","templated":true}]}}