{"id":137711,"date":"2025-12-07T16:10:17","date_gmt":"2025-12-07T16:10:17","guid":{"rendered":"https:\/\/www.europesays.com\/pl\/137711\/"},"modified":"2025-12-07T16:10:17","modified_gmt":"2025-12-07T16:10:17","slug":"jestem-bezczelny-i-dzwonie-tusk-opublikowal-nagranie-rozmowy","status":"publish","type":"post","link":"https:\/\/www.europesays.com\/pl\/137711\/","title":{"rendered":"&#8222;Jestem bezczelny i dzwoni\u0119&#8221;. Tusk opublikowa\u0142 nagranie rozmowy"},"content":{"rendered":"\n<p>&#13;<br \/>\nW niedziel\u0119 (7 grudnia) Donald Tusk opublikowa\u0142 w\u00a0serwisie X nagranie, w\u00a0kt\u00f3rym pokaza\u0142 wiadomo\u015b\u0107, jak\u0105 otrzyma\u0142 na\u00a0Instagramie od\u00a0pana Bartosza. M\u0119\u017cczyzna napisa\u0142, \u017ce\u00a0po\u00a012 latach pracy sektorze energetycznym w\u00a0Szkocji, wr\u00f3ci\u0142 do\u00a0Gda\u0144ska. Zostawi\u0142 te\u017c sw\u00f3j numer telefonu. &#13;\n<\/p>\n<p>&#13;<br \/>\n&#8222;Niedawno s\u0142ysza\u0142em jedno z\u00a0Pana wyst\u0105pie\u0144, w\u00a0kt\u00f3rym m\u00f3wi\u0142 Pan o\u00a0specjalistach wracaj\u0105cych do\u00a0kraju, by\u00a0budowa\u0107 polsk\u0105 energetyk\u0119 przysz\u0142o\u015bci. Pomy\u015bla\u0142em wtedy: to\u00a0dok\u0142adnie o\u00a0mnie:) Dlaczego? Po\u00a012 latach pracy w\u00a0Szkocji, gdzie wyjecha\u0142em zaraz po\u00a0studiach i\u00a0zdobywa\u0142em do\u015bwiadczenie (&#8230;) wr\u00f3ci\u0142em dos\u0142ownie 3\u00a0miesi\u0105ce temu do\u00a0Gda\u0144ska, ale\u00a0ju\u017c z\u00a0\u017con\u0105 i\u00a0dwiema c\u00f3rkami&#8221; \u2013\u00a0brzmi fragment wiadomo\u015bci wys\u0142anej do\u00a0szefa rz\u0105du. &#13;\n<\/p>\n<p>&#13;<br \/>\nCo wi\u0119cej, m\u0119\u017cczyzna zaprosi\u0142 premiera do\u00a0siebie na\u00a0kaw\u0119. &#13;\n<\/p>\n<p>&#8222;Jestem bezczelny i\u00a0dzwoni\u0119&#8221;. Tusk opublikowa\u0142 nagranie <\/p>\n<p>&#13;<br \/>\n\u2013 No to\u00a0chyba dzwonimy. (&#8230;) Dzie\u0144 dobry, premier Donald Tusk z\u00a0tej strony. Czy\u00a0to\u00a0pan Bartosz? \u2013\u00a0zapyta\u0142. \u2013\u00a0Ale\u00a0niespodzianka, nie\u00a0spodziewa\u0142em si\u0119 \u2013\u00a0odpar\u0142 m\u0119\u017cczyzna. \u2013\u00a0Poda\u0142 pan pan numer telefonu, to\u00a0jestem bezczelny i\u00a0dzwoni\u0119 \u2013\u00a0doda\u0142 polityk. &#13;\n<\/p>\n<p>&#13;<br \/>\n\u2013 Poniewa\u017c ja b\u0119d\u0119 przez chwil\u0119 u\u00a0siebie w\u00a0domu, a\u00a0sam pan napisa\u0142, \u017ce\u00a0jeste\u015bmy po\u00a0s\u0105siedzku, to\u00a0wpadam, o\u00a09 rano b\u0119d\u0119 \u2013\u00a0zapowiedzia\u0142 Tusk. \u2013\u00a0Ok, czekamy, \u017cona ju\u017c zaczyna sprz\u0105ta\u0107 \u2013\u00a0powiedzia\u0142 pan Bartosz. &#13;\n<\/p>\n<p>&#13;<br \/>\ntwitter&#13;\n<\/p>\n<p>Najwi\u0119kszy magazyn energii w\u00a0Europie powstanie w\u00a0Polsce. Premier zapowiada ta\u0144szy pr\u0105d <\/p>\n<p>&#13;<br \/>\nWe wrze\u015bniu br. premier Donald Tusk og\u0142osi\u0142, \u017ce\u00a0w\u00a0Polsce powstaje najwi\u0119kszy magazyn energii w\u00a0Europie. \u2013\u00a0W\u0142a\u015bnie dzi\u0119ki takim inwestycjom b\u0119dziemy mieli w\u00a0przysz\u0142o\u015bci ta\u0144szy pr\u0105d \u2013\u00a0przekonywa\u0142. &#13;\n<\/p>\n<p>&#13;<br \/>\nPolska Grupa Energetyczna oficjalnie rozpocz\u0119\u0142a prace przy <a href=\"https:\/\/dorzeczy.pl\/ekonomia\/781515\/zarnowiec-powstanie-bateryjny-magazyn-energii-o-mocy-263-mw.html\" rel=\"nofollow noopener\" target=\"_blank\">budowie<\/a> bateryjnego Magazynu Energii Elektrycznej \u017barnowiec o\u00a0mocy 262 MW i\u00a0pojemno\u015bci ok. 981 MWh. Oddanie inwestycji przewidziane jest na\u00a0drugi kwarta\u0142 2027\u00a0r. &#13;\n<\/p>\n<p>&#13;<br \/>\nBaterie do\u00a0magazynu zostan\u0105 wyprodukowane w\u00a0Polsce, w\u00a0fabryce LG Energy Solution w\u00a0Biskupicach Podg\u00f3rnych pod\u00a0Wroc\u0142awiem. Projekt w\u00a0\u017barnowcu ma\u00a0by\u0107 pierwszym, dla\u00a0kt\u00f3rego baterie zostan\u0105 wyprodukowane przez LG w\u0142a\u015bnie w\u00a0naszym kraju. &#13;\n<\/p>\n<p>&#13;<br \/>\nCzytaj te\u017c:<br \/><a href=\"https:\/\/dorzeczy.pl\/ekonomia\/812391\/ministerstwo-energii-wygasza-oplate-przejsciowa-rachunki-za-prad-beda-nizsze.html\" rel=\"follow nofollow noopener\" data-schema=\"DORZECZY\" data-image=\"https:\/\/img.dorzeczy.pl\/_thumb\/90\/e3\/a517db1ab1f65ca4484b8ab52a48.jpeg\" target=\"_blank\">Rachunki za\u00a0pr\u0105d wkr\u00f3tce b\u0119d\u0105 ni\u017csze. Ministerstwo wygasza op\u0142at\u0119<\/a>&#13;<\/p>\n","protected":false},"excerpt":{"rendered":"&#13; W niedziel\u0119 (7 grudnia) Donald Tusk opublikowa\u0142 w\u00a0serwisie X nagranie, w\u00a0kt\u00f3rym pokaza\u0142 wiadomo\u015b\u0107, jak\u0105 otrzyma\u0142 na\u00a0Instagramie od\u00a0pana&hellip;\n","protected":false},"author":2,"featured_media":137712,"comment_status":"","ping_status":"","sticky":false,"template":"","format":"standard","meta":{"footnotes":""},"categories":[5],"tags":[32,33,1345,98,36,37,27,49,34,35,28,15504,31,25,102,42,38,40,39,41,2592,4942,29,30,26],"class_list":{"0":"post-137711","1":"post","2":"type-post","3":"status-publish","4":"format-standard","5":"has-post-thumbnail","7":"category-naglowki","8":"tag-breaking-news","9":"tag-breakingnews","10":"tag-donald-tusk","11":"tag-dorzeczy","12":"tag-featured-news","13":"tag-featurednews","14":"tag-headlines","15":"tag-kraj","16":"tag-latest-news","17":"tag-latestnews","18":"tag-naglowki","19":"tag-nagranie","20":"tag-najwazniejsze-artykuly","21":"tag-news","22":"tag-opinie","23":"tag-pl","24":"tag-poland","25":"tag-polish","26":"tag-polska","27":"tag-polski","28":"tag-rozmowa","29":"tag-telefon","30":"tag-top-stories","31":"tag-topstories","32":"tag-wiadomosci"},"share_on_mastodon":{"url":"https:\/\/pubeurope.com\/@pl\/115679161527297309","error":""},"_links":{"self":[{"href":"https:\/\/www.europesays.com\/pl\/wp-json\/wp\/v2\/posts\/137711","targetHints":{"allow":["GET"]}}],"collection":[{"href":"https:\/\/www.europesays.com\/pl\/wp-json\/wp\/v2\/posts"}],"about":[{"href":"https:\/\/www.europesays.com\/pl\/wp-json\/wp\/v2\/types\/post"}],"author":[{"embeddable":true,"href":"https:\/\/www.europesays.com\/pl\/wp-json\/wp\/v2\/users\/2"}],"replies":[{"embeddable":true,"href":"https:\/\/www.europesays.com\/pl\/wp-json\/wp\/v2\/comments?post=137711"}],"version-history":[{"count":0,"href":"https:\/\/www.europesays.com\/pl\/wp-json\/wp\/v2\/posts\/137711\/revisions"}],"wp:featuredmedia":[{"embeddable":true,"href":"https:\/\/www.europesays.com\/pl\/wp-json\/wp\/v2\/media\/137712"}],"wp:attachment":[{"href":"https:\/\/www.europesays.com\/pl\/wp-json\/wp\/v2\/media?parent=137711"}],"wp:term":[{"taxonomy":"category","embeddable":true,"href":"https:\/\/www.europesays.com\/pl\/wp-json\/wp\/v2\/categories?post=137711"},{"taxonomy":"post_tag","embeddable":true,"href":"https:\/\/www.europesays.com\/pl\/wp-json\/wp\/v2\/tags?post=137711"}],"curies":[{"name":"wp","href":"https:\/\/api.w.org\/{rel}","templated":true}]}}