{"id":137781,"date":"2025-12-07T16:47:14","date_gmt":"2025-12-07T16:47:14","guid":{"rendered":"https:\/\/www.europesays.com\/pl\/137781\/"},"modified":"2025-12-07T16:47:14","modified_gmt":"2025-12-07T16:47:14","slug":"kultowe-produkcje-wojenne-prl-ile-rozpoznacie-po-jednym-kadrze-mlodzi-moga-miec-problem-fakt","status":"publish","type":"post","link":"https:\/\/www.europesays.com\/pl\/137781\/","title":{"rendered":"Kultowe produkcje wojenne PRL. Ile rozpoznacie po jednym kadrze? M\u0142odzi mog\u0105 mie\u0107 problem &#8211; Fakt"},"content":{"rendered":"<ol>\n<li><a href=\"https:\/\/news.google.com\/rss\/articles\/CBMipAFBVV95cUxQLWRMTG9KTGtjenRFRUdURmNFUlc1TllCSkotR092UmlGckNmSVJKRlNkZDBwbmN4ZGgxQVhMaEdDcUgxS0FaSHJHWFduaFcwZEU2OWpCSmlXcGR6ODFETUw2MVVJM0VlWktfYmZMQXExU3VQM19mdGN6UUJsNzNPdndwWmswOS13OVFBRnZVVEpiMC1OSVdpTk9TWXVqcjZacTJXNg?oc=5\" target=\"_blank\" rel=\"nofollow noopener\">Kultowe produkcje wojenne PRL. Ile rozpoznacie po jednym kadrze? M\u0142odzi mog\u0105 mie\u0107 problem<\/a>&nbsp;&nbsp;Fakt<\/li>\n<li><a href=\"https:\/\/news.google.com\/rss\/articles\/CBMizgFBVV95cUxOUVY4c1lsb25GWUtqSWt6Y3d4UE5CUVA3Zy13RkN1WkNqbEJPSXZlcy1WZUxOU3lIUEVsaTV6TmliSWozYVVMSVhJeGVLYURZOFVoS0VGRXNZdVh1Y0dzU3UtQjRublRncEF3YkFib283ZEdYOEZIRW1kdm5OTjlwa040S0FiZHpNSVdOSlVCT3lpSW9QT2tJakpicC1MOWtXY2QxTFRWckNXZGZmWjd0Zm55TExMMmlGNUJWU1ZLX2FvTGZmUDc2QnBGZkdVUQ?oc=5\" target=\"_blank\" rel=\"nofollow noopener\">QUIZ. Historia Polski czas\u00f3w PRL. Na pytanie nr 10 na pewno znasz odpowied\u017a<\/a>&nbsp;&nbsp;Dziennik.pl Edukacja<\/li>\n<li><a href=\"https:\/\/news.google.com\/rss\/articles\/CBMiiwFBVV95cUxNY3ZkOGN4Q2hsVUk2MlFGcDlyMHVLSm9OWjJNU21fUjk1dkdUNU5KeXNGZURVdnlpVTFJcnVKQ1psYUI5RmRIdHMzQk4tZEw4UVZqWmZ4NlRyQ3hNdHlLcTFxUi1vVElSTzFneU9ycWgtZzZsaTBKTVZjWXU1NXlGRTVaaGRoLXFuempz?oc=5\" target=\"_blank\" rel=\"nofollow noopener\">Pami\u0119tasz ulice z PRL? Umys\u0142 doskona\u0142y trafi 12\/20 [QUIZ]<\/a>&nbsp;&nbsp;Radio Pogoda<\/li>\n<li><a href=\"https:\/\/news.google.com\/rss\/articles\/CBMivgFBVV95cUxQRzZDSUhlMjh1VUQxTWJtLXJ0ZWloRTVBWDJxY3BHUUd6VUlSRWI2WVNKbUR2TGpUT19KWlpTeloxOV9xNXRUR211aVcySWdRQ1dKS2xKbGk4Z2JjdFY3cFB6eVFwRTJLVE41S283THpnTWVyWGx1ZFBNMFJQUXRySG80NURIcXNHUjBfeldSZDhRN2ZjczFMOFVwV0JQT0c1SFZhMWJJdjB3S01wRVIwdzFVUG1xMWcxdFFoWlBR?oc=5\" target=\"_blank\" rel=\"nofollow noopener\">Te piosenki zast\u0119powa\u0142y w PRL-u kol\u0119dy. Pami\u0119tasz \u015bwi\u0105teczne hity sprzed lat?<\/a>&nbsp;&nbsp;Krak\u00f3w Radio ESKA<\/li>\n<li><a href=\"https:\/\/news.google.com\/rss\/articles\/CBMinAFBVV95cUxNbkZodm5pSF9ZeHA4VzczRjY3SWJteFg3WGpBNTItbnE5bUxkWXFOMEM0TzNKOFpCU25GbUE0UDUwbUJIdXpqU1o5YldSaG1JelFod29HZTJYRzlURWJOUVBMZFFSbWJqeUs2WDRWWUVhZ09STERZLURESHRyVjRFSWVLSlc0SWg0emU5RUg1T0ZYdGw5dGcwNmg4WnI?oc=5\" target=\"_blank\" rel=\"nofollow noopener\">Quiz dla prawdziwych \u201edzieci PRL-u\u201d. M\u0142odzi polegn\u0105 ju\u017c na 4. pytaniu<\/a>&nbsp;&nbsp;Antyradio.pl<\/li>\n<\/ol>\n","protected":false},"excerpt":{"rendered":"Kultowe produkcje wojenne PRL. Ile rozpoznacie po jednym kadrze? M\u0142odzi mog\u0105 mie\u0107 problem&nbsp;&nbsp;Fakt QUIZ. Historia Polski czas\u00f3w PRL.&hellip;\n","protected":false},"author":2,"featured_media":137782,"comment_status":"","ping_status":"","sticky":false,"template":"","format":"standard","meta":{"footnotes":""},"categories":[22],"tags":[122,42,38,40,39,41,123],"class_list":{"0":"post-137781","1":"post","2":"type-post","3":"status-publish","4":"format-standard","5":"has-post-thumbnail","7":"category-rozrywka","8":"tag-entertainment","9":"tag-pl","10":"tag-poland","11":"tag-polish","12":"tag-polska","13":"tag-polski","14":"tag-rozrywka"},"share_on_mastodon":{"url":"https:\/\/pubeurope.com\/@pl\/115679306876280044","error":""},"_links":{"self":[{"href":"https:\/\/www.europesays.com\/pl\/wp-json\/wp\/v2\/posts\/137781","targetHints":{"allow":["GET"]}}],"collection":[{"href":"https:\/\/www.europesays.com\/pl\/wp-json\/wp\/v2\/posts"}],"about":[{"href":"https:\/\/www.europesays.com\/pl\/wp-json\/wp\/v2\/types\/post"}],"author":[{"embeddable":true,"href":"https:\/\/www.europesays.com\/pl\/wp-json\/wp\/v2\/users\/2"}],"replies":[{"embeddable":true,"href":"https:\/\/www.europesays.com\/pl\/wp-json\/wp\/v2\/comments?post=137781"}],"version-history":[{"count":0,"href":"https:\/\/www.europesays.com\/pl\/wp-json\/wp\/v2\/posts\/137781\/revisions"}],"wp:featuredmedia":[{"embeddable":true,"href":"https:\/\/www.europesays.com\/pl\/wp-json\/wp\/v2\/media\/137782"}],"wp:attachment":[{"href":"https:\/\/www.europesays.com\/pl\/wp-json\/wp\/v2\/media?parent=137781"}],"wp:term":[{"taxonomy":"category","embeddable":true,"href":"https:\/\/www.europesays.com\/pl\/wp-json\/wp\/v2\/categories?post=137781"},{"taxonomy":"post_tag","embeddable":true,"href":"https:\/\/www.europesays.com\/pl\/wp-json\/wp\/v2\/tags?post=137781"}],"curies":[{"name":"wp","href":"https:\/\/api.w.org\/{rel}","templated":true}]}}