{"id":137813,"date":"2025-12-07T17:06:09","date_gmt":"2025-12-07T17:06:09","guid":{"rendered":"https:\/\/www.europesays.com\/pl\/137813\/"},"modified":"2025-12-07T17:06:09","modified_gmt":"2025-12-07T17:06:09","slug":"udaremniony-zamach-stanu-w-beninie-wielu-aresztowanych","status":"publish","type":"post","link":"https:\/\/www.europesays.com\/pl\/137813\/","title":{"rendered":"Udaremniony zamach stanu w Beninie. Wielu aresztowanych"},"content":{"rendered":"<ul class=\"UnorderedList_container__nmfSl\">\n<li class=\"UnorderedList_listElement__Py7xi\" data-id=\"ai-summary-link\">Du\u017co czytania, a ma\u0142o czasu? Sprawd\u017a\u00a0skr\u00f3t\u00a0artyku\u0142u<\/li>\n<\/ul>\n<p class=\"Paragraph_desktopParagraph__U31Gm\">\u2014 Wczesnym rankiem w niedziel\u0119 7 grudnia 2025 r. niewielka grupa \u017co\u0142nierzy rozpocz\u0119\u0142a bunt, kt\u00f3rego celem by\u0142o zdestabilizowanie pa\u0144stwa i jego instytucji. W obliczu tej sytuacji beni\u0144skie si\u0142y zbrojne i ich dow\u00f3dztwo, wierne swojej przysi\u0119dze, pozosta\u0142y lojalne wobec republiki \u2014 o\u015bwiadczy\u0142 w zamieszczonym na Facebooku nagraniu szef resortu spraw wewn\u0119trznych Alassane Seidou.<\/p>\n<p class=\"VideoPlayerText_videoPlayerText__iDwyz\">Dalszy ci\u0105g materia\u0142u pod wideo<\/p>\n<p class=\"Paragraph_desktopParagraph__U31Gm\">W niedziel\u0119 rano grupa wojskowych, kt\u00f3ra przedstawi\u0142a si\u0119 jako &#8222;Wojskowy Komitet Odnowy&#8221;, og\u0142osi\u0142a w telewizji publicznej usuni\u0119cie ze stanowiska prezydenta kraju Patrice\u2019a Talona i rozwi\u0105zanie wszystkich instytucji pa\u0144stwowych oraz zamkni\u0119cie granic pa\u0144stwa. <a href=\"https:\/\/wiadomosci.onet.pl\/swiat\/wrze-w-kraju-afryki-wojskowi-oglosili-usuniecie-prezydenta-proba-zamachu-stanu\/7mysx82\" id=\"f8f4f6fd-39b8-4eb8-b48d-20f027a87697\" rel=\"nofollow noopener\" target=\"_blank\">Poinformowali te\u017c, \u017ce na czele komitetu stoi podpu\u0142kownik Pascal Tigri.<\/a><\/p>\n<ul class=\"OchatFollowUps_wrapper__1ry7X\">\n<li class=\"OchatFollowUps_item__Dhyly OchatFollowUps_itemDesktop__R6aBv\">Kiedy mia\u0142a miejsce nieudana pr\u00f3ba przewrotu w Beninie?<\/li>\n<li class=\"OchatFollowUps_item__Dhyly OchatFollowUps_itemDesktop__R6aBv\">Ilu ludzi zosta\u0142o aresztowanych w tej sytuacji?<\/li>\n<li class=\"OchatFollowUps_item__Dhyly OchatFollowUps_itemDesktop__R6aBv\">Kto stoi na czele Wojskowego Komitetu Odnowy?<\/li>\n<li class=\"OchatFollowUps_item__Dhyly OchatFollowUps_itemDesktop__R6aBv\">Co og\u0142osili spiskowcy w telewizji publicznej?<\/li>\n<\/ul>\n<p>Spiskowcy przej\u0119li rol\u0119 nad pa\u0144stwow\u0105 telewizj\u0105 <\/p>\n<p class=\"Paragraph_desktopParagraph__U31Gm\">Kilka godzin p\u00f3\u017aniej minister spraw zagranicznych Shegun Bakari powiedzia\u0142 agencji Reutera, \u017ce &#8222;trwa pr\u00f3ba (zamachu stanu), ale sytuacja jest pod kontrol\u0105&#8221;. Doda\u0142, \u017ce spiskowcy zdo\u0142ali jedynie przej\u0105\u0107 kontrol\u0119 nad pa\u0144stwow\u0105 telewizj\u0105, kt\u00f3ra zosta\u0142a odci\u0119ta kr\u00f3tko po tym, jak odczytali oni swoje o\u015bwiadczenie.<\/p>\n<p class=\"Paragraph_desktopParagraph__U31Gm\">Reuters poda\u0142, \u017ce w niedziel\u0119 przed po\u0142udniem w kilku miejscach w stolicy Beninu, Kotonu, w tym w pobli\u017cu pa\u0142acu prezydenckiego, s\u0142ycha\u0107 by\u0142o strza\u0142y, ale wczesnym popo\u0142udniem ucich\u0142y one zupe\u0142nie.<\/p>\n<p class=\"Paragraph_desktopParagraph__U31Gm\">Na razie nie ma \u017cadnych oficjalnych informacji o miejscu pobytu prezydenta Talona, kt\u00f3ry w kwietniu 2026 r. powinien ust\u0105pi\u0107 z urz\u0119du po 10 latach jego sprawowania, ale \u017ar\u00f3d\u0142o w jego otoczeniu powiedzia\u0142o AFP, \u017ce szef pa\u0144stwa jest bezpieczny.<\/p>\n","protected":false},"excerpt":{"rendered":"Du\u017co czytania, a ma\u0142o czasu? Sprawd\u017a\u00a0skr\u00f3t\u00a0artyku\u0142u \u2014 Wczesnym rankiem w niedziel\u0119 7 grudnia 2025 r. niewielka grupa \u017co\u0142nierzy&hellip;\n","protected":false},"author":2,"featured_media":137814,"comment_status":"","ping_status":"","sticky":false,"template":"","format":"standard","meta":{"footnotes":""},"categories":[5],"tags":[11139,28399,32,33,36,37,27,67,34,35,28,31,53,25,52,68,51,55,42,38,40,39,41,47,29,30,65,50,26],"class_list":{"0":"post-137813","1":"post","2":"type-post","3":"status-publish","4":"format-standard","5":"has-post-thumbnail","7":"category-naglowki","8":"tag-afryka_kontynent","9":"tag-benin","10":"tag-breaking-news","11":"tag-breakingnews","12":"tag-featured-news","13":"tag-featurednews","14":"tag-headlines","15":"tag-intextvideo_splayer","16":"tag-latest-news","17":"tag-latestnews","18":"tag-naglowki","19":"tag-najwazniejsze-artykuly","20":"tag-new_header","21":"tag-news","22":"tag-onet3","23":"tag-onet3d","24":"tag-onet3d_2i","25":"tag-phx","26":"tag-pl","27":"tag-poland","28":"tag-polish","29":"tag-polska","30":"tag-polski","31":"tag-screening_general","32":"tag-top-stories","33":"tag-topstories","34":"tag-update_me","35":"tag-v2021","36":"tag-wiadomosci"},"share_on_mastodon":{"url":"https:\/\/pubeurope.com\/@pl\/115679381798563631","error":""},"_links":{"self":[{"href":"https:\/\/www.europesays.com\/pl\/wp-json\/wp\/v2\/posts\/137813","targetHints":{"allow":["GET"]}}],"collection":[{"href":"https:\/\/www.europesays.com\/pl\/wp-json\/wp\/v2\/posts"}],"about":[{"href":"https:\/\/www.europesays.com\/pl\/wp-json\/wp\/v2\/types\/post"}],"author":[{"embeddable":true,"href":"https:\/\/www.europesays.com\/pl\/wp-json\/wp\/v2\/users\/2"}],"replies":[{"embeddable":true,"href":"https:\/\/www.europesays.com\/pl\/wp-json\/wp\/v2\/comments?post=137813"}],"version-history":[{"count":0,"href":"https:\/\/www.europesays.com\/pl\/wp-json\/wp\/v2\/posts\/137813\/revisions"}],"wp:featuredmedia":[{"embeddable":true,"href":"https:\/\/www.europesays.com\/pl\/wp-json\/wp\/v2\/media\/137814"}],"wp:attachment":[{"href":"https:\/\/www.europesays.com\/pl\/wp-json\/wp\/v2\/media?parent=137813"}],"wp:term":[{"taxonomy":"category","embeddable":true,"href":"https:\/\/www.europesays.com\/pl\/wp-json\/wp\/v2\/categories?post=137813"},{"taxonomy":"post_tag","embeddable":true,"href":"https:\/\/www.europesays.com\/pl\/wp-json\/wp\/v2\/tags?post=137813"}],"curies":[{"name":"wp","href":"https:\/\/api.w.org\/{rel}","templated":true}]}}