{"id":137817,"date":"2025-12-07T17:08:25","date_gmt":"2025-12-07T17:08:25","guid":{"rendered":"https:\/\/www.europesays.com\/pl\/137817\/"},"modified":"2025-12-07T17:08:25","modified_gmt":"2025-12-07T17:08:25","slug":"katarzyna-cichopek-w-niecodziennej-odslonie-poruszenie-w-sieci-2","status":"publish","type":"post","link":"https:\/\/www.europesays.com\/pl\/137817\/","title":{"rendered":"Katarzyna Cichopek w niecodziennej ods\u0142onie. Poruszenie w sieci"},"content":{"rendered":"<p class=\"ods-c-paragraph \"><a href=\"https:\/\/plejada.pl\/katarzyna-cichopek-aktorka\" id=\"5a9c8adf-b3ff-4dab-bace-79a82ab7784d\" rel=\"nofollow noopener\" target=\"_blank\">Katarzyna Cichopek <\/a>to jedna z najbardziej rozpoznawalnych polskich aktorek i osobowo\u015bci telewizyjnych. Zdoby\u0142a popularno\u015b\u0107 dzi\u0119ki roli Kingi Zdu\u0144skiej w kultowym serialu &#8222;M jak mi\u0142o\u015b\u0107&#8221;, w kt\u00f3rym wyst\u0119puje od wielu lat, zyskuj\u0105c sympati\u0119 milion\u00f3w widz\u00f3w.<\/p>\n<p class=\"ods-c-paragraph \">Cichopek jest r\u00f3wnie\u017c aktywna w programach rozrywkowych, m.in. &#8222;Taniec z gwiazdami&#8221;, gdzie prezentowa\u0142a swoje umiej\u0119tno\u015bci taneczne i zdoby\u0142a tytu\u0142 zwyci\u0119\u017cczyni. Katarzyna Cichopek prowadzi w\u0142asne projekty medialne i anga\u017cuje si\u0119 w dzia\u0142alno\u015b\u0107 charytatywn\u0105. Obecnie realizuje si\u0119 m.in. jako prowadz\u0105ca program &#8222;Halo tu Polsat&#8221; razem ze swoim m\u0119\u017cem, Maciejem Kurzajewskim. Dodatkowo jest aktywna w mediach spo\u0142eczno\u015bciowych, gdzie dzieli si\u0119 fragmentami \u017cycia prywatnego ze swoimi fanami.<\/p>\n<p class=\"ods-c-paragraph \">Polecamy: <a href=\"https:\/\/plejada.pl\/newsy\/pierwsze-swieta-cichopek-i-kurzajewskiego-jako-zony-i-meza-tak-dekoruja-wnetrza\/95sqvpe\" id=\"5d81ae72-6b66-455c-8836-bc1146a74b23\" rel=\"nofollow noopener\" target=\"_blank\">Pierwsze \u015bwi\u0119ta Cichopek i Kurzajewskiego jako \u017cony i m\u0119\u017ca. Pokazali, jak dekoruj\u0105 wn\u0119trza<\/a><\/p>\n<p>Dalszy ci\u0105g artyku\u0142u pod materia\u0142em wideo<\/p>\n<p> Jak Katarzyna Cichopek pokaza\u0142a si\u0119 w najnowszym wpisie? <\/p>\n<p> Co s\u0105dz\u0105 fani o wygl\u0105dzie Cichopek bez makija\u017cu? <\/p>\n<p> Jakie projekty medialne prowadzi Katarzyna Cichopek? <\/p>\n<p> W kt\u00f3rym serialu wyst\u0119puje Katarzyna Cichopek? <\/p>\n<p>  Katarzyna Cichopek w nowej ods\u0142onie<\/p>\n<p class=\"ods-c-paragraph \">Katarzyna Cichopek od czasu do czasu pokazuje fanom fragmenty swojego \u017cycia prywatnego. Tym razem na Instagramie opublikowa\u0142a kr\u00f3tkie wideo, w kt\u00f3rym pojawi\u0142a si\u0119 bez makija\u017cu. To rzadko\u015b\u0107<\/p>\n<blockquote class=\"ods-o-quota\">\n<p class=\"ods-o-quota__paragraph\">Pi\u0119\u0107 minut. Tyle mi wystarczy, \u017ceby poczu\u0107 si\u0119 dobrze we w\u0142asnej sk\u00f3rze. Bo pi\u0119kno to nie perfekcja \u2014 to energia, z kt\u00f3r\u0105 wychodzisz do \u015bwiata<\/p>\n<\/blockquote>\n<p class=\"ods-c-paragraph \">\u2014 napisa\u0142a w po\u015bcie.<\/p>\n<p class=\"ods-c-paragraph \">Pod filmem pojawi\u0142a si\u0119 lawina komentarzy.<\/p>\n<p class=\"ods-c-paragraph \">&#8222;Cudowna kobieta&#8221;<\/p>\n<p class=\"ods-c-paragraph \">&#8222;\u0141adnemu we wszystkim \u0142adnie, makija\u017c bardzo \u0142adny&#8221;<\/p>\n<p class=\"ods-c-paragraph \">&#8222;Pi\u0119kna&#8221;<\/p>\n<p class=\"ods-c-paragraph \">Przeczytaj tak\u017ce: <a href=\"https:\/\/plejada.pl\/newsy\/katarzyna-cichopek-dekoruje-dom-na-swieta-juz-na-wejsciu\/9s9kzdz\" id=\"62d2839c-f152-4932-a5ff-085c7ae0fa97\" rel=\"nofollow noopener\" target=\"_blank\">Pierwszy taki moment Katarzyny Cichopek i Macieja Kurzajewskiego. Wyj\u0105tkowe nagranie<\/a><\/p>\n<p class=\"ods-c-paragraph \">Dzi\u0119kujemy, \u017ce przeczyta\u0142a\u015b\/e\u015b nasz artyku\u0142 do ko\u0144ca. W serwisie Plejada.pl ka\u017cdego dnia piszemy o najwa\u017cniejszych wydarzeniach show-biznesowych. B\u0105d\u017a na bie\u017c\u0105co! <a rel=\"nofollow noopener\" href=\"https:\/\/profile.google.com\/cp\/Cg0vZy8xMWJ6X19wdHBx\" id=\"36070d3b-f4f0-482c-8d72-b3d699e989d3\" target=\"_blank\">Obserwuj<\/a> Plejad\u0119 w Google. Odwied\u017a nas tak\u017ce na <a rel=\"nofollow noopener\" href=\"https:\/\/www.facebook.com\/plejadapl\" id=\"f2f6a95e-65b9-411f-8af2-091f65cfa502\" target=\"_blank\">Facebooku<\/a>, <a rel=\"nofollow noopener\" href=\"https:\/\/www.instagram.com\/plejadapl\/\" id=\"fb8b5b73-1378-4bdd-9c62-8e0737d75666\" target=\"_blank\">Instagramie<\/a>, <a rel=\"nofollow noopener\" href=\"https:\/\/www.youtube.com\/c\/plejada\" id=\"9f0b34ff-6eac-4e4a-874d-80009d5ee5e6\" target=\"_blank\">YouTubie<\/a> oraz <a rel=\"nofollow noopener\" href=\"https:\/\/www.tiktok.com\/@plejada_pl\" id=\"a1faaa29-dad8-4b23-b119-6df8a4760930\" target=\"_blank\">TikToku<\/a>.<\/p>\n<p class=\"ods-c-paragraph \">Chcesz podzieli\u0107 si\u0119 ciekawym newsem lub zaproponowa\u0107 temat? Skontaktuj si\u0119 z nami, pisz\u0105c maila na adres: <a rel=\"nofollow noopener\" href=\"https:\/\/plejada.pl\/newsy\/katarzyna-cichopek-w-niecodziennej-odslonie-poruszenie-w-sieci\/mailto:plejada@redakcjaonet.pl\" id=\"6ae4c1b7-8566-4e8b-bd04-30880ce38e04\" target=\"_blank\">plejada@redakcjaon<\/a><a rel=\"nofollow noopener\" href=\"https:\/\/et.pl\/\" id=\"563f544d-4bd2-4a59-860e-5446ae13c48d\" target=\"_blank\">et.pl<\/a>.<\/p>\n<p><script async src=\"\/\/www.instagram.com\/embed.js\"><\/script><script async src=\"\/\/www.tiktok.com\/embed.js\"><\/script><\/p>\n","protected":false},"excerpt":{"rendered":"Katarzyna Cichopek to jedna z najbardziej rozpoznawalnych polskich aktorek i osobowo\u015bci telewizyjnych. Zdoby\u0142a popularno\u015b\u0107 dzi\u0119ki roli Kingi Zdu\u0144skiej&hellip;\n","protected":false},"author":2,"featured_media":137818,"comment_status":"","ping_status":"","sticky":false,"template":"","format":"standard","meta":{"footnotes":""},"categories":[22],"tags":[122,5649,48,125,46,42,38,40,39,41,25865,123,47],"class_list":{"0":"post-137817","1":"post","2":"type-post","3":"status-publish","4":"format-standard","5":"has-post-thumbnail","7":"category-rozrywka","8":"tag-entertainment","9":"tag-katarzyna_cichopek","10":"tag-nat_styl","11":"tag-newsy","12":"tag-omp","13":"tag-pl","14":"tag-poland","15":"tag-polish","16":"tag-polska","17":"tag-polski","18":"tag-rebrand_ai_tst0","19":"tag-rozrywka","20":"tag-screening_general"},"share_on_mastodon":{"url":"https:\/\/pubeurope.com\/@pl\/115679389479373274","error":""},"_links":{"self":[{"href":"https:\/\/www.europesays.com\/pl\/wp-json\/wp\/v2\/posts\/137817","targetHints":{"allow":["GET"]}}],"collection":[{"href":"https:\/\/www.europesays.com\/pl\/wp-json\/wp\/v2\/posts"}],"about":[{"href":"https:\/\/www.europesays.com\/pl\/wp-json\/wp\/v2\/types\/post"}],"author":[{"embeddable":true,"href":"https:\/\/www.europesays.com\/pl\/wp-json\/wp\/v2\/users\/2"}],"replies":[{"embeddable":true,"href":"https:\/\/www.europesays.com\/pl\/wp-json\/wp\/v2\/comments?post=137817"}],"version-history":[{"count":0,"href":"https:\/\/www.europesays.com\/pl\/wp-json\/wp\/v2\/posts\/137817\/revisions"}],"wp:featuredmedia":[{"embeddable":true,"href":"https:\/\/www.europesays.com\/pl\/wp-json\/wp\/v2\/media\/137818"}],"wp:attachment":[{"href":"https:\/\/www.europesays.com\/pl\/wp-json\/wp\/v2\/media?parent=137817"}],"wp:term":[{"taxonomy":"category","embeddable":true,"href":"https:\/\/www.europesays.com\/pl\/wp-json\/wp\/v2\/categories?post=137817"},{"taxonomy":"post_tag","embeddable":true,"href":"https:\/\/www.europesays.com\/pl\/wp-json\/wp\/v2\/tags?post=137817"}],"curies":[{"name":"wp","href":"https:\/\/api.w.org\/{rel}","templated":true}]}}