{"id":137881,"date":"2025-12-07T17:48:12","date_gmt":"2025-12-07T17:48:12","guid":{"rendered":"https:\/\/www.europesays.com\/pl\/137881\/"},"modified":"2025-12-07T17:48:12","modified_gmt":"2025-12-07T17:48:12","slug":"kolejne-odejscie-z-zespolu-t-love-fani-grzmia-wszystko-sie-sypie","status":"publish","type":"post","link":"https:\/\/www.europesays.com\/pl\/137881\/","title":{"rendered":"Kolejne odej\u015bcie z zespo\u0142u T.Love. Fani grzmi\u0105: wszystko si\u0119 sypie"},"content":{"rendered":"<p class=\"ods-c-paragraph \">Na pocz\u0105tku grudnia zesp\u00f3\u0142 T.Love og\u0142osi\u0142, \u017ce <a href=\"https:\/\/plejada.pl\/newsy\/sidney-polak-odchodzi-z-tlove-po-35-latach-jest-oswiadczenie\/w7qeb97\" id=\"c774f8e9-5963-48d9-9f5e-77b3c6a5079f\" rel=\"nofollow noopener\" target=\"_blank\">po 35 latach wsp\u00f3\u0142pracy z grupy odchodzi Sidney Polak.<\/a> W o\u015bwiadczeniu zamieszczonym w mediach spo\u0142eczno\u015bciowych przedstawiciele zespo\u0142u podzi\u0119kowali muzykowi za wsp\u00f3lnie sp\u0119dzone lata.<\/p>\n<blockquote class=\"ods-o-quota\">\n<p class=\"ods-o-quota__paragraph\">Drodzy T.Fani, 35 lat to kawa\u0142 historii. Wspania\u0142ej historii, kt\u00f3r\u0105 od 1990 r. wsp\u00f3\u0142tworzy\u0142 z nami Sidney Polak. Dzi\u015b jednak nadszed\u0142 moment, w kt\u00f3rym nasze drogi artystyczne i zawodowe si\u0119 rozchodz\u0105<\/p>\n<\/blockquote>\n<p class=\"ods-c-paragraph \">\u2014 czytamy. Dwa miesi\u0105ce wcze\u015bniej kultowa formacja <a href=\"https:\/\/plejada.pl\/newsy\/znany-muzyk-odchodzi-z-tlove-zakonczono-z-nim-wspolprace\/krmlq10\" id=\"e46b7023-7de9-4022-9b85-f3cf772c44fb\" rel=\"nofollow noopener\" target=\"_blank\">og\u0142osi\u0142a zako\u0144czenie wsp\u00f3\u0142pracy z Janem Benedekiem<\/a>, co wywo\u0142a\u0142o szerokie poruszenie w\u015br\u00f3d fan\u00f3w.<\/p>\n<p>Dalszy ci\u0105g artyku\u0142u pod materia\u0142em wideo<\/p>\n<p> Kto odszed\u0142 z zespo\u0142u T.Love? <\/p>\n<p> Jak d\u0142ugo Sidney Polak wsp\u00f3\u0142pracowa\u0142 z T.Love? <\/p>\n<p> Kiedy zako\u0144czono wsp\u00f3\u0142prac\u0119 z Janem Benedekiem? <\/p>\n<p> Jakie by\u0142y reakcje fan\u00f3w na odej\u015bcie Sidneya Polaka? <\/p>\n<p>  Kolejne odej\u015bcie z zespo\u0142u T.Love. Fani grzmi\u0105: wszystko si\u0119 sypie<\/p>\n<p class=\"ods-c-paragraph \">Pod wpisem T.Love pojawi\u0142a si\u0119 fala komentarzy internaut\u00f3w, zaskoczonych informacj\u0105 o odej\u015bciu Sidneya Polaka. Niekt\u00f3rzy zwr\u00f3cili uwag\u0119 na wcze\u015bniejsze zako\u0144czenie wsp\u00f3\u0142pracy z Janem Benedekiem i nie kryli rozczarowania decyzjami artyst\u00f3w.<\/p>\n<blockquote class=\"ods-o-quota\"><\/blockquote>\n<blockquote class=\"ods-o-quota\">\n<p class=\"ods-o-quota__paragraph\">Kilka tygodni temu Janek, teraz Sidney&#8230; W kapeli dzieje si\u0119 po prostu \u017ale<\/p>\n<\/blockquote>\n<blockquote class=\"ods-o-quota\">\n<p class=\"ods-o-quota__paragraph\">Co\u015b ostatnio du\u017co tych odej\u015b\u0107 z zespo\u0142u, w ci\u0105gu dw\u00f3ch miesi\u0119cy odchodzi druga wa\u017cna posta\u0107 z tego zespo\u0142u<\/p>\n<\/blockquote>\n<p class=\"ods-c-paragraph \">&#8222;Benedek, Sidney Polak, a nast\u0119pny kto?&#8221;, &#8222;Szok&#8221;, &#8222;Bardzo smutne info. To ju\u017c nie b\u0119dzie to samo&#8221;, &#8222;Szkoda&#8221;, &#8222;Pierw Jan. Teraz Sidney&#8221;, &#8222;Czy to \u017cart?&#8221; \u2014 czytamy.<\/p>\n<p><img decoding=\"async\" src=\"https:\/\/www.europesays.com\/pl\/wp-content\/uploads\/2025\/12\/CELk9lBaHR0cHM6Ly9vY2RuLmV1L3B1bHNjbXMvTURBXy8wZDM0MjE3M2FkMGMyNWY5ZTJiNGNhNjUwNDhmYWRiMS5qcGeRlQLNA.jpeg\" height=\"529\" width=\"940\" alt=\"Sidney Polak\" loading=\"lazy\" class=\"ods-c-image__img ods-c-image__img--vertical\"\/><\/p>\n<p>Sidney PolakPawe\u0142 Wrzecion \/ AKPA<\/p>\n<p class=\"ods-c-paragraph \">Dzi\u0119kujemy, \u017ce przeczyta\u0142a\u015b\/e\u015b nasz artyku\u0142 do ko\u0144ca. W serwisie Plejada.pl ka\u017cdego dnia piszemy o najwa\u017cniejszych wydarzeniach show-biznesowych. B\u0105d\u017a na bie\u017c\u0105co! <a rel=\"nofollow noopener\" href=\"https:\/\/news.google.com\/publications\/CAAiEF0PeAlb7W1llpV_mwV2rL4qFAgKIhBdD3gJW-1tZZaVf5sFdqy-?hl=pl&amp;gl=PL&amp;ceid=PL%3Apl\" id=\"a09f0ee9-f296-457b-9f05-07257778f982\" target=\"_blank\">Obserwuj<\/a> Plejad\u0119 w Google. Odwied\u017a nas tak\u017ce na <a rel=\"nofollow noopener\" href=\"https:\/\/www.facebook.com\/plejadapl\" id=\"d1040c3f-fd5a-4ac5-b52c-74c2f70016cc\" target=\"_blank\">Facebooku<\/a>, <a rel=\"nofollow noopener\" href=\"https:\/\/www.instagram.com\/plejadapl\/\" id=\"56c6f984-7a86-4f1c-b771-c8f4a4248608\" target=\"_blank\">Instagramie<\/a>, <a rel=\"nofollow noopener\" href=\"https:\/\/www.youtube.com\/c\/plejada\" id=\"6d426b44-85e6-4805-a27c-e78f5feae4cb\" target=\"_blank\">YouTubie<\/a> oraz <a rel=\"nofollow noopener\" href=\"https:\/\/www.tiktok.com\/@plejada_pl\" id=\"434efda6-9e19-4b58-b8f0-8e90bf90175e\" target=\"_blank\">TikToku<\/a>.<\/p>\n<p class=\"ods-c-paragraph \">Chcesz podzieli\u0107 si\u0119 ciekawym newsem lub zaproponowa\u0107 temat? Skontaktuj si\u0119 z nami, pisz\u0105c maila na adres: plejada@redakcjaonet.pl.<\/p>\n<p><script async src=\"\/\/www.instagram.com\/embed.js\"><\/script><script async src=\"\/\/www.tiktok.com\/embed.js\"><\/script><\/p>\n","protected":false},"excerpt":{"rendered":"Na pocz\u0105tku grudnia zesp\u00f3\u0142 T.Love og\u0142osi\u0142, \u017ce po 35 latach wsp\u00f3\u0142pracy z grupy odchodzi Sidney Polak. W o\u015bwiadczeniu&hellip;\n","protected":false},"author":2,"featured_media":137882,"comment_status":"","ping_status":"","sticky":false,"template":"","format":"standard","meta":{"footnotes":""},"categories":[5],"tags":[32,33,36,37,27,34,35,11796,28,31,48,25,125,46,42,38,40,39,41,25865,47,28403,11308,29,30,26],"class_list":{"0":"post-137881","1":"post","2":"type-post","3":"status-publish","4":"format-standard","5":"has-post-thumbnail","7":"category-naglowki","8":"tag-breaking-news","9":"tag-breakingnews","10":"tag-featured-news","11":"tag-featurednews","12":"tag-headlines","13":"tag-latest-news","14":"tag-latestnews","15":"tag-muniek_staszczyk","16":"tag-naglowki","17":"tag-najwazniejsze-artykuly","18":"tag-nat_styl","19":"tag-news","20":"tag-newsy","21":"tag-omp","22":"tag-pl","23":"tag-poland","24":"tag-polish","25":"tag-polska","26":"tag-polski","27":"tag-rebrand_ai_tst0","28":"tag-screening_general","29":"tag-sidney_polak","30":"tag-t_love","31":"tag-top-stories","32":"tag-topstories","33":"tag-wiadomosci"},"share_on_mastodon":{"url":"https:\/\/pubeurope.com\/@pl\/115679547451892325","error":""},"_links":{"self":[{"href":"https:\/\/www.europesays.com\/pl\/wp-json\/wp\/v2\/posts\/137881","targetHints":{"allow":["GET"]}}],"collection":[{"href":"https:\/\/www.europesays.com\/pl\/wp-json\/wp\/v2\/posts"}],"about":[{"href":"https:\/\/www.europesays.com\/pl\/wp-json\/wp\/v2\/types\/post"}],"author":[{"embeddable":true,"href":"https:\/\/www.europesays.com\/pl\/wp-json\/wp\/v2\/users\/2"}],"replies":[{"embeddable":true,"href":"https:\/\/www.europesays.com\/pl\/wp-json\/wp\/v2\/comments?post=137881"}],"version-history":[{"count":0,"href":"https:\/\/www.europesays.com\/pl\/wp-json\/wp\/v2\/posts\/137881\/revisions"}],"wp:featuredmedia":[{"embeddable":true,"href":"https:\/\/www.europesays.com\/pl\/wp-json\/wp\/v2\/media\/137882"}],"wp:attachment":[{"href":"https:\/\/www.europesays.com\/pl\/wp-json\/wp\/v2\/media?parent=137881"}],"wp:term":[{"taxonomy":"category","embeddable":true,"href":"https:\/\/www.europesays.com\/pl\/wp-json\/wp\/v2\/categories?post=137881"},{"taxonomy":"post_tag","embeddable":true,"href":"https:\/\/www.europesays.com\/pl\/wp-json\/wp\/v2\/tags?post=137881"}],"curies":[{"name":"wp","href":"https:\/\/api.w.org\/{rel}","templated":true}]}}