{"id":138004,"date":"2025-12-07T19:13:09","date_gmt":"2025-12-07T19:13:09","guid":{"rendered":"https:\/\/www.europesays.com\/pl\/138004\/"},"modified":"2025-12-07T19:13:09","modified_gmt":"2025-12-07T19:13:09","slug":"brutalny-ranking-polska-blisko-straty-kolejnego-miejsca-na-igrzyskach","status":"publish","type":"post","link":"https:\/\/www.europesays.com\/pl\/138004\/","title":{"rendered":"Brutalny ranking. Polska blisko straty kolejnego miejsca na igrzyskach!"},"content":{"rendered":"<p class=\"Paragraph_desktopParagraph__Fd2e9\">W du\u017cym skr\u00f3cie: po korektach w programie olimpijskim, FIS zmieni\u0142 te\u017c zasady kwalifikacji skoczk\u00f3w na igrzyska Mediolan-Cortina 2026. Powsta\u0142 sumowany od lata 2024 ranking, w kt\u00f3rym zawodnicy zbieraj\u0105 punkty.<\/p>\n<p class=\"Paragraph_desktopParagraph__Fd2e9\">Ci, kt\u00f3rzy zajm\u0105 w tym rankingu pozycje 1\u201325, wywalcz\u0105 dla swojego kraju kwalifikacj\u0119 olimpijsk\u0105. Wa\u017cne jest jednak to, \u017ce jedna reprezentacja mo\u017ce maksymalnie wys\u0142a\u0107 na igrzyska czterech skoczk\u00f3w. Polska w tym sezonie straci\u0142a ju\u017c jedno miejsce i na dzi\u015b jedziemy do W\u0142och w tr\u00f3jk\u0119. Ale i tu robi si\u0119 gor\u0105co.<\/p>\n<p class=\"VideoPlayerText_videoPlayerText__zrtJk\">Dalszy ci\u0105g materia\u0142u pod wideo<\/p>\n<p>Oto miejsca Polak\u00f3w w &#8222;25&#8221; rankingu olimpijskiego, po zawodach P\u015a w Wi\u015ble:<\/p>\n<p class=\"Paragraph_desktopParagraph__Fd2e9\">14. Pawe\u0142 W\u0105sek 984 pkt.<\/p>\n<p class=\"Paragraph_desktopParagraph__Fd2e9\">22. Dawid Kubacki 631<\/p>\n<p class=\"Paragraph_desktopParagraph__Fd2e9\">24. Kamil Stoch 568<\/p>\n<p class=\"Paragraph_desktopParagraph__Fd2e9\">Jak wida\u0107, Kubacki i Stoch s\u0105 ju\u017c w zasadzie tu\u017c nad kresk\u0105, daj\u0105c\u0105 kwalifikacje dla kraju. A to nie koniec z\u0142ych wiadomo\u015bci. Za plecami Polak\u00f3w solidne awanse zaliczyli b\u0119d\u0105cy w \u015bwietnej formie rywale.<\/p>\n<p class=\"Paragraph_desktopParagraph__Fd2e9\">52 pkt wywalczy\u0142 w weekend w Wi\u015ble Valentin Foubert \u2014 przy pi\u0119ciu Kubackiego i czterech Stocha. Foubert jest ju\u017c w rankingu olimpijskim 25. i traci do Kamila zaledwie 14 pkt.<\/p>\n<p class=\"Paragraph_desktopParagraph__Fd2e9\">Jeszcze gorzej jest &#8222;pod kresk\u0105&#8221;. Liczyli\u015bmy, \u017ce obudzi si\u0119 Aleksander Zniszczo\u0142, ale Polak spad\u0142 o kolejne dwie pozycje, na 28. lokat\u0119. Solidne zdobycze punktowe zaliczyli za to W\u0142adimir Zografski (64 pkt w Wi\u015ble) i Felix Hoffmann (77 pkt w Wi\u015ble). Ich Stoch i Kubacki musz\u0105 si\u0119 obawia\u0107 najbardziej, cho\u0107 gro\u017ani b\u0119d\u0105 te\u017c Stephan Embacher i Halvor Egner Granerud.<\/p>\n<p class=\"Paragraph_desktopParagraph__Fd2e9\">Nieco nadziei wlewa forma Piotra \u017by\u0142y. On, przy solidnym punktowaniu te\u017c mo\u017ce jeszcze powalczy\u0107 o miejsce w &#8222;25&#8221;. Z kolei ze wzgl\u0119du na brak start\u00f3w w poprzednich latach iluzoryczne szanse na to ma Kacper Tomasiak. M\u0142ody Polak musia\u0142by prawie w ka\u017cdym z pozosta\u0142ych 11 konkurs\u00f3w P\u015a ociera\u0107 si\u0119 o podium.<\/p>\n<p>Oto jak wygl\u0105da &#8222;grupa po\u015bcigowa&#8221; w rankingu olimpijskim. Wymieniamy Polak\u00f3w i ich najgro\u017aniejszych rywali:<\/p>\n<p class=\"Paragraph_desktopParagraph__Fd2e9\">26. Artti Aigro (Estonia) 517<\/p>\n<p class=\"Paragraph_desktopParagraph__Fd2e9\">27. Stephan Embacher (Austria) 495<\/p>\n<p class=\"Paragraph_desktopParagraph__Fd2e9\">28. Aleksander Zniszczo\u0142 (Polska) 491<\/p>\n<p class=\"Paragraph_desktopParagraph__Fd2e9\">29. W\u0142adimir Zografski (Bu\u0142garia) 482<\/p>\n<p class=\"Paragraph_desktopParagraph__Fd2e9\">30. Halvor Egner Granerud (Norwegia) 480<\/p>\n<p class=\"Paragraph_desktopParagraph__Fd2e9\">&#8230;<\/p>\n<p class=\"Paragraph_desktopParagraph__Fd2e9\">34. Felix Hoffmann (Niemcy) 351<\/p>\n<p class=\"Paragraph_desktopParagraph__Fd2e9\">35. Piotr \u017by\u0142a (Polska) 348<\/p>\n<p class=\"Paragraph_desktopParagraph__Fd2e9\">&#8230;<\/p>\n<p class=\"Paragraph_desktopParagraph__Fd2e9\">39. Maciej Kot (Polska) 280<\/p>\n<p class=\"Paragraph_desktopParagraph__Fd2e9\">40. Jakub Wolny (Polska) 276<\/p>\n<p class=\"Paragraph_desktopParagraph__Fd2e9\">&#8230;<\/p>\n<p class=\"Paragraph_desktopParagraph__Fd2e9\">49. Kacper Tomasiak (Polska) 156<\/p>\n<p class=\"Paragraph_desktopParagraph__Fd2e9\">&#8230;<\/p>\n<p class=\"Paragraph_desktopParagraph__Fd2e9\">62. Kacper Juroszek (Polska) 89<\/p>\n<p class=\"Paragraph_desktopParagraph__Fd2e9\">Ranking olimpijski zostanie zamkni\u0119ty 18 stycznia 2026 r., a wi\u0119c po zawodach P\u015a w Sapporo. Do tego czasu rozegranych zostanie 11 konkurs\u00f3w indywidualnych. Zak\u0142adaj\u0105c zwyci\u0119stwo w ka\u017cdym z nich, zdoby\u0107 mo\u017cna maksymalnie 1100 pkt do rankingu.<\/p>\n","protected":false},"excerpt":{"rendered":"W du\u017cym skr\u00f3cie: po korektach w programie olimpijskim, FIS zmieni\u0142 te\u017c zasady kwalifikacji skoczk\u00f3w na igrzyska Mediolan-Cortina 2026.&hellip;\n","protected":false},"author":2,"featured_media":138005,"comment_status":"","ping_status":"","sticky":false,"template":"","format":"standard","meta":{"footnotes":""},"categories":[24],"tags":[3516,67,15023,3515,746,14477,14480,42,38,40,39,41,136,128,47,1874,127,135,126],"class_list":{"0":"post-138004","1":"post","2":"type-post","3":"status-publish","4":"format-standard","5":"has-post-thumbnail","7":"category-sport","8":"tag-dawid_kubacki","9":"tag-intextvideo_splayer","10":"tag-kacper_tomasiak","11":"tag-kamil_stoch","12":"tag-lysy","13":"tag-maciej_maciusiak","14":"tag-pawel_wasek","15":"tag-pl","16":"tag-poland","17":"tag-polish","18":"tag-polska","19":"tag-polski","20":"tag-ps_detal_new","21":"tag-psv2","22":"tag-screening_general","23":"tag-skoki_narciarskie","24":"tag-sport","25":"tag-sport_sport","26":"tag-sports"},"share_on_mastodon":{"url":"https:\/\/pubeurope.com\/@pl\/115679880992303053","error":""},"_links":{"self":[{"href":"https:\/\/www.europesays.com\/pl\/wp-json\/wp\/v2\/posts\/138004","targetHints":{"allow":["GET"]}}],"collection":[{"href":"https:\/\/www.europesays.com\/pl\/wp-json\/wp\/v2\/posts"}],"about":[{"href":"https:\/\/www.europesays.com\/pl\/wp-json\/wp\/v2\/types\/post"}],"author":[{"embeddable":true,"href":"https:\/\/www.europesays.com\/pl\/wp-json\/wp\/v2\/users\/2"}],"replies":[{"embeddable":true,"href":"https:\/\/www.europesays.com\/pl\/wp-json\/wp\/v2\/comments?post=138004"}],"version-history":[{"count":0,"href":"https:\/\/www.europesays.com\/pl\/wp-json\/wp\/v2\/posts\/138004\/revisions"}],"wp:featuredmedia":[{"embeddable":true,"href":"https:\/\/www.europesays.com\/pl\/wp-json\/wp\/v2\/media\/138005"}],"wp:attachment":[{"href":"https:\/\/www.europesays.com\/pl\/wp-json\/wp\/v2\/media?parent=138004"}],"wp:term":[{"taxonomy":"category","embeddable":true,"href":"https:\/\/www.europesays.com\/pl\/wp-json\/wp\/v2\/categories?post=138004"},{"taxonomy":"post_tag","embeddable":true,"href":"https:\/\/www.europesays.com\/pl\/wp-json\/wp\/v2\/tags?post=138004"}],"curies":[{"name":"wp","href":"https:\/\/api.w.org\/{rel}","templated":true}]}}