{"id":138054,"date":"2025-12-07T19:45:08","date_gmt":"2025-12-07T19:45:08","guid":{"rendered":"https:\/\/www.europesays.com\/pl\/138054\/"},"modified":"2025-12-07T19:45:08","modified_gmt":"2025-12-07T19:45:08","slug":"corka-rosyjskiego-generala-jezdzi-po-europie-jej-ojciec-oskarzany-o-zbrodnie-wojenne","status":"publish","type":"post","link":"https:\/\/www.europesays.com\/pl\/138054\/","title":{"rendered":"C\u00f3rka rosyjskiego genera\u0142a je\u017adzi po Europie. Jej ojciec oskar\u017cany o zbrodnie wojenne"},"content":{"rendered":"<p class=\"ods-c-paragraph \">Od pocz\u0105tku rosyjskiej inwazji na Ukrain\u0119 Kreml prowadzi szeroko zakrojon\u0105 kampani\u0119 propagandow\u0105, przedstawiaj\u0105c Zach\u00f3d jako zagro\u017cenie dla tradycyjnych warto\u015bci, nazywaj\u0105c go &#8222;zgni\u0142ym&#8221;.<\/p>\n<p>Dalszy ci\u0105g artyku\u0142u pod materia\u0142em wideo<\/p>\n<p> Kim jest Anastazja Tokariewa? <\/p>\n<p> Jakie kraje odwiedzi\u0142a Anastazja Tokariewa? <\/p>\n<p> Dlaczego Anastazja Tokariewa mog\u0142a otrzyma\u0107 wiz\u0119? <\/p>\n<p> Jaka jest rola jej ojca w inwazji na Ukrain\u0119? <\/p>\n<p class=\"ods-c-paragraph \">Tymczasem, jak zauwa\u017ca niezale\u017cna bia\u0142oruska agencja Nexta, rzeczywisto\u015b\u0107 niekt\u00f3rych przedstawicieli rosyjskich elit znacz\u0105co odbiega od oficjalnych przekaz\u00f3w. Najbli\u017csi wysokich rang\u0105 urz\u0119dnik\u00f3w i wojskowych korzystaj\u0105 z mo\u017cliwo\u015bci \u017cycia na Zachodzie, w tym z podr\u00f3\u017cy po krajach Unii Europejskiej.<\/p>\n<p class=\"ods-c-paragraph \">Wed\u0142ug informacji Nexty, Anastazja Tokariewa regularnie zamieszcza\u0142a na Instagramie zdj\u0119cia i relacje z licznych wyjazd\u00f3w zagranicznych. W czasie trwaj\u0105cej wojny odwiedzi\u0142a mi\u0119dzy innymi Francj\u0119, W\u0142ochy oraz Austri\u0119, prowadz\u0105c przy tym travel-bloga. W swoich wpisach podkre\u015bla\u0142a, \u017ce uzyskanie wizy by\u0142o mo\u017cliwe, poniewa\u017c \u2014 jej zdaniem \u2014 europejskie gospodarki &#8222;os\u0142ab\u0142y&#8221;.<\/p>\n<p>   Ojciec 22-latki bra\u0142 udzia\u0142 w inwazji na Ukrain\u0119<\/p>\n<p class=\"ods-c-paragraph \">Na jej profilu mo\u017cna by\u0142o te\u017c znale\u017a\u0107 tre\u015bci wspieraj\u0105ce rosyjsk\u0105 propagand\u0119 wojenn\u0105. Tokariewa mia\u0142a publikowa\u0107 komentarze m.in. dotycz\u0105ce rzekomego &#8222;odpierania nazizmu&#8221; przez rosyjsk\u0105 armi\u0119 \u2014 jest to powtarzana przez Kreml narracja od pocz\u0105tku inwazji na Ukrain\u0119.<\/p>\n<p class=\"ods-c-paragraph \">Ojciec Anastazji, genera\u0142-major Aleksandr Tokariew, pe\u0142ni funkcj\u0119 dow\u00f3dcy 22. korpusu armijnego 5. Armii Og\u00f3lnowojskowej Wschodniego Okr\u0119gu Wojskowego Si\u0142 Zbrojnych Rosji. Bra\u0142 udzia\u0142 w pe\u0142noskalowej inwazji na Ukrain\u0119. W czerwcu 2023 r. rosyjskie media pa\u0144stwowe opublikowa\u0142y jego zdj\u0119cia ze spotkania absolwent\u00f3w Akademii Wojskowej Sztabu Generalnego z prezydentem W\u0142adimirem Putinem.<\/p>\n<p class=\"ods-c-paragraph \">Nazwisko genera\u0142a Tokariewa znalaz\u0142o si\u0119 r\u00f3wnie\u017c na ukrai\u0144skiej &#8222;Li\u015bcie oprawc\u00f3w&#8221;. Sklasyfikowano go tam jako osob\u0119 podejrzan\u0105 o pope\u0142nianie zbrodni wojennych.<\/p>\n","protected":false},"excerpt":{"rendered":"Od pocz\u0105tku rosyjskiej inwazji na Ukrain\u0119 Kreml prowadzi szeroko zakrojon\u0105 kampani\u0119 propagandow\u0105, przedstawiaj\u0105c Zach\u00f3d jako zagro\u017cenie dla tradycyjnych&hellip;\n","protected":false},"author":2,"featured_media":138055,"comment_status":"","ping_status":"","sticky":false,"template":"","format":"standard","meta":{"footnotes":""},"categories":[14],"tags":[32,33,27,76,34,35,28,31,48,25,46,28441,40,41,47,80,29,30,26,892,82,83,84],"class_list":{"0":"post-138054","1":"post","2":"type-post","3":"status-publish","4":"format-standard","5":"has-post-thumbnail","7":"category-swiat","8":"tag-breaking-news","9":"tag-breakingnews","10":"tag-headlines","11":"tag-inwazja_rosji_na_ukraine","12":"tag-latest-news","13":"tag-latestnews","14":"tag-naglowki","15":"tag-najwazniejsze-artykuly","16":"tag-nat_styl","17":"tag-news","18":"tag-omp","19":"tag-podrozowanie","20":"tag-polish","21":"tag-polski","22":"tag-screening_general","23":"tag-swiat","24":"tag-top-stories","25":"tag-topstories","26":"tag-wiadomosci","27":"tag-wojna","28":"tag-world","29":"tag-world-news","30":"tag-worldnews"},"share_on_mastodon":{"url":"https:\/\/pubeurope.com\/@pl\/115680006923398990","error":""},"_links":{"self":[{"href":"https:\/\/www.europesays.com\/pl\/wp-json\/wp\/v2\/posts\/138054","targetHints":{"allow":["GET"]}}],"collection":[{"href":"https:\/\/www.europesays.com\/pl\/wp-json\/wp\/v2\/posts"}],"about":[{"href":"https:\/\/www.europesays.com\/pl\/wp-json\/wp\/v2\/types\/post"}],"author":[{"embeddable":true,"href":"https:\/\/www.europesays.com\/pl\/wp-json\/wp\/v2\/users\/2"}],"replies":[{"embeddable":true,"href":"https:\/\/www.europesays.com\/pl\/wp-json\/wp\/v2\/comments?post=138054"}],"version-history":[{"count":0,"href":"https:\/\/www.europesays.com\/pl\/wp-json\/wp\/v2\/posts\/138054\/revisions"}],"wp:featuredmedia":[{"embeddable":true,"href":"https:\/\/www.europesays.com\/pl\/wp-json\/wp\/v2\/media\/138055"}],"wp:attachment":[{"href":"https:\/\/www.europesays.com\/pl\/wp-json\/wp\/v2\/media?parent=138054"}],"wp:term":[{"taxonomy":"category","embeddable":true,"href":"https:\/\/www.europesays.com\/pl\/wp-json\/wp\/v2\/categories?post=138054"},{"taxonomy":"post_tag","embeddable":true,"href":"https:\/\/www.europesays.com\/pl\/wp-json\/wp\/v2\/tags?post=138054"}],"curies":[{"name":"wp","href":"https:\/\/api.w.org\/{rel}","templated":true}]}}