{"id":138127,"date":"2025-12-07T20:29:13","date_gmt":"2025-12-07T20:29:13","guid":{"rendered":"https:\/\/www.europesays.com\/pl\/138127\/"},"modified":"2025-12-07T20:29:13","modified_gmt":"2025-12-07T20:29:13","slug":"wisla-nawarzyla-sobie-piwa-w-lodzi-niedosyt-po-ostatnim-meczu","status":"publish","type":"post","link":"https:\/\/www.europesays.com\/pl\/138127\/","title":{"rendered":"Wis\u0142a nawarzy\u0142a sobie piwa w \u0141odzi. Niedosyt po ostatnim meczu"},"content":{"rendered":"<p>            Zn\u00f3w karny dla rywala Wis\u0142y<\/p>\n<p>Wi\u015blacy pojechali do \u0141odzi bez powrotu do Krakowa po nieudanym wyst\u0119pie w 1\/8 Pucharu Polski z <a href=\"https:\/\/lovekrakow.pl\/swietny-poczatek-wisly-a-potem-dramat-cztery-stracone-gole\" rel=\"nofollow noopener\" target=\"_blank\">Zawisz\u0105<\/a> Bydgoszcz w czwartkowy wiecz\u00f3r. Tak zaplanowali koniec roku, by nie traci\u0107 czasu na podr\u00f3\u017ce.<\/p>\n<p>\u00a0Z \u0141KS-em Wis\u0142a mog\u0142a zmaza\u0107 plam\u0119 sprzed trzech dni i zako\u0144czy\u0107 bardzo dobre p\u00f3\u0142 roku mi\u0142ym akcentem. Gra\u0142a tak sobie, wi\u0119c nie si\u0119gn\u0119\u0142a po komplet punkt\u00f3w.<\/p>\n<p>Pocz\u0105tek ligowej rywalizacji by\u0142 kontynuacj\u0105 tego, co wydarzy\u0142o si\u0119 w Bydgoszczy. Bramkarz Bia\u0142ej Gwiazdy zn\u00f3w musia\u0142 broni\u0107 rzut karny.\u00a0<\/p>\n<p>                  <img decoding=\"async\" loading=\"lazy\" width=\"744\" height=\"418\" src=\"https:\/\/www.europesays.com\/pl\/wp-content\/uploads\/2025\/12\/92f34d431ae1dbd76957daccb17ffc53.jpg.webp\" alt=\"Mecz Puszcza Niepo\u0142omice - Wis\u0142a Krak\u00f3w. Darijo Grujci\u0107\"\/><\/p>\n<p>Mecz Puszcza Niepo\u0142omice &#8211; Wis\u0142a Krak\u00f3w. Darijo Grujci\u0107<\/p>\n<p>Mateusz Kaleta\/LoveKrak\u00f3w.pl<\/p>\n<p>Faul Darija Grujcicia i gol \u0141KS-u<\/p>\n<p>Gospodarze ciekawie pograli praw\u0105 stron\u0105, przetransportowali pi\u0142k\u0119 w pole karne, sk\u0105d go\u015bcie byli blisko jej skutecznego oddalenia. Frederico Duarte nie zdo\u0142a\u0142 jednak opanowa\u0107 lub szybko kopn\u0105\u0107 pi\u0142ki zagrywanej przez Darija Grujcicia, przej\u0105\u0142 j\u0105 Koki Hinokio i za chwil\u0119 by\u0142 faulowany przez Austriaka, kt\u00f3ry nie wyszed\u0142 na drug\u0105 po\u0142ow\u0119. By\u0142a to dobra decyzja trenera, zmiennik po przerwie wyr\u00f3wna\u0142.\u00a0<\/p>\n<p>\u00a0\u201eJedenastk\u0119\u201d z zimn\u0105 krwi\u0105 wykorzysta\u0142 Artur Craciun, by\u0142y obro\u0144ca Puszczy Niepo\u0142omice wybra\u0142 inny r\u00f3g ni\u017c bramkarz.\u00a0<\/p>\n<p>Bezrobotni bramkarze<\/p>\n<p>Szybko strzelony gol nie rozkr\u0119ci\u0142 spotkania. Bia\u0142a Gwiazda musia\u0142a goni\u0107 wynik, ale do przerwy powa\u017cnie nie zagrozi\u0142a rozczarowuj\u0105cemu w tym sezonie \u0141KS-owi, kt\u00f3ry niedawno zmieni\u0142 trenera. Z rzutu wolnego, kt\u00f3ry zrodzi\u0142 si\u0119 z niedok\u0142adnego podania Micha\u0142a Mokrzyckiego i faulu Craciuna, Marko Bozi\u0107 min\u0105\u0142 i mur, i bramk\u0119.\u00a0<\/p>\n<p>Wcze\u015bniej podopieczni Grzegorza Szoki zmarnowali okazj\u0119 na podwy\u017cszenie prowadzenia. B\u0142\u0105d techniczny Juliana Lelievelda pozwoli\u0142 im ponownie gro\u017anie zaatakowa\u0142 praw\u0105 stron\u0105. Jasper Loffelsend wymierzy\u0142 do\u015brodkowanie na g\u0142ow\u0119 Mateusza Lewandowskiego, jednak napastnik \u017ale rozwi\u0105za\u0142 sytuacj\u0119.<\/p>\n<p>                  <img decoding=\"async\" loading=\"lazy\" width=\"744\" height=\"418\" src=\"https:\/\/www.europesays.com\/pl\/wp-content\/uploads\/2025\/12\/5a4188a7a100d6838043b0af069f208a.jpg.webp\" alt=\"My\u015blenice. Sparing Wis\u0142a Krak\u00f3w - Odra Opole. Po prawej Marko Bozi\u0107\"\/><\/p>\n<p>My\u015blenice. Sparing Wis\u0142a Krak\u00f3w &#8211; Odra Opole. Po prawej Marko Bozi\u0107<\/p>\n<p>Mateusz Kaleta\/LoveKrakow.pl<\/p>\n<p>Dobra zmiana<\/p>\n<p>\u0141odzianom przede wszystkim zale\u017ca\u0142o na obronie korzystnego wyniku. Zbyt mocno dali si\u0119 zepchn\u0105\u0107 i Wis\u0142a doprowadzi\u0142a do remisu. Po do\u015brodkowaniu Duarte Wiktor Biedrzycki zagra\u0142 bli\u017cej bramki, a jego kolega ze \u015brodka obrony, Igor \u0141asicki, w\u0142o\u017cy\u0142 g\u0142ow\u0119 mi\u0119dzy dw\u00f3ch rywali.\u00a0<\/p>\n<p>\u0141KS w niedziel\u0119 fatalnie ko\u0144czy\u0142 akcje g\u0142ow\u0105. Zmiennik Lewandowskiego, Andreu Arasa, tak\u017ce pokpi\u0142 spraw\u0119 po wymierzonej wrzutce Piotra G\u0142owackiego. Patryk Letkiewicz musia\u0142 za to interweniowa\u0107 na linii przy wolnym Mokrzyckiego i spisa\u0142 si\u0119 bez zarzutu.<\/p>\n<p>Wynik si\u0119 ju\u017c nie zmieni\u0142. By\u0142 to dopiero czwarty remis krakowian. Na koncie maj\u0105 tak\u017ce 13 zwyci\u0119stw i zaledwie dwie pora\u017cki.<\/p>\n<p>                  <img decoding=\"async\" loading=\"lazy\" width=\"744\" height=\"418\" src=\"https:\/\/www.europesays.com\/pl\/wp-content\/uploads\/2025\/12\/e476fca8b33d02b8416367abf807ab26.jpg.webp\" alt=\"My\u015blenice. Sparing Wis\u0142a Krak\u00f3w - Odra Opole\"\/><\/p>\n<p>My\u015blenice. Sparing Wis\u0142a Krak\u00f3w &#8211; Odra Opole<\/p>\n<p>Mateusz Kaleta\/LoveKrakow.pl<\/p>\n<p>Plan przygotowa\u0144 Wis\u0142y<\/p>\n<p>Pi\u0142karze Wis\u0142y rozpoczn\u0105 przygotowania do rundy wiosennej 5 stycznia. Od 11 do 25 stycznia czekaj\u0105 ich trening w Turcji i cztery sparingi (rywali jeszcze nie ujawniono). Po powrocie zaplanowano mecz kontrolny ze Stal\u0105 Mielec w My\u015blenicach.<\/p>\n<p>\u0141KS \u0141\u00f3d\u017a \u2013 Wis\u0142a Krak\u00f3w 1:1 (1:0)<\/p>\n<p>Bramki: Craciun (4., karny) \u2013 \u0141asicki (63.).<\/p>\n<p>\u0141KS: Jakubowski \u2013 Craciun, Rudol, Kupczak \u2013 Loffelsend (76. Krykun), Mokrzycki (84. Ernst), Wysoki\u0144ski, Hinokio, G\u0142owacki (75. Norlin) \u2013 Toma (64. Szczepa\u0144ski), Lewandowski (64. Arasa).<\/p>\n<p>Wis\u0142a: Letkiewicz \u2013 Giger, Biedrzycki, Grujcic (46. \u0141asicki), Lelieveld &#8211; Duda (84. Nikaj), Igbekeme \u2013 Duarte, Ertlthaler, Bozi\u0107 (66. Kuziemka) \u2013 Rodado.\u00a0<\/p>\n<p>\u017b\u00f3\u0142te kartki: G\u0142owacki, Kupczak \u2013 Igbekeme.<\/p>\n<p>S\u0119dziowa\u0142 Patryk Gryckiewicz (Toru\u0144).<\/p>\n","protected":false},"excerpt":{"rendered":"Zn\u00f3w karny dla rywala Wis\u0142y Wi\u015blacy pojechali do \u0141odzi bez powrotu do Krakowa po nieudanym wyst\u0119pie w 1\/8&hellip;\n","protected":false},"author":2,"featured_media":138128,"comment_status":"","ping_status":"","sticky":false,"template":"","format":"standard","meta":{"footnotes":""},"categories":[5],"tags":[32,33,36,37,27,34,35,28,31,25,42,38,40,39,41,29,30,26],"class_list":{"0":"post-138127","1":"post","2":"type-post","3":"status-publish","4":"format-standard","5":"has-post-thumbnail","7":"category-naglowki","8":"tag-breaking-news","9":"tag-breakingnews","10":"tag-featured-news","11":"tag-featurednews","12":"tag-headlines","13":"tag-latest-news","14":"tag-latestnews","15":"tag-naglowki","16":"tag-najwazniejsze-artykuly","17":"tag-news","18":"tag-pl","19":"tag-poland","20":"tag-polish","21":"tag-polska","22":"tag-polski","23":"tag-top-stories","24":"tag-topstories","25":"tag-wiadomosci"},"share_on_mastodon":{"url":"https:\/\/pubeurope.com\/@pl\/115680180187005967","error":""},"_links":{"self":[{"href":"https:\/\/www.europesays.com\/pl\/wp-json\/wp\/v2\/posts\/138127","targetHints":{"allow":["GET"]}}],"collection":[{"href":"https:\/\/www.europesays.com\/pl\/wp-json\/wp\/v2\/posts"}],"about":[{"href":"https:\/\/www.europesays.com\/pl\/wp-json\/wp\/v2\/types\/post"}],"author":[{"embeddable":true,"href":"https:\/\/www.europesays.com\/pl\/wp-json\/wp\/v2\/users\/2"}],"replies":[{"embeddable":true,"href":"https:\/\/www.europesays.com\/pl\/wp-json\/wp\/v2\/comments?post=138127"}],"version-history":[{"count":0,"href":"https:\/\/www.europesays.com\/pl\/wp-json\/wp\/v2\/posts\/138127\/revisions"}],"wp:featuredmedia":[{"embeddable":true,"href":"https:\/\/www.europesays.com\/pl\/wp-json\/wp\/v2\/media\/138128"}],"wp:attachment":[{"href":"https:\/\/www.europesays.com\/pl\/wp-json\/wp\/v2\/media?parent=138127"}],"wp:term":[{"taxonomy":"category","embeddable":true,"href":"https:\/\/www.europesays.com\/pl\/wp-json\/wp\/v2\/categories?post=138127"},{"taxonomy":"post_tag","embeddable":true,"href":"https:\/\/www.europesays.com\/pl\/wp-json\/wp\/v2\/tags?post=138127"}],"curies":[{"name":"wp","href":"https:\/\/api.w.org\/{rel}","templated":true}]}}