{"id":138188,"date":"2025-12-07T21:04:08","date_gmt":"2025-12-07T21:04:08","guid":{"rendered":"https:\/\/www.europesays.com\/pl\/138188\/"},"modified":"2025-12-07T21:04:08","modified_gmt":"2025-12-07T21:04:08","slug":"adam-malysz-odslonil-kulisy-niemcy-zaburzyli-skoki-w-wisle","status":"publish","type":"post","link":"https:\/\/www.europesays.com\/pl\/138188\/","title":{"rendered":"Adam Ma\u0142ysz ods\u0142oni\u0142 kulisy! Niemcy zaburzyli skoki w Wi\u015ble!"},"content":{"rendered":"<p>Gdy w sobot\u0119 honor polskich skok\u00f3w obroni\u0142 tylko czternasty Piotr \u017by\u0142a, wydawa\u0142o si\u0119, \u017ce podopieczni Macieja Maciusiaka wpadaj\u0105 w g\u0142\u0119boki kryzys. Tym bardziej, \u017ce ich lider Kamil Stoch w og\u00f3le nie zakwalifikowa\u0142 si\u0119 do konkursu. Tymczasem w niedziel\u0119 za\u015bwieci\u0142o s\u0142o\u0144ce. Po pierwszej serii \u017by\u0142a by\u0142 drugi, Tomasiak \u2013 si\u00f3dmy. Obaj z szansami na podium.<\/p>\n<p>\u00a0<\/p>\n<p>ZOBACZ TAK\u017bE: <a href=\"https:\/\/www.polsatsport.pl\/wiadomosc\/2025-12-05\/potrzebna-byla-zgoda-zony-malysza-teraz-jest-tam-samo-tajner-juz-tego-nie-kryje\/\" target=\"_blank\" rel=\"noopener noreferrer nofollow\">Potrzebna by\u0142a zgoda \u017cony Ma\u0142ysza. Teraz jest tak samo, Tajner ju\u017c tego nie kryje<\/a><\/p>\n<p>Piotr \u017by\u0142a: Spa\u015bci\u0142em drugi skok, ale i tak jestem szcz\u0119\u015bliwy<\/p>\n<p>Ostatecznie sko\u0144czy\u0142o si\u0119 na najlepszym w karierze, pi\u0105tym miejscu osiemnastoletniego Kacpra. \u017by\u0142a zepsu\u0142 drug\u0105 pr\u00f3b\u0119, wi\u0119c musia\u0142 si\u0119 zadowoli\u0107 si\u00f3dm\u0105 lokat\u0105.<\/p>\n<p>\u00a0<\/p>\n<p>&#8211; Jestem przeszcz\u0119\u015bliwy. Nie przypuszcza\u0142em, \u017ce mog\u0119 powalczy\u0107 o podium. Wykona\u0142em dobr\u0105 prac\u0119, wida\u0107, \u017ce co\u015b ruszy\u0142o. W drugiej serii &#8222;spa\u015bci\u0142em&#8221; strasznie, przyci\u0105\u0142em, mog\u0142em to jeszcze ratowa\u0107 w lodzie, a ja do tego jeszcze do\u0142o\u017cy\u0142em z\u0142\u0105 sylwetk\u0105. Mimo wszystko, mimo tylu b\u0142\u0119d\u00f3w uda\u0142o si\u0119 przebi\u0107 na si\u00f3dme miejsce. Owszem, liczy\u0142em na podium, ale co zrobi\u0107 \u2013 podkre\u015bla\u0142 Piotr \u017by\u0142a w rozmowie z Polsatem Sport. \u00a0<\/p>\n<p>Prawie dwa lata czekali\u015bmy na dw\u00f3ch Polak\u00f3w w top 10<\/p>\n<p>Po raz ostatni dw\u00f3ch Polak\u00f3w w czo\u0142owej &#8222;dziesi\u0105tce&#8221; P\u015a do\u015bwiadczyli\u015bmy w marcu 2024 r., gdy w Planicy na najni\u017cszym stopniu podium stan\u0105\u0142 Aleksander Zniszczo\u0142, a pi\u0105ty by\u0142 Piotr \u017by\u0142a.<\/p>\n<p>\u00a0<\/p>\n<p>W niedziel\u0119 w Wi\u015ble triumfowa\u0142 S\u0142oweniec Domen Prevc, kt\u00f3ry by\u0142 klas\u0105 dla siebie. Zosta\u0142 nowym liderem klasyfikacji generalnej P\u015a, luzuj\u0105c swego rodaka An\u017ce Laniska.<\/p>\n<p>Niemiecka telewizja wymusi\u0142a op\u00f3\u017anienie drugiej serii skok\u00f3w w Wi\u015ble<\/p>\n<p>Drugi konkurs na Skoczni im. Adama Ma\u0142ysza by\u0142 o tyle nietypowy, \u017ce na fina\u0142ow\u0105 seri\u0119 kibice i skoczkowie musieli czeka\u0107 a\u017c 45 minut. Na og\u00f3\u0142 przerwy mi\u0119dzy seriami nie przekraczaj\u0105c 10 minut. Okazuje si\u0119, \u017ce wszystko przez niemieck\u0105 telewizj\u0119 ZDF.<\/p>\n<p>\u00a0<\/p>\n<p>&#8211; Ta przerwa nie by\u0142a wymys\u0142em naszej telewizji. Wszystko przez niemieck\u0105 stacj\u0119, kt\u00f3ra transmituje nasze konkursy. W tym samym czasie mia\u0142a na antenie biathlon. Niemcy zg\u0142osili si\u0119 z tym do FIS-u, a FIS nam lekko jakby to narzuci\u0142 \u2013 zdradza\u0142 kulisy prezes PZN-u Adam Ma\u0142ysz, w rozmowie z Polsatem Sport.<\/p>\n<p>\u00a0<\/p>\n<p>&#8211; Na szcz\u0119\u015bcie nasza telewizja powiedzia\u0142a, \u017ce ok, nie ma problemu. Najwa\u017cniejsze, \u017ce si\u0119 sz\u0142o dogada\u0107 i przeprowadzi\u0107 to w tym nieco p\u00f3\u017aniejszym czasie &#8211; doda\u0142 prezes Ma\u0142ysz.<\/p>\n<p>Formu\u0142a 1 kr\u00f3lowa\u0142a w\u015br\u00f3d skoczk\u00f3w<\/p>\n<p>Jak skoczkowie zagospodarowali d\u0142u\u017csze wyczekiwanie na fina\u0142owy skok?<\/p>\n<p>\u00a0<\/p>\n<p>&#8211; W przerwie przed drug\u0105 seri\u0105 ogl\u0105dali\u015bmy fina\u0142owe zawody Formu\u0142y 1, wi\u0119c nudy nie by\u0142o \u2013 powiedzia\u0142 nam czternasty skoczek niedzielnego konkursu Maciej Kot.<\/p>\n<p>\u00a0<\/p>\n<p>&#8211; Dla skoczk\u00f3w, z jednej strony, mo\u017ce jest to du\u017co to 40 minut, ale z drugiej, jest czas, \u017ceby zn\u00f3w si\u0119 przygotowa\u0107 do skoku porz\u0105dnie \u2013 szuka\u0142 pozytyw\u00f3w prezes Ma\u0142ysz.<\/p>\n<p>\u00a0<\/p>\n<p>W nast\u0119pny weekend karuzela P\u015a przenosi si\u0119 do Klingenthal. Zgodnie z oczekiwaniami, w miejsce Zniszczo\u0142a, do kadry Polak\u00f3w wskoczy\u0142 Maciej Kot. Opr\u00f3cz niego trener Maciusiak zabiera sta\u0142\u0105 pi\u0105tk\u0119: Kacpra Tomasiaka, Piotra \u017by\u0142\u0119, Kamila Stocha, Paw\u0142a W\u0105ska i Dawida Kubackiego.\u00a0<\/p>\n<p>\u00a0<\/p>\n<p><img decoding=\"async\" src=\"https:\/\/www.europesays.com\/pl\/wp-content\/uploads\/2025\/12\/jhojnbdqptmm4199n8ym7nx8rs1fzza5.jpg\" alt=\"\" itemprop=\"contentUrl\" style=\"position:absolute; width: 100%; max-height: 100%;\"\/><video controls=\"\" controlslist=\"nodownload\" poster=\"https:\/\/www.europesays.com\/pl\/wp-content\/uploads\/2025\/12\/jhojnbdqptmm4199n8ym7nx8rs1fzza5.jpg\" class=\"videoPlayer player7300103 news__video\" data-id=\"7300103\">Twoja przegl\u0105darka nie wspiera odtwarzacza wideo&#8230;<\/video><\/p>\n<p><a class=\"news__read-more-button\" href=\"https:\/\/www.polsatsport.pl\/\" rel=\"nofollow noopener\" target=\"_blank\">Przejd\u017a na Polsatsport.pl<\/a><\/p>\n","protected":false},"excerpt":{"rendered":"Gdy w sobot\u0119 honor polskich skok\u00f3w obroni\u0142 tylko czternasty Piotr \u017by\u0142a, wydawa\u0142o si\u0119, \u017ce podopieczni Macieja Maciusiaka wpadaj\u0105&hellip;\n","protected":false},"author":2,"featured_media":138189,"comment_status":"","ping_status":"","sticky":false,"template":"","format":"standard","meta":{"footnotes":""},"categories":[5],"tags":[32,33,36,37,27,34,35,28,31,25,42,38,40,39,41,29,30,26],"class_list":{"0":"post-138188","1":"post","2":"type-post","3":"status-publish","4":"format-standard","5":"has-post-thumbnail","7":"category-naglowki","8":"tag-breaking-news","9":"tag-breakingnews","10":"tag-featured-news","11":"tag-featurednews","12":"tag-headlines","13":"tag-latest-news","14":"tag-latestnews","15":"tag-naglowki","16":"tag-najwazniejsze-artykuly","17":"tag-news","18":"tag-pl","19":"tag-poland","20":"tag-polish","21":"tag-polska","22":"tag-polski","23":"tag-top-stories","24":"tag-topstories","25":"tag-wiadomosci"},"share_on_mastodon":{"url":"https:\/\/pubeurope.com\/@pl\/115680317927714002","error":""},"_links":{"self":[{"href":"https:\/\/www.europesays.com\/pl\/wp-json\/wp\/v2\/posts\/138188","targetHints":{"allow":["GET"]}}],"collection":[{"href":"https:\/\/www.europesays.com\/pl\/wp-json\/wp\/v2\/posts"}],"about":[{"href":"https:\/\/www.europesays.com\/pl\/wp-json\/wp\/v2\/types\/post"}],"author":[{"embeddable":true,"href":"https:\/\/www.europesays.com\/pl\/wp-json\/wp\/v2\/users\/2"}],"replies":[{"embeddable":true,"href":"https:\/\/www.europesays.com\/pl\/wp-json\/wp\/v2\/comments?post=138188"}],"version-history":[{"count":0,"href":"https:\/\/www.europesays.com\/pl\/wp-json\/wp\/v2\/posts\/138188\/revisions"}],"wp:featuredmedia":[{"embeddable":true,"href":"https:\/\/www.europesays.com\/pl\/wp-json\/wp\/v2\/media\/138189"}],"wp:attachment":[{"href":"https:\/\/www.europesays.com\/pl\/wp-json\/wp\/v2\/media?parent=138188"}],"wp:term":[{"taxonomy":"category","embeddable":true,"href":"https:\/\/www.europesays.com\/pl\/wp-json\/wp\/v2\/categories?post=138188"},{"taxonomy":"post_tag","embeddable":true,"href":"https:\/\/www.europesays.com\/pl\/wp-json\/wp\/v2\/tags?post=138188"}],"curies":[{"name":"wp","href":"https:\/\/api.w.org\/{rel}","templated":true}]}}