{"id":138198,"date":"2025-12-07T21:11:22","date_gmt":"2025-12-07T21:11:22","guid":{"rendered":"https:\/\/www.europesays.com\/pl\/138198\/"},"modified":"2025-12-07T21:11:22","modified_gmt":"2025-12-07T21:11:22","slug":"si-si-jestem-we-wloszech-corka-rosyjskiego-zbrodniarza-jezdzi-po-krajach-ue-swiat","status":"publish","type":"post","link":"https:\/\/www.europesays.com\/pl\/138198\/","title":{"rendered":"&#8222;Si, si, jestem we W\u0142oszech&#8221;. C\u00f3rka rosyjskiego zbrodniarza je\u017adzi po krajach UE &#8211; \u015awiat"},"content":{"rendered":"<p>Ojciec walczy z\u00a0Ukrain\u0105.\u00a0C\u00f3rka podr\u00f3\u017cuje po NATO<\/p>\n<p>Aleksandr Tokariew bra\u0142 bezpo\u015bredni udzia\u0142 w otwartej inwazji militarnej Rosji na Ukrain\u0119. Wedle danych zebranych przez Ukrai\u0144c\u00f3w, to zbrodniarz wojenny, kt\u00f3rego nazwisko figuruje w ukrai\u0144skiej Ksi\u0119dze Kat\u00f3w.<\/p>\n<p>Czytaj tak\u017ce:<\/p>\n<ul class=\"ArticleContent_articleUlList__sA7TW\">&#13;<\/p>\n<li><a href=\"https:\/\/polskieradio24.pl\/artykul\/3617710,ukraincy-zdemaskowali-plan-rosji-pod-lymanem-kluczem-wiecznie-zielony-las\" rel=\"nofollow noopener\" target=\"_blank\">Ukrai\u0144cy zdemaskowali plan Rosji pod \u0141ymanem. Kluczem wiecznie zielony las<\/a><\/li>\n<p>&#13;<\/p>\n<li><a href=\"https:\/\/polskieradio24.pl\/artykul\/3617724,dostal-drgawek-i-eksplodowal-tak-ukraincy-zestrzelili-pocisk-kalibr\" rel=\"nofollow noopener\" target=\"_blank\">Dosta\u0142 drgawek i eksplodowa\u0142. Tak Ukrai\u0144cy zestrzelili pocisk Kalibr<\/a><\/li>\n<p>&#13;\n<\/ul>\n<p>Za\u015b jego 22-letnia c\u00f3rka Anastazja z rado\u015bci\u0105 podr\u00f3\u017cuje po krajach &#8222;wrogiego NATO&#8221;. Uczy\u0142a si\u0119 wcze\u015bniej w Internacie Ministerstwa Obrony dla Dziewcz\u0105t.\u00a0W swoich sieciach spo\u0142eczno\u015bciowych chwali\u0142a si\u0119, \u017ce bez problemu uzyska\u0142a wiz\u0119 europejsk\u0105 i wydaje na wakacje nawet milion rubli (odpowiednik 47 tysi\u0119cy z\u0142).<\/p>\n<p>Portal NEXTA cytuje artyku\u0142 agencji RIA Novosti z 2023 roku, w kt\u00f3rym Aleksander Tokariew, absolwent Akademii Sztabu Generalnego Rosji, m\u00f3wi\u0142 o Ukrainie, \u017ce &#8222;jak 80 lat temu, nazizm podni\u00f3s\u0142 g\u0142ow\u0119&#8221; i rosyjskie wojsko b\u0119dzie z nim walczy\u0107. Zachowa\u0142y si\u0119 te\u017c nagrania wideo jego wyst\u0105pienia. Deklarowa\u0142 w nim oddanie rosyjskiemu narodowi.<\/p>\n<p>Usun\u0119\u0142a konto z medi\u00f3w spo\u0142eczno\u015bciowych <\/p>\n<p>O sprawie napisa\u0142 wcze\u015bniej kana\u0142 CHTD na Telegramie, zaalarmowany przez subskrybent\u00f3w. Na podstawie tego, co Anastazja sama napisa\u0142a w sieciach spo\u0142eczno\u015bciowych, portal relacjonowa\u0142, \u017ce dziewczyna odwiedzi\u0142a podczas wojny co najmniej trzy kraje UE (Francj\u0119, W\u0142ochy i Austri\u0119). Prowadzi\u0142a bloga podr\u00f3\u017cniczego. Mia\u0142a tam stwierdzi\u0107, \u017ce nie\u00a0by\u0142o problemu z uzyskaniem wizy europejskiej, poniewa\u017c &#8222;gospodarka europejska s\u0142ab\u0142a&#8221;, rzekomo z powodu zmniejszenia liczby wiz wydawanych Rosjanom. Nie wskazano, w jakim kraju kobieta otrzyma\u0142a wiz\u0119.<\/p>\n<p>Wed\u0142ug Anastazji wakacje z drug\u0105 osob\u0105 (przyjaci\u00f3\u0142k\u0105?) i psem kosztuj\u0105 j\u0105 od 800 000 do 1 miliona rubli. Je w drogich restauracjach i je\u017adzi now\u0105 Toyot\u0105 Coroll\u0105 &#8211; czytamy. Wkr\u00f3tce po\u00a0tej publikacji Anastazja zablokowa\u0142a dost\u0119p do wiadomo\u015bci &#8211; usun\u0119\u0142a b\u0105d\u017a zamkn\u0119\u0142a konto na Instagramie.<\/p>\n<p>Ksi\u0119ga Kat\u00f3w<\/p>\n<p>W czerwcu 2022 roku prezydent Wo\u0142odymyr Ze\u0142enski poinformowa\u0142, \u017ce Ukraina uruchamia Ksi\u0119g\u0119 Kat\u00f3w. To system gromadzenia dowod\u00f3w zbrodni wojennych, kt\u00f3re zosta\u0142y pope\u0142nione podczas okupacji rosyjskiej,<\/p>\n<p>Genera\u0142 major Aleskander Tokariew figuruje tam jako dow\u00f3dca 22. Korpusu Armijnego 5. Armii Okr\u0119gu Wschodniego. Bra\u0142 bezpo\u015bredni udzia\u0142 w otwartej inwazji wojskowej na Ukrain\u0119.<\/p>\n<p>Czytaj tak\u017ce:<\/p>\n<ul class=\"ArticleContent_articleUlList__sA7TW\">&#13;<\/p>\n<li><a href=\"https:\/\/polskieradio24.pl\/artykul\/3617653,widac-snieg-na-mapach-tuz-przed-swietami-meteorolodzy-wskazali-cztery-regiony\" rel=\"nofollow noopener\" target=\"_blank\">Wida\u0107 \u015bnieg na mapach tu\u017c przed \u015bwi\u0119tami. Meteorolodzy wskazali cztery regiony<\/a><\/li>\n<p>&#13;\n<\/ul>\n<p>\u0179r\u00f3d\u0142o: NEXTA\/russian-torturers.org\/Polskie Radio<\/p>\n","protected":false},"excerpt":{"rendered":"Ojciec walczy z\u00a0Ukrain\u0105.\u00a0C\u00f3rka podr\u00f3\u017cuje po NATO Aleksandr Tokariew bra\u0142 bezpo\u015bredni udzia\u0142 w otwartej inwazji militarnej Rosji na Ukrain\u0119.&hellip;\n","protected":false},"author":2,"featured_media":138199,"comment_status":"","ping_status":"","sticky":false,"template":"","format":"standard","meta":{"footnotes":""},"categories":[5],"tags":[32,33,36,37,27,34,35,28,31,25,42,38,40,39,41,29,30,26],"class_list":{"0":"post-138198","1":"post","2":"type-post","3":"status-publish","4":"format-standard","5":"has-post-thumbnail","7":"category-naglowki","8":"tag-breaking-news","9":"tag-breakingnews","10":"tag-featured-news","11":"tag-featurednews","12":"tag-headlines","13":"tag-latest-news","14":"tag-latestnews","15":"tag-naglowki","16":"tag-najwazniejsze-artykuly","17":"tag-news","18":"tag-pl","19":"tag-poland","20":"tag-polish","21":"tag-polska","22":"tag-polski","23":"tag-top-stories","24":"tag-topstories","25":"tag-wiadomosci"},"share_on_mastodon":{"url":"https:\/\/pubeurope.com\/@pl\/115680345046156081","error":""},"_links":{"self":[{"href":"https:\/\/www.europesays.com\/pl\/wp-json\/wp\/v2\/posts\/138198","targetHints":{"allow":["GET"]}}],"collection":[{"href":"https:\/\/www.europesays.com\/pl\/wp-json\/wp\/v2\/posts"}],"about":[{"href":"https:\/\/www.europesays.com\/pl\/wp-json\/wp\/v2\/types\/post"}],"author":[{"embeddable":true,"href":"https:\/\/www.europesays.com\/pl\/wp-json\/wp\/v2\/users\/2"}],"replies":[{"embeddable":true,"href":"https:\/\/www.europesays.com\/pl\/wp-json\/wp\/v2\/comments?post=138198"}],"version-history":[{"count":0,"href":"https:\/\/www.europesays.com\/pl\/wp-json\/wp\/v2\/posts\/138198\/revisions"}],"wp:featuredmedia":[{"embeddable":true,"href":"https:\/\/www.europesays.com\/pl\/wp-json\/wp\/v2\/media\/138199"}],"wp:attachment":[{"href":"https:\/\/www.europesays.com\/pl\/wp-json\/wp\/v2\/media?parent=138198"}],"wp:term":[{"taxonomy":"category","embeddable":true,"href":"https:\/\/www.europesays.com\/pl\/wp-json\/wp\/v2\/categories?post=138198"},{"taxonomy":"post_tag","embeddable":true,"href":"https:\/\/www.europesays.com\/pl\/wp-json\/wp\/v2\/tags?post=138198"}],"curies":[{"name":"wp","href":"https:\/\/api.w.org\/{rel}","templated":true}]}}