{"id":138214,"date":"2025-12-07T21:24:18","date_gmt":"2025-12-07T21:24:18","guid":{"rendered":"https:\/\/www.europesays.com\/pl\/138214\/"},"modified":"2025-12-07T21:24:18","modified_gmt":"2025-12-07T21:24:18","slug":"czarny-osad-w-kranowce-w-hiszpanii-przyczyna-zaskakuje","status":"publish","type":"post","link":"https:\/\/www.europesays.com\/pl\/138214\/","title":{"rendered":"Czarny osad w kran\u00f3wce w Hiszpanii. Przyczyna zaskakuje"},"content":{"rendered":"<p>W p\u00f3\u0142nocno-zachodniej Hiszpanii ujawniaj\u0105 si\u0119 d\u0142ugofalowe skutki letnich po\u017car\u00f3w. Jak relacjonuje dziennik &#8222;El Mundo&#8221;, deszcze sp\u0142ukuj\u0105 popi\u00f3\u0142 do rzek i\u00a0uj\u0119\u0107 wody pitnej w\u00a0Galicji, co stanowi realne zagro\u017cenie dla zdrowia mieszka\u0144c\u00f3w. Ju\u017c w\u00a0pierwszych dniach grudnia problem szczeg\u00f3lnie dotkn\u0105\u0142 prowincj\u0119 Ourense. Informacje o\u00a0skali zjawiska przekaza\u0142a PAP, powo\u0142uj\u0105c si\u0119 na hiszpa\u0144skie media i\u00a0ekspert\u00f3w.<\/p>\n<p>W wielu rejonach Ourense kran\u00f3wka pozostawia ciemny osad. Wed\u0142ug danych podawanych przez &#8222;El Mundo&#8221; trudno\u015bci dotykaj\u0105 ok. 2,4 tys. os\u00f3b. Mieszka\u0144cy przestawili si\u0119 na wod\u0119 butelkowan\u0105 nie tylko do picia, ale te\u017c do k\u0105pieli. To bezpo\u015bredni efekt sp\u0142ywu zanieczyszcze\u0144 z\u00a0obszar\u00f3w, kt\u00f3re sp\u0142on\u0119\u0142y latem w\u00a0trakcie jednego z\u00a0najci\u0119\u017cszych sezon\u00f3w po\u017carowych od dekad.<\/p>\n<p>Grecja ponownie w\u00a0ogniu. Koszmar spod Aten powr\u00f3ci\u0142 <\/p>\n<p>G\u0142\u00f3wny mechanizm jest prosty: wypalone zbocza trac\u0105 ro\u015blinno\u015b\u0107 i\u00a0zdolno\u015b\u0107 zatrzymywania wody. W\u00a0konsekwencji deszcz zabiera popi\u00f3\u0142 i\u00a0zwi\u0105zki chemiczne prosto do uj\u0119\u0107.<\/p>\n<p>Hiszpa\u0144ska redakcja szacuje, \u017ce problem nie zniknie szybko. Bior\u0105c pod uwag\u0119 skal\u0119 spalonego obszaru, skutki mog\u0105 by\u0107 odczuwalne nawet do wiosny. Dla mieszka\u0144c\u00f3w oznacza to d\u0142u\u017csze korzystanie z\u00a0alternatywnych \u017ar\u00f3de\u0142 wody i\u00a0wi\u0119ksz\u0105 ostro\u017cno\u015b\u0107 w\u00a0codziennych czynno\u015bciach, kt\u00f3re wymagaj\u0105 wody z\u00a0kranu. Na zagro\u017ceniach dla jako\u015bci wody lista konsekwencji si\u0119 nie ko\u0144czy. Greenpeace przypomina, \u017ce szkody po po\u017carach nie ustaj\u0105 wraz z\u00a0ostatni\u0105 iskr\u0105.<\/p>\n<p>Na pozbawionych ro\u015blinno\u015bci stokach deszcz\u00f3wka sp\u0142ywa bez hamulc\u00f3w, co zwi\u0119ksza ryzyko lokalnych powodzi i\u00a0dalszego transportu osad\u00f3w do ciek\u00f3w wodnych.<\/p>\n<p>W czasie letnich po\u017car\u00f3w w\u00a0r\u00f3\u017cnych regionach Hiszpanii sp\u0142on\u0119\u0142o ponad 350 tys. hektar\u00f3w. To bilans okre\u015blany jako najtragiczniejszy od dziesi\u0119cioleci w\u00a0kraju regularnie do\u015bwiadczanym przez ogie\u0144. Prowincja Ourense nale\u017ca\u0142a do najmocniej dotkni\u0119tych obszar\u00f3w, a\u00a0obecne problemy z\u00a0wod\u0105 s\u0105 jednym z\u00a0widocznych skutk\u00f3w tej katastrofy.<\/p>\n","protected":false},"excerpt":{"rendered":"W p\u00f3\u0142nocno-zachodniej Hiszpanii ujawniaj\u0105 si\u0119 d\u0142ugofalowe skutki letnich po\u017car\u00f3w. Jak relacjonuje dziennik &#8222;El Mundo&#8221;, deszcze sp\u0142ukuj\u0105 popi\u00f3\u0142 do&hellip;\n","protected":false},"author":2,"featured_media":138215,"comment_status":"","ping_status":"","sticky":false,"template":"","format":"standard","meta":{"footnotes":""},"categories":[12],"tags":[32,33,36,37,27,34,35,28,31,25,42,38,40,39,41,29,30,26],"class_list":{"0":"post-138214","1":"post","2":"type-post","3":"status-publish","4":"format-standard","5":"has-post-thumbnail","7":"category-polska","8":"tag-breaking-news","9":"tag-breakingnews","10":"tag-featured-news","11":"tag-featurednews","12":"tag-headlines","13":"tag-latest-news","14":"tag-latestnews","15":"tag-naglowki","16":"tag-najwazniejsze-artykuly","17":"tag-news","18":"tag-pl","19":"tag-poland","20":"tag-polish","21":"tag-polska","22":"tag-polski","23":"tag-top-stories","24":"tag-topstories","25":"tag-wiadomosci"},"share_on_mastodon":{"url":"https:\/\/pubeurope.com\/@pl\/115680396201922985","error":""},"_links":{"self":[{"href":"https:\/\/www.europesays.com\/pl\/wp-json\/wp\/v2\/posts\/138214","targetHints":{"allow":["GET"]}}],"collection":[{"href":"https:\/\/www.europesays.com\/pl\/wp-json\/wp\/v2\/posts"}],"about":[{"href":"https:\/\/www.europesays.com\/pl\/wp-json\/wp\/v2\/types\/post"}],"author":[{"embeddable":true,"href":"https:\/\/www.europesays.com\/pl\/wp-json\/wp\/v2\/users\/2"}],"replies":[{"embeddable":true,"href":"https:\/\/www.europesays.com\/pl\/wp-json\/wp\/v2\/comments?post=138214"}],"version-history":[{"count":0,"href":"https:\/\/www.europesays.com\/pl\/wp-json\/wp\/v2\/posts\/138214\/revisions"}],"wp:featuredmedia":[{"embeddable":true,"href":"https:\/\/www.europesays.com\/pl\/wp-json\/wp\/v2\/media\/138215"}],"wp:attachment":[{"href":"https:\/\/www.europesays.com\/pl\/wp-json\/wp\/v2\/media?parent=138214"}],"wp:term":[{"taxonomy":"category","embeddable":true,"href":"https:\/\/www.europesays.com\/pl\/wp-json\/wp\/v2\/categories?post=138214"},{"taxonomy":"post_tag","embeddable":true,"href":"https:\/\/www.europesays.com\/pl\/wp-json\/wp\/v2\/tags?post=138214"}],"curies":[{"name":"wp","href":"https:\/\/api.w.org\/{rel}","templated":true}]}}