{"id":138266,"date":"2025-12-07T22:15:09","date_gmt":"2025-12-07T22:15:09","guid":{"rendered":"https:\/\/www.europesays.com\/pl\/138266\/"},"modified":"2025-12-07T22:15:09","modified_gmt":"2025-12-07T22:15:09","slug":"austria-gdzie-ogladac-mecz-ms-w-pilce-recznej-o-ktorej-poczatek","status":"publish","type":"post","link":"https:\/\/www.europesays.com\/pl\/138266\/","title":{"rendered":"Austria. Gdzie ogl\u0105da\u0107 mecz M\u015a w pi\u0142ce r\u0119cznej? O kt\u00f3rej pocz\u0105tek?"},"content":{"rendered":"\n<p class=\"contentpart contentpart--default contentpart--text\" data-position=\"0\">Pi\u0142ka r\u0119czna. M\u015a 2025. Polska &#8211; Austria. Czy mecz b\u0119dzie w telewizji? Gdzie ogl\u0105da\u0107?<\/p>\n<p class=\"contentpart contentpart--default contentpart--text\" data-position=\"1\">W poniedzia\u0142ek (8 grudnia) o godz. 18:00\u00a0<a href=\"https:\/\/sportowefakty.wp.pl\/pilka-reczna\/reprezentacja-polski-kobiet\" rel=\"nofollow noopener\" target=\"_blank\">reprezentacja Polski<\/a>\u00a0zmierzy si\u0119 z\u00a0<a href=\"https:\/\/sportowefakty.wp.pl\/pilka-reczna\/reprezentacja-austrii-kobiet\" rel=\"nofollow noopener\" target=\"_blank\">reprezentacj\u0105 Austrii<\/a>\u00a0w ostatnim meczu fazy grupowej mistrzostw \u015bwiata szczypiornistek.<\/p>\n<p> <img role=\"presentation\" src=\"https:\/\/std.wpcdn.pl\/images\/adv\/placeholder_wp.svg\" loading=\"lazy\" alt=\"\" decoding=\"async\"\/>  <\/p>\n<p class=\"contentpart contentpart--default contentpart--text\" data-position=\"2\">Transmisja telewizyjna z meczu Polska &#8211; Austria b\u0119dzie dost\u0119pna w TVP 2.<\/p>\n<p class=\"contentpart contentpart--default contentpart--text\" data-position=\"3\">Mecz Polska &#8211; Austria w internecie. Gdzie znale\u017a\u0107 stream online?<\/p>\n<p class=\"contentpart contentpart--default contentpart--text\" data-position=\"4\">Spotkanie z udzia\u0142em Polski i Austrii dost\u0119pne b\u0119dzie do obejrzenia tak\u017ce w internecie. Transmisj\u0119 mo\u017cna \u015bledzi\u0107 na stronie sport.tvp.pl oraz Pilot WP. Tekstow\u0105 relacj\u0119 LIVE przeprowadzi portal WP SportoweFakty.<\/p>\n<p class=\"contentpart contentpart--default contentpart--text\" data-position=\"5\"><a href=\"https:\/\/sportowefakty.wp.pl\/pilka-reczna\/relacja-na-zywo\/175898\/reprezentacja-polski-kobiet-reprezentacja-austrii-kobiet-live\" rel=\"nofollow noopener\" target=\"_blank\">Darmowa relacja LIVE z meczu Polska &#8211; Austria na WP SportoweFakty<\/a>.<\/p>\n<p class=\"contentpart contentpart--default contentpart--text\" data-position=\"6\">Pocz\u0105tek meczu Polska &#8211; Austria:\u00a08 grudnia, godz. 18:00. Transmisja TV: TVP 2. Stream online:\u00a0sport.tvp.pl, Pilot WP. Relacja LIVE: WP SportoweFakty.<\/p>\n<p> <img role=\"presentation\" src=\"https:\/\/std.wpcdn.pl\/images\/adv\/placeholder_wp.svg\" loading=\"lazy\" alt=\"\" decoding=\"async\"\/>  <\/p>\n<p class=\"contentpart contentpart--default contentpart--text\" data-position=\"7\">ZOBACZ WIDEO: Krychowiak w swoim stylu. Sala od razu wybuch\u0142a \u015bmiechem<\/p>\n","protected":false},"excerpt":{"rendered":"Pi\u0142ka r\u0119czna. M\u015a 2025. Polska &#8211; Austria. Czy mecz b\u0119dzie w telewizji? Gdzie ogl\u0105da\u0107? W poniedzia\u0142ek (8 grudnia)&hellip;\n","protected":false},"author":2,"featured_media":138267,"comment_status":"","ping_status":"","sticky":false,"template":"","format":"standard","meta":{"footnotes":""},"categories":[24],"tags":[20423,1905,42,38,40,39,41,28469,3046,539,127,126],"class_list":{"0":"post-138266","1":"post","2":"type-post","3":"status-publish","4":"format-standard","5":"has-post-thumbnail","7":"category-sport","8":"tag-ms-2025-kobiet","9":"tag-pilka-reczna","10":"tag-pl","11":"tag-poland","12":"tag-polish","13":"tag-polska","14":"tag-polski","15":"tag-reprezentacja-austrii-kobiet","16":"tag-reprezentacja-polski-kobiet","17":"tag-reprezentacje","18":"tag-sport","19":"tag-sports"},"share_on_mastodon":{"url":"https:\/\/pubeurope.com\/@pl\/115680597056870231","error":""},"_links":{"self":[{"href":"https:\/\/www.europesays.com\/pl\/wp-json\/wp\/v2\/posts\/138266","targetHints":{"allow":["GET"]}}],"collection":[{"href":"https:\/\/www.europesays.com\/pl\/wp-json\/wp\/v2\/posts"}],"about":[{"href":"https:\/\/www.europesays.com\/pl\/wp-json\/wp\/v2\/types\/post"}],"author":[{"embeddable":true,"href":"https:\/\/www.europesays.com\/pl\/wp-json\/wp\/v2\/users\/2"}],"replies":[{"embeddable":true,"href":"https:\/\/www.europesays.com\/pl\/wp-json\/wp\/v2\/comments?post=138266"}],"version-history":[{"count":0,"href":"https:\/\/www.europesays.com\/pl\/wp-json\/wp\/v2\/posts\/138266\/revisions"}],"wp:featuredmedia":[{"embeddable":true,"href":"https:\/\/www.europesays.com\/pl\/wp-json\/wp\/v2\/media\/138267"}],"wp:attachment":[{"href":"https:\/\/www.europesays.com\/pl\/wp-json\/wp\/v2\/media?parent=138266"}],"wp:term":[{"taxonomy":"category","embeddable":true,"href":"https:\/\/www.europesays.com\/pl\/wp-json\/wp\/v2\/categories?post=138266"},{"taxonomy":"post_tag","embeddable":true,"href":"https:\/\/www.europesays.com\/pl\/wp-json\/wp\/v2\/tags?post=138266"}],"curies":[{"name":"wp","href":"https:\/\/api.w.org\/{rel}","templated":true}]}}