{"id":138297,"date":"2025-12-07T22:37:21","date_gmt":"2025-12-07T22:37:21","guid":{"rendered":"https:\/\/www.europesays.com\/pl\/138297\/"},"modified":"2025-12-07T22:37:21","modified_gmt":"2025-12-07T22:37:21","slug":"agnieszka-kaczorowska-gorzko-o-tancu-z-gwiazdami-lezalam-na-ziemi-i-plakalam-2","status":"publish","type":"post","link":"https:\/\/www.europesays.com\/pl\/138297\/","title":{"rendered":"Agnieszka Kaczorowska gorzko o &#8222;Ta\u0144cu z gwiazdami&#8221;. &#8222;Le\u017ca\u0142am na ziemi i p\u0142aka\u0142am&#8221;"},"content":{"rendered":"<p class=\"ods-c-paragraph \">O \u017cyciu <a href=\"https:\/\/plejada.pl\/agnieszka-kaczorowska\" id=\"ca9d0056-ca13-4817-a88a-0868655f87ec\" rel=\"nofollow noopener\" target=\"_blank\">Agnieszki Kaczorowskiej<\/a> zrobi\u0142o si\u0119 niezwykle g\u0142o\u015bno po tym, jak w ubieg\u0142ym roku sie\u0107 obieg\u0142y informacje o jej rozstaniu z Maciejem Pel\u0105. Celebryci stan\u0119li na \u015blubnym kobiercu w we wrze\u015bniu 2018 r. i doczekali si\u0119 dw\u00f3ch c\u00f3rek. Tancerze otrzymali rozw\u00f3d dopiero w listopadzie br., a w mi\u0119dzyczasie w tle pojawia\u0142y si\u0119 m.in. zarzuty dotycz\u0105ce rzekomej zdrady Kaczorowskiej.<\/p>\n<p class=\"ods-c-paragraph \">Nast\u0119pnie w sieci zacz\u0119\u0142o wrze\u0107 po tym, jak gwiazda &#8222;Klanu&#8221; zosta\u0142a przy\u0142apana w obj\u0119ciach <a href=\"https:\/\/plejada.pl\/marcin-rogacewicz\" id=\"a688bada-6017-4a70-892e-54263f5baac1\" rel=\"nofollow noopener\" target=\"_blank\">Marcina Rogacewicza<\/a>, z kt\u00f3rym p\u00f3\u017aniej stworzy\u0142a par\u0119 w &#8222;Ta\u0144cu z gwiazdami&#8221;. Duet nie szcz\u0119dzi\u0142 sobie czu\u0142o\u015bci na parkiecie \u2014 widzowie byli \u015bwiadkami hipnotyzuj\u0105cych spojrze\u0144, wzajemnych u\u015bmiech\u00f3w i gor\u0105cych poca\u0142unk\u00f3w. W\u0142a\u015bnie ta kwestia wzbudzi\u0142a najwi\u0119cej emocji w\u015br\u00f3d internaut\u00f3w \u2014 fani programu nie kryli oburzenia zachowaniem celebryt\u00f3w, kt\u00f3rzy maj\u0105 dzieci i jeszcze do niedawna pozostawali w zwi\u0105zkach ma\u0142\u017ce\u0144skich.<\/p>\n<p>Dalszy ci\u0105g artyku\u0142u pod materia\u0142em wideo<br \/>\nAgnieszka Kaczorowska t\u0142umaczy si\u0119 z zachowania w &#8222;TzG&#8221;: co\u015b trudnego<\/p>\n<p class=\"ods-c-paragraph \">Gigantyczny skandal wywo\u0142a\u0142o zachowanie pary nr siedem po tym, jak odpadli z &#8222;<a href=\"https:\/\/plejada.pl\/taniec-z-gwiazdami-program-tv\" id=\"d0c1a432-67a5-4dbd-9961-da9834fb4ec7\" rel=\"nofollow noopener\" target=\"_blank\">Ta\u0144ca z gwiazdami<\/a>&#8221; w si\u00f3dmym odcinku. Agnieszka Kaczorowska i Marcin Rogacewicz zignorowali w\u00f3wczas zgromadzonych i skoncentrowali si\u0119 na sobie. Nie podeszli do pozosta\u0142ych uczestnik\u00f3w, a gdy Maurycy Popiel pr\u00f3bowa\u0142 ich wesprze\u0107, zlekcewa\u017cyli go.<\/p>\n<p class=\"ods-c-paragraph \">Co wi\u0119cej, po przej\u0119ciu mikrofonu, tancerka zwr\u00f3ci\u0142a si\u0119 do ukochanego s\u0142owami: ta\u0144czysz lepiej, ni\u017c niejedna osoba tutaj. Kaczorowska i Rogacewicz mieli bardzo szybko opu\u015bci\u0107 studio programu, a nast\u0119pnie nie pojawili si\u0119 na transmisji live, kt\u00f3ra jest ju\u017c jedn\u0105 z tradycji &#8222;Ta\u0144ca z gwiazdami&#8221;.<\/p>\n<p class=\"ods-c-paragraph \">Po wielu tygodniach od odpadni\u0119cia z tanecznego show Agnieszka Kaczorowska w ko\u0144cu zabra\u0142a g\u0142os w sprawie, t\u0142umacz\u0105c swoje zachowanie smutkiem.<\/p>\n<blockquote class=\"ods-o-quota\">\n<p class=\"ods-o-quota__paragraph\">Ja stan\u0119\u0142am przodem do mojego m\u0119\u017cczyzny. Do tego, kto mi towarzyszy\u0142 w tej ca\u0142ej drodze, z kim tam by\u0142am. Wtuli\u0142am si\u0119 w jego bezpieczne ramiona w momencie, kiedy czu\u0142am, \u017ce nadchodzi co\u015b trudnego. Marcin mi powiedzia\u0142 na ucho: m\u00f3w, ja nie dam rady, wi\u0119c powiedzia\u0142am: ok, ty mnie tulisz, ja m\u00f3wi\u0119<\/p>\n<\/blockquote>\n<p class=\"ods-c-paragraph \">\u2014 wyzna\u0142a w rozmowie z Wirtualn\u0105 Polsk\u0105.<\/p>\n<p><img decoding=\"async\" src=\"https:\/\/www.europesays.com\/pl\/wp-content\/uploads\/2025\/12\/G2Lk9lBaHR0cHM6Ly9vY2RuLmV1L3B1bHNjbXMvTURBXy9iMmI0MmNkMTdlMTkwNjM2ZWQ3ZWU2MjM3Y2NkMTVmNC5qcGeRlQLNB.jpeg\" height=\"628\" width=\"940\" alt=\"Agnieszka Kaczorowska i Marcin Rogacewicz\" loading=\"lazy\" class=\"ods-c-image__img ods-c-image__img--viewport-width\"\/><\/p>\n<p>Agnieszka Kaczorowska i Marcin RogacewiczAndras Szilagyi \/ MW Media<\/p>\n<p> <img decoding=\"async\" src=\"https:\/\/www.europesays.com\/pl\/wp-content\/uploads\/2025\/12\/9e9k9lBaHR0cHM6Ly9vY2RuLmV1L3B1bHNjbXMvTURBXy9jZTVlODc4ZjExZjE4MTJmMDIzMTQ2Y2ZhYTgwZTk4ZS5qcGeRlQLNB.jpeg\" height=\"628\" width=\"940\" alt=\"Agnieszka Kaczorowska i Marcin Rogacewicz\" loading=\"lazy\" class=\"ods-c-image__img ods-c-image__img--viewport-width\"\/><\/p>\n<p>Agnieszka Kaczorowska i Marcin RogacewiczAndras Szilagyi \/ MW Media<\/p>\n<p class=\"ods-c-paragraph \">Tancerka wyja\u015bni\u0142a r\u00f3wnie\u017c, dlaczego chwil\u0119 po og\u0142oszeniu wynik\u00f3w wraz z partnerem opu\u015bci\u0142a studio &#8222;Ta\u0144ca z gwiazdami&#8221;.<\/p>\n<p class=\"ods-c-paragraph \">&#8222;Chcieli\u015bmy si\u0119 schowa\u0107. To ju\u017c by\u0142 ten moment, kiedy potrzebowali\u015bmy tylko siebie. By\u0142o nam na tyle przykro&#8230; W momencie, w kt\u00f3rym odpadli\u015bmy, powiedzieli\u015bmy: dobra, wystarczy, ju\u017c dali\u015bmy du\u017co. W tym momencie potrzebowali\u015bmy tylko przytuli\u0107 si\u0119 do siebie, otuli\u0107, pr\u00f3bowa\u0107 zrozumie\u0107, przegada\u0107. Jak \u0142za polecia\u0142a, to polecia\u0142a&#8221; \u2014 stwierdzi\u0142a.<\/p>\n<p class=\"ods-c-paragraph \">Jak si\u0119 okazuje, pocz\u0105tki udzia\u0142u w jubileuszowej edycji tanecznego show zapowiada\u0142y si\u0119 obiecuj\u0105co. Kaczorowska wyzna\u0142a, \u017ce wraz z innymi parami pili wsp\u00f3lnie kaw\u0119, dzielili si\u0119 do\u015bwiadczeniami i spostrze\u017ceniami i pokazywali sobie choreografie.<\/p>\n<blockquote class=\"ods-o-quota\">\n<p class=\"ods-o-quota__paragraph\">Na pocz\u0105tku by\u0142o super, w og\u00f3le tak lu\u017ano. I potem zacz\u0119\u0142o si\u0119 tak pomalutku to wszystko zmienia\u0107. By\u0142y momenty, \u017ce le\u017ca\u0142am na ziemi i p\u0142aka\u0142am. To Marcin poda\u0142 mi r\u0119k\u0119 i mnie wyci\u0105ga\u0142 z tych moment\u00f3w<\/p>\n<\/blockquote>\n<p class=\"ods-c-paragraph \">\u2014 wyzna\u0142a.<\/p>\n<p class=\"ods-c-paragraph \">Dzi\u0119kujemy, \u017ce przeczyta\u0142a\u015b\/e\u015b nasz artyku\u0142 do ko\u0144ca. W serwisie Plejada.pl ka\u017cdego dnia piszemy o najwa\u017cniejszych wydarzeniach show-biznesowych. B\u0105d\u017a na bie\u017c\u0105co! <a rel=\"nofollow noopener\" href=\"https:\/\/profile.google.com\/cp\/Cg0vZy8xMWJ6X19wdHBx\" id=\"bb166ca8-f439-4907-8652-a952ab75cf59\" target=\"_blank\">Obserwuj<\/a> Plejad\u0119 w Google. Odwied\u017a nas tak\u017ce na <a rel=\"nofollow noopener\" href=\"https:\/\/www.facebook.com\/plejadapl\" id=\"3d781e34-6093-464c-bb63-c9c0af54b302\" target=\"_blank\">Facebooku<\/a>, <a rel=\"nofollow noopener\" href=\"https:\/\/www.instagram.com\/plejadapl\/\" id=\"0a26567c-88c9-435a-a4d1-9a61135e43ba\" target=\"_blank\">Instagramie<\/a>, <a rel=\"nofollow noopener\" href=\"https:\/\/www.youtube.com\/c\/plejada\" id=\"6ee61dd3-c55a-4565-897c-a12e9d3bb39f\" target=\"_blank\">YouTubie<\/a> oraz <a rel=\"nofollow noopener\" href=\"https:\/\/www.tiktok.com\/@plejada_pl\" id=\"1767d03a-1bb8-4819-a51f-e235313376b1\" target=\"_blank\">TikToku<\/a>.<\/p>\n<p class=\"ods-c-paragraph \">Chcesz podzieli\u0107 si\u0119 ciekawym newsem lub zaproponowa\u0107 temat? Skontaktuj si\u0119 z nami, pisz\u0105c maila na adres: <a rel=\"nofollow noopener\" href=\"https:\/\/plejada.pl\/newsy\/agnieszka-kaczorowska-gorzko-o-tancu-z-gwiazdami-lezalam-na-ziemi-i-plakalam\/mailto:plejada@redakcjaonet.pl\" id=\"9aff5d88-bbb7-4a77-a630-359fd631fa13\" target=\"_blank\">plejada@redakcjaon<\/a><a href=\"https:\/\/et.pl\" id=\"31b35593-a6fb-4f6d-8a03-045ddd562441\" rel=\"nofollow noopener\" target=\"_blank\">et.pl<\/a>.<\/p>\n<p><script async src=\"\/\/www.instagram.com\/embed.js\"><\/script><script async src=\"\/\/www.tiktok.com\/embed.js\"><\/script><\/p>\n","protected":false},"excerpt":{"rendered":"O \u017cyciu Agnieszki Kaczorowskiej zrobi\u0142o si\u0119 niezwykle g\u0142o\u015bno po tym, jak w ubieg\u0142ym roku sie\u0107 obieg\u0142y informacje o&hellip;\n","protected":false},"author":2,"featured_media":138298,"comment_status":"","ping_status":"","sticky":false,"template":"","format":"standard","meta":{"footnotes":""},"categories":[22],"tags":[172,12726,122,3462,48,125,46,42,38,40,39,41,25865,123,47,1884],"class_list":{"0":"post-138297","1":"post","2":"type-post","3":"status-publish","4":"format-standard","5":"has-post-thumbnail","7":"category-rozrywka","8":"tag-agnieszka_kaczorowska","9":"tag-agnieszka_kaczorowska_pela","10":"tag-entertainment","11":"tag-marcin_rogacewicz","12":"tag-nat_styl","13":"tag-newsy","14":"tag-omp","15":"tag-pl","16":"tag-poland","17":"tag-polish","18":"tag-polska","19":"tag-polski","20":"tag-rebrand_ai_tst0","21":"tag-rozrywka","22":"tag-screening_general","23":"tag-taniec_z_gwiazdami"},"share_on_mastodon":{"url":"https:\/\/pubeurope.com\/@pl\/115680683428047409","error":""},"_links":{"self":[{"href":"https:\/\/www.europesays.com\/pl\/wp-json\/wp\/v2\/posts\/138297","targetHints":{"allow":["GET"]}}],"collection":[{"href":"https:\/\/www.europesays.com\/pl\/wp-json\/wp\/v2\/posts"}],"about":[{"href":"https:\/\/www.europesays.com\/pl\/wp-json\/wp\/v2\/types\/post"}],"author":[{"embeddable":true,"href":"https:\/\/www.europesays.com\/pl\/wp-json\/wp\/v2\/users\/2"}],"replies":[{"embeddable":true,"href":"https:\/\/www.europesays.com\/pl\/wp-json\/wp\/v2\/comments?post=138297"}],"version-history":[{"count":0,"href":"https:\/\/www.europesays.com\/pl\/wp-json\/wp\/v2\/posts\/138297\/revisions"}],"wp:featuredmedia":[{"embeddable":true,"href":"https:\/\/www.europesays.com\/pl\/wp-json\/wp\/v2\/media\/138298"}],"wp:attachment":[{"href":"https:\/\/www.europesays.com\/pl\/wp-json\/wp\/v2\/media?parent=138297"}],"wp:term":[{"taxonomy":"category","embeddable":true,"href":"https:\/\/www.europesays.com\/pl\/wp-json\/wp\/v2\/categories?post=138297"},{"taxonomy":"post_tag","embeddable":true,"href":"https:\/\/www.europesays.com\/pl\/wp-json\/wp\/v2\/tags?post=138297"}],"curies":[{"name":"wp","href":"https:\/\/api.w.org\/{rel}","templated":true}]}}