{"id":138321,"date":"2025-12-07T23:03:10","date_gmt":"2025-12-07T23:03:10","guid":{"rendered":"https:\/\/www.europesays.com\/pl\/138321\/"},"modified":"2025-12-07T23:03:10","modified_gmt":"2025-12-07T23:03:10","slug":"zloto-i-rekord-polski-niesamowity-wystep-na-mistrzostwach-europy","status":"publish","type":"post","link":"https:\/\/www.europesays.com\/pl\/138321\/","title":{"rendered":"Z\u0142oto i rekord Polski! Niesamowity wyst\u0119p na mistrzostwach Europy"},"content":{"rendered":"<p>Justina Kozan zdoby\u0142a w Lublinie z\u0142oty medal mistrzostw Europy w p\u0142ywaniu na kr\u00f3tkim basenie na dystansie 400 m stylem zmiennym. Polka czasem 4.28,56 pobi\u0142a rekord kraju, kt\u00f3ry od 2007 roku nale\u017ca\u0142 do Katarzyny Baranowskiej i wynosi\u0142 4.31,89.<\/p>\n<p>Na podium stan\u0119\u0142y te\u017c dwie reprezentantki Hiszpanii: Alba Vazquez Ruiz &#8211; 4.29,57 oraz Emma Carrasco Cadens &#8211; 4.31,27.<\/p>\n<p>\u00a0<\/p>\n<p>ZOBACZ TAK\u017bE: <a href=\"https:\/\/www.polsatsport.pl\/wiadomosc\/2025-12-07\/jest-zloto-polka-mistrzynia-europy\/\" target=\"_blank\" rel=\"noopener noreferrer nofollow\">Jest z\u0142oto! Polka mistrzyni\u0105 Europy<\/a><\/p>\n<p>\u00a0<\/p>\n<p>By\u0142a to ostatnia konkurencja indywidualna imprezy w Lublinie z udzia\u0142em reprezentant\u00f3w gospodarzy.\u00a0<\/p>\n<p>\u00a0<\/p>\n<p>Bia\u0142o-Czerwoni maj\u0105 w dorobku osiem medali. Z\u0142oto zdoby\u0142a tak\u017ce w niedziel\u0119 Wasick na 50 m stylem dowolnym. Tego samego dnia Krzysztof Chmielewski wywalczy\u0142 srebro, a jego brat bli\u017aniak Micha\u0142 &#8211; br\u0105z na 200 m stylem motylkowym. W czwartek trzeci na 200 m st. dowolnym by\u0142 Kamil Sieradzki, we wtorek w sztafetach 4&#215;50 m st. dowolnym br\u0105z zdoby\u0142y kobiety, a srebro m\u0119\u017cczy\u017ani, natomiast w \u015brod\u0119 po br\u0105zowy kr\u0105\u017cek si\u0119gn\u0119\u0142a sztafeta mieszana 4&#215;50 m st. zmiennym.<\/p>\n<p>\u00a0<\/p>\n<p>Aktualn\u0105 klasyfikacj\u0119 medalow\u0105 mo\u017cna znale\u017a\u0107 <a href=\"https:\/\/www.polsatsport.pl\/wiadomosc\/2025-12-04\/aktualna-klasyfikacja-medalowa-mistrzostw-europy-2025-ile-medali-zdobyla-polska\/\" target=\"_blank\" rel=\"noopener noreferrer nofollow\">TUTAJ<\/a>.<\/p>\n<p>PAP<\/p>\n<p><a class=\"news__read-more-button\" href=\"https:\/\/www.polsatsport.pl\/\" rel=\"nofollow noopener\" target=\"_blank\">Przejd\u017a na Polsatsport.pl<\/a><img decoding=\"async\" src=\"https:\/\/www.europesays.com\/pl\/wp-content\/uploads\/2025\/12\/6555e333tfk4obwea83m4t9x93rt5d88.jpg\" alt=\"\" itemprop=\"contentUrl\" style=\"position:absolute; width: 100%; max-height: 100%;\"\/><video controls=\"\" controlslist=\"nodownload\" poster=\"https:\/\/www.europesays.com\/pl\/wp-content\/uploads\/2025\/12\/6555e333tfk4obwea83m4t9x93rt5d88.jpg\" class=\"videoPlayer player7078293 news__video\" data-id=\"7078293\">Twoja przegl\u0105darka nie wspiera odtwarzacza wideo&#8230;<\/video>PolsatSport.pl w wersji na telefony z systemem Android i iOS!<\/p>\n<p class=\"app-ad__preview\">Najnowsze informacje i wiadomo\u015bci na bie\u017c\u0105co, gdziekolwiek jeste\u015b.<\/p>\n","protected":false},"excerpt":{"rendered":"Justina Kozan zdoby\u0142a w Lublinie z\u0142oty medal mistrzostw Europy w p\u0142ywaniu na kr\u00f3tkim basenie na dystansie 400 m&hellip;\n","protected":false},"author":2,"featured_media":138322,"comment_status":"","ping_status":"","sticky":false,"template":"","format":"standard","meta":{"footnotes":""},"categories":[5],"tags":[32,33,36,37,27,34,35,28,31,25,42,38,40,39,41,29,30,26],"class_list":{"0":"post-138321","1":"post","2":"type-post","3":"status-publish","4":"format-standard","5":"has-post-thumbnail","7":"category-naglowki","8":"tag-breaking-news","9":"tag-breakingnews","10":"tag-featured-news","11":"tag-featurednews","12":"tag-headlines","13":"tag-latest-news","14":"tag-latestnews","15":"tag-naglowki","16":"tag-najwazniejsze-artykuly","17":"tag-news","18":"tag-pl","19":"tag-poland","20":"tag-polish","21":"tag-polska","22":"tag-polski","23":"tag-top-stories","24":"tag-topstories","25":"tag-wiadomosci"},"share_on_mastodon":{"url":"https:\/\/pubeurope.com\/@pl\/115680785740315793","error":""},"_links":{"self":[{"href":"https:\/\/www.europesays.com\/pl\/wp-json\/wp\/v2\/posts\/138321","targetHints":{"allow":["GET"]}}],"collection":[{"href":"https:\/\/www.europesays.com\/pl\/wp-json\/wp\/v2\/posts"}],"about":[{"href":"https:\/\/www.europesays.com\/pl\/wp-json\/wp\/v2\/types\/post"}],"author":[{"embeddable":true,"href":"https:\/\/www.europesays.com\/pl\/wp-json\/wp\/v2\/users\/2"}],"replies":[{"embeddable":true,"href":"https:\/\/www.europesays.com\/pl\/wp-json\/wp\/v2\/comments?post=138321"}],"version-history":[{"count":0,"href":"https:\/\/www.europesays.com\/pl\/wp-json\/wp\/v2\/posts\/138321\/revisions"}],"wp:featuredmedia":[{"embeddable":true,"href":"https:\/\/www.europesays.com\/pl\/wp-json\/wp\/v2\/media\/138322"}],"wp:attachment":[{"href":"https:\/\/www.europesays.com\/pl\/wp-json\/wp\/v2\/media?parent=138321"}],"wp:term":[{"taxonomy":"category","embeddable":true,"href":"https:\/\/www.europesays.com\/pl\/wp-json\/wp\/v2\/categories?post=138321"},{"taxonomy":"post_tag","embeddable":true,"href":"https:\/\/www.europesays.com\/pl\/wp-json\/wp\/v2\/tags?post=138321"}],"curies":[{"name":"wp","href":"https:\/\/api.w.org\/{rel}","templated":true}]}}