{"id":138361,"date":"2025-12-08T00:39:08","date_gmt":"2025-12-08T00:39:08","guid":{"rendered":"https:\/\/www.europesays.com\/pl\/138361\/"},"modified":"2025-12-08T00:39:08","modified_gmt":"2025-12-08T00:39:08","slug":"zelenski-podsumowuje-rozmowy-z-usa-i-zapowiada-spotkania-w-europie","status":"publish","type":"post","link":"https:\/\/www.europesays.com\/pl\/138361\/","title":{"rendered":"Ze\u0142enski podsumowuje rozmowy z USA i zapowiada spotkania w Europie"},"content":{"rendered":"<p class=\"ods-c-paragraph \">&#8222;Ju\u017c wkr\u00f3tce rozpocznie si\u0119 nowy tydzie\u0144 dyplomatyczny \u2014 odb\u0119d\u0105 si\u0119 konsultacje z europejskimi przyw\u00f3dcami. Dotyczy\u0107 b\u0119d\u0105 przede wszystkim kwestii bezpiecze\u0144stwa, wsparcia dla naszej stabilno\u015bci, oraz pakiet\u00f3w wsparcia dla naszej obrony. Przede wszystkim chodzi o systemy obrony przeciwlotniczej oraz d\u0142ugoterminowego wsparcia finansowego dla Ukrainy. Z pewno\u015bci\u0105 b\u0119dziemy r\u00f3wnie\u017c rozmawia\u0107 o wsp\u00f3lnym stanowisku i wsp\u00f3lnych dzia\u0142aniach podczas negocjacji&#8221; \u2014 napisa\u0142 w niedziel\u0119 p\u00f3\u017anym wieczorem na Telegramie Wo\u0142odymyr Ze\u0142enski.<\/p>\n<p> Seria spotka\u0144 w sprawie Ukrainy   <\/p>\n<p class=\"ods-c-paragraph \">Ukrai\u0144ski prezydent przypomnia\u0142, \u017ce <a href=\"https:\/\/wiadomosci.onet.pl\/swiat\/rozmowy-delegacji-usa-i-ukrainy-o-zakonczeniu-wojny-jest-komunikat\/63jr5f7\" id=\"f4cd2e50-bf9f-449d-b280-f8fce99ecc6f\" rel=\"nofollow noopener\" target=\"_blank\">przedstawiciele Kijowa odbyli niedawno szereg rozm\u00f3w z przedstawicielami administracji Donalda Trumpa<\/a>. &#8222;Obecnie sekretarz Rady Bezpiecze\u0144stwa Narodowego i Obrony Rustem Umerow oraz szef Sztabu Generalnego Andrij Gnatow s\u0105 w drodze do Europy&#8221; \u2014 przekaza\u0142. Poinformowa\u0142 r\u00f3wnie\u017c, \u017ce czeka na informacje dotycz\u0105ce szczeg\u00f3\u0142\u00f3w ameryka\u0144sko-rosyjskich spotka\u0144 oraz na temat &#8222;niuans\u00f3w&#8221;, kt\u00f3re Amerykanie s\u0105 gotowi uwzgl\u0119dni\u0107 w negocjacjach z Ukrain\u0105 oraz z Rosj\u0105.<\/p>\n<p>Dalszy ci\u0105g artyku\u0142u pod materia\u0142em wideo<\/p>\n<p> Jakie by\u0142o stanowisko Ukrainy w rozmowie z przedstawicielami USA? <\/p>\n<p> Kto uczestniczy\u0142 w rozmowach z Wo\u0142odymyrem Ze\u0142enskim? <\/p>\n<p> Kiedy odb\u0119d\u0105 si\u0119 konsultacje z europejskimi przyw\u00f3dcami? <\/p>\n<p> Jakie tematy b\u0119d\u0105 poruszane w Londynie i Brukseli? <\/p>\n<p class=\"ods-c-paragraph \">&#8222;<a href=\"https:\/\/wiadomosci.onet.pl\/swiat\/zelenski-rozmawial-z-witkoffem-i-kushnerem-media-wskazuja-temat\/cr62m5b\" id=\"dc3cbb0f-9b89-46e9-a259-b34bbd452353\" rel=\"nofollow noopener\" target=\"_blank\">Wczoraj rozmawiali\u015bmy ze Steve Witkoffem i Jaredem Kushnerem<\/a> \u2014 dzi\u0119kuj\u0119 za gotowo\u015b\u0107 do wsp\u00f3\u0142pracy 24 godz. na dob\u0119, 7 dni w tygodniu. Ameryka\u0144scy przedstawiciele znaj\u0105 zasadnicze stanowisko Ukrainy, by\u0142a to konstruktywna, cho\u0107 nie\u0142atwa rozmowa. Kontynuujemy nasze dzia\u0142ania. Niekt\u00f3re sprawy mo\u017cna om\u00f3wi\u0107 tylko osobi\u015bcie: Umerow i Gnatow b\u0119d\u0105 mi sk\u0142ada\u0107 raporty, b\u0119d\u0119 te\u017c rozmawia\u0142 z przyw\u00f3dcami Europy \u2014 mamy zaplanowane spotkania w Londynie, a tak\u017ce w Brukseli&#8221; \u2014 przekaza\u0142 Ze\u0142enski.<\/p>\n<p class=\"ods-c-paragraph \">W poniedzia\u0142ek <a href=\"https:\/\/wiadomosci.onet.pl\/kraj\/polska-nieobecna-na-szczycie-w-londynie-gawkowski-komentuje\/y7fzzv6\" id=\"afac2dcd-55a2-4c7f-87eb-1021feb6c0eb\" rel=\"nofollow noopener\" target=\"_blank\">w Londynie odb\u0119dzie si\u0119 spotkanie premiera Wielkiej Brytanii Keira Starmera, prezydenta Francji Emmanuela Macrona i kanclerza Niemiec Friedricha Merza z prezydentem Ukrainy Wo\u0142odymyrem Ze\u0142enskim<\/a>. Rozmowy maj\u0105 dotyczy\u0107 ameryka\u0144skich dzia\u0142a\u0144 zmierzaj\u0105cych do zako\u0144czenia wojny Rosji z Ukrain\u0105.<\/p>\n","protected":false},"excerpt":{"rendered":"&#8222;Ju\u017c wkr\u00f3tce rozpocznie si\u0119 nowy tydzie\u0144 dyplomatyczny \u2014 odb\u0119d\u0105 si\u0119 konsultacje z europejskimi przyw\u00f3dcami. Dotyczy\u0107 b\u0119d\u0105 przede wszystkim&hellip;\n","protected":false},"author":2,"featured_media":138362,"comment_status":"","ping_status":"","sticky":false,"template":"","format":"standard","meta":{"footnotes":""},"categories":[14],"tags":[32,33,27,76,34,35,28,31,48,25,46,40,41,87,47,80,29,30,415,71,26,309,82,83,84],"class_list":{"0":"post-138361","1":"post","2":"type-post","3":"status-publish","4":"format-standard","5":"has-post-thumbnail","7":"category-swiat","8":"tag-breaking-news","9":"tag-breakingnews","10":"tag-headlines","11":"tag-inwazja_rosji_na_ukraine","12":"tag-latest-news","13":"tag-latestnews","14":"tag-naglowki","15":"tag-najwazniejsze-artykuly","16":"tag-nat_styl","17":"tag-news","18":"tag-omp","19":"tag-polish","20":"tag-polski","21":"tag-rosja","22":"tag-screening_general","23":"tag-swiat","24":"tag-top-stories","25":"tag-topstories","26":"tag-ukraina","27":"tag-usa","28":"tag-wiadomosci","29":"tag-wolodymyr_zelenski","30":"tag-world","31":"tag-world-news","32":"tag-worldnews"},"share_on_mastodon":{"url":"https:\/\/pubeurope.com\/@pl\/115681162885379983","error":""},"_links":{"self":[{"href":"https:\/\/www.europesays.com\/pl\/wp-json\/wp\/v2\/posts\/138361","targetHints":{"allow":["GET"]}}],"collection":[{"href":"https:\/\/www.europesays.com\/pl\/wp-json\/wp\/v2\/posts"}],"about":[{"href":"https:\/\/www.europesays.com\/pl\/wp-json\/wp\/v2\/types\/post"}],"author":[{"embeddable":true,"href":"https:\/\/www.europesays.com\/pl\/wp-json\/wp\/v2\/users\/2"}],"replies":[{"embeddable":true,"href":"https:\/\/www.europesays.com\/pl\/wp-json\/wp\/v2\/comments?post=138361"}],"version-history":[{"count":0,"href":"https:\/\/www.europesays.com\/pl\/wp-json\/wp\/v2\/posts\/138361\/revisions"}],"wp:featuredmedia":[{"embeddable":true,"href":"https:\/\/www.europesays.com\/pl\/wp-json\/wp\/v2\/media\/138362"}],"wp:attachment":[{"href":"https:\/\/www.europesays.com\/pl\/wp-json\/wp\/v2\/media?parent=138361"}],"wp:term":[{"taxonomy":"category","embeddable":true,"href":"https:\/\/www.europesays.com\/pl\/wp-json\/wp\/v2\/categories?post=138361"},{"taxonomy":"post_tag","embeddable":true,"href":"https:\/\/www.europesays.com\/pl\/wp-json\/wp\/v2\/tags?post=138361"}],"curies":[{"name":"wp","href":"https:\/\/api.w.org\/{rel}","templated":true}]}}