{"id":138383,"date":"2025-12-08T01:14:13","date_gmt":"2025-12-08T01:14:13","guid":{"rendered":"https:\/\/www.europesays.com\/pl\/138383\/"},"modified":"2025-12-08T01:14:13","modified_gmt":"2025-12-08T01:14:13","slug":"krwawa-jatka-w-niemczech-w-czterech-pobili-13-latka","status":"publish","type":"post","link":"https:\/\/www.europesays.com\/pl\/138383\/","title":{"rendered":"Krwawa jatka w Niemczech. W czterech pobili 13-latka"},"content":{"rendered":"<p>Jak opisuje &#8222;Bild&#8221;, w\u00a0pi\u0105tkowy wiecz\u00f3r (5 grudnia), tu\u017c przed godz. 22.00, policja zosta\u0142a wezwana na dworzec autobusowy w\u00a0Lindau. Wcze\u015bniej odebrano zg\u0142oszenie alarmowe. &#8211;\u00a0Kilka os\u00f3b bi\u0142o swoj\u0105 ofiar\u0119, kt\u00f3ra pozosta\u0142a ranna na dworcu autobusowym&#8221; &#8211;\u00a0przekaza\u0142 rzecznik komisariatu policji w\u00a0Lindau.<\/p>\n<p>Wed\u0142ug ustale\u0144 funkcjonariuszy, czterech ch\u0142opc\u00f3w w\u00a0wieku od 11 do 13 lat mia\u0142o zaatakowa\u0107 13-letniego Austriaka. &#8211;\u00a0Ofiara zosta\u0142a powalona na ziemi\u0119 kilkoma m\u0142otkami bezpiecze\u0144stwa, kt\u00f3re wcze\u015bniej zosta\u0142y skradzione z\u00a0autobusu miejskiego &#8211;\u00a0przekaza\u0142 rzecznik policji. Nast\u0119pnie ka\u017cdy z\u00a0napastnik\u00f3w mia\u0142 jeszcze kopa\u0107 le\u017c\u0105cego ch\u0142opca.<\/p>\n<p>Rozgl\u0105da\u0142 si\u0119. Skandal, co\u00a0zrobi\u0142 po\u00a0chwili. Ca\u0142a Polska si\u0119 dowie <\/p>\n<p>Pobicie w\u00a0Lindau. Zatrzymano podejrzanych <\/p>\n<p>Gdy pierwszy patrol dotar\u0142 na miejsce kilka minut p\u00f3\u017aniej, sprawc\u00f3w ju\u017c nie by\u0142o. S\u0142u\u017cby zareagowa\u0142y jednak szybko &#8211;\u00a0ofiara zosta\u0142a przetransportowana do szpitala, z\u00a0kolei policja rozpocz\u0119\u0142a poszukiwani. <\/p>\n<p>Nied\u0142ugo p\u00f3\u017aniej odnaleziono czterech nieletnich \u2013\u00a0ukrywali si\u0119 za budynkiem wydzia\u0142u kryminalnego w\u00a0Lindau, ok. 300 m\u00a0od miejsca zdarzenia. Na komisariacie okaza\u0142o si\u0119, \u017ce najm\u0142odszy z\u00a0podejrzanych ma 11 lat, najstarszy 13. &#8211;\u00a0To para braci z\u00a0Syrii oraz dw\u00f3ch Ukrai\u0144c\u00f3w &#8211;\u00a0przekaza\u0142 rzecznik policji.<\/p>\n<p>Wszyscy czterej podejrzani mieszkaj\u0105 w\u00a0austriackim Vorarlbergu. Policja poinformowa\u0142a opiekun\u00f3w oraz urz\u0105d ds. m\u0142odzie\u017cy. Na szcz\u0119\u015bcie incydent nie zako\u0144czy\u0142 si\u0119 ci\u0119\u017cszymi obra\u017ceniami. &#8211;\u00a0Wed\u0142ug obecnego stanu post\u0119powania ofiara na szcz\u0119\u015bcie nie dozna\u0142a powa\u017cniejszych uraz\u00f3w &#8211;\u00a0poda\u0142a policja. Przyczyn\u0105 konfliktu mia\u0142 by\u0107 konflikt 13-letnia Austriaka z\u00a0jednym ze sprawc\u00f3w. <\/p>\n","protected":false},"excerpt":{"rendered":"Jak opisuje &#8222;Bild&#8221;, w\u00a0pi\u0105tkowy wiecz\u00f3r (5 grudnia), tu\u017c przed godz. 22.00, policja zosta\u0142a wezwana na dworzec autobusowy w\u00a0Lindau.&hellip;\n","protected":false},"author":2,"featured_media":138384,"comment_status":"","ping_status":"","sticky":false,"template":"","format":"standard","meta":{"footnotes":""},"categories":[14],"tags":[32,33,27,34,35,28,31,25,40,41,80,29,30,26,82,83,84],"class_list":{"0":"post-138383","1":"post","2":"type-post","3":"status-publish","4":"format-standard","5":"has-post-thumbnail","7":"category-swiat","8":"tag-breaking-news","9":"tag-breakingnews","10":"tag-headlines","11":"tag-latest-news","12":"tag-latestnews","13":"tag-naglowki","14":"tag-najwazniejsze-artykuly","15":"tag-news","16":"tag-polish","17":"tag-polski","18":"tag-swiat","19":"tag-top-stories","20":"tag-topstories","21":"tag-wiadomosci","22":"tag-world","23":"tag-world-news","24":"tag-worldnews"},"share_on_mastodon":{"url":"https:\/\/pubeurope.com\/@pl\/115681300446903128","error":""},"_links":{"self":[{"href":"https:\/\/www.europesays.com\/pl\/wp-json\/wp\/v2\/posts\/138383","targetHints":{"allow":["GET"]}}],"collection":[{"href":"https:\/\/www.europesays.com\/pl\/wp-json\/wp\/v2\/posts"}],"about":[{"href":"https:\/\/www.europesays.com\/pl\/wp-json\/wp\/v2\/types\/post"}],"author":[{"embeddable":true,"href":"https:\/\/www.europesays.com\/pl\/wp-json\/wp\/v2\/users\/2"}],"replies":[{"embeddable":true,"href":"https:\/\/www.europesays.com\/pl\/wp-json\/wp\/v2\/comments?post=138383"}],"version-history":[{"count":0,"href":"https:\/\/www.europesays.com\/pl\/wp-json\/wp\/v2\/posts\/138383\/revisions"}],"wp:featuredmedia":[{"embeddable":true,"href":"https:\/\/www.europesays.com\/pl\/wp-json\/wp\/v2\/media\/138384"}],"wp:attachment":[{"href":"https:\/\/www.europesays.com\/pl\/wp-json\/wp\/v2\/media?parent=138383"}],"wp:term":[{"taxonomy":"category","embeddable":true,"href":"https:\/\/www.europesays.com\/pl\/wp-json\/wp\/v2\/categories?post=138383"},{"taxonomy":"post_tag","embeddable":true,"href":"https:\/\/www.europesays.com\/pl\/wp-json\/wp\/v2\/tags?post=138383"}],"curies":[{"name":"wp","href":"https:\/\/api.w.org\/{rel}","templated":true}]}}