{"id":138414,"date":"2025-12-08T02:11:16","date_gmt":"2025-12-08T02:11:16","guid":{"rendered":"https:\/\/www.europesays.com\/pl\/138414\/"},"modified":"2025-12-08T02:11:16","modified_gmt":"2025-12-08T02:11:16","slug":"janusz-walus-poslem-prawnik-odpowiada-na-sensacyjne-spekulacje","status":"publish","type":"post","link":"https:\/\/www.europesays.com\/pl\/138414\/","title":{"rendered":"Janusz Walu\u015b pos\u0142em? Prawnik odpowiada na sensacyjne spekulacje"},"content":{"rendered":"<p class=\"article-p\" data-section=\"detail-body\">Janusz Walu\u015b wr\u00f3ci\u0142 do Polski w grudniu 2024 r. po odbyciu ponad 30 lat kary pozbawienia wolno\u015bci w Republice Po\u0142udniowej Afryki za zab\u00f3jstwo Chrisa Haniego w 1993 r. Od tego czasu wielokrotnie widywano go w towarzystwie europos\u0142a Grzegorza Brauna. Ostatnio obaj panowie pojawili si\u0119 razem na meczu Legii Warszawa.<\/p>\n<p>        Prawnik o spekulacjach politycznych na temat Janusza Walusia<\/p>\n<p class=\"article-p\" data-section=\"detail-body\">Regularne wsp\u00f3lne wyst\u0119py 72-letniego dzi\u015b Walusia z liderem Konfederacji Korony Polskiej wywo\u0142a\u0142y fal\u0119 spekulacji, \u017ce by\u0142y wi\u0119zie\u0144 polityczny RPA mo\u017ce spr\u00f3bowa\u0107 wej\u015b\u0107 do polskiej polityki i kandydowa\u0107 do Sejmu.<\/p>\n<p class=\"article-p\" data-section=\"detail-body\">Zobacz: <a href=\"https:\/\/www.fakt.pl\/polityka\/skandal-na-legii-na-meczu-obecny-walus-towarzyszyl-mu-grzegorz-braun\/59tmpw6\" id=\"86546220-994b-4f55-8a14-78f7cf5298b9\" rel=\"nofollow noopener\" target=\"_blank\">Skandal na Legii. Na meczu obecny znany morderca. Towarzyszy\u0142 mu polityk<\/a><\/p>\n<p class=\"article-p\" data-section=\"detail-body\">Czy prawomocny wyrok skazuj\u0105cy za zab\u00f3jstwo wydany w RPA definitywnie zamyka mu drog\u0119 do polskiego parlamentu? \u2014 Z Walusiem sprawa nie jest taka prosta. Skutki prawne zagranicznego wyroku skazuj\u0105cego na polskim gruncie zale\u017c\u0105 od kilku czynnik\u00f3w, g\u0142\u00f3wnie od tego, czy pa\u0144stwo, w kt\u00f3rym wydano wyrok, nale\u017cy do Unii Europejskiej, czy te\u017c jest tak zwanym pa\u0144stwem trzecim \u2014 podkre\u015bla mec. Piotr Milik.<\/p>\n<p class=\"article-p\" data-section=\"detail-body\">Prawnik t\u0142umaczy dalej: \u2014 W przypadku Republiki Po\u0142udniowej Afryki wsp\u00f3\u0142praca w sprawach karnych odbywa si\u0119 na zasadach mi\u0119dzynarodowej pomocy prawnej, kt\u00f3ra jest bardziej z\u0142o\u017cona i opiera si\u0119 na zasadzie wzajemno\u015bci. Z braku dwustronnej umowy mi\u0119dzynarodowej polskie s\u0105dy mog\u0105 uzna\u0107 zagraniczne orzeczenie na zasadzie wzajemno\u015bci, o ile prawo polskie na to zezwala \u2014 s\u0142yszymy.<\/p>\n<p class=\"article-p\" data-section=\"detail-body\">Mec. Milik przypomina te\u017c procedur\u0119 wyborcz\u0105: \u2014 Decyzj\u0119 o odmowie rejestracji listy kandydat\u00f3w na pos\u0142\u00f3w lub pojedynczego kandydata podejmuje w pierwszej instancji Okr\u0119gowa Komisja Wyborcza. Od tej decyzji s\u0142u\u017cy odwo\u0142anie do Pa\u0144stwowej Komisji Wyborczej, kt\u00f3ra wydaje postanowienie. Na postanowienie PKW przys\u0142uguje skarga do S\u0105du Najwy\u017cszego. Zatem ostatecznie to S\u0105d Najwy\u017cszy zdecyduje o mo\u017cliwo\u015bci kandydowania Janusza Walusia w wyborach parlamentarnych \u2014 podsumowuje adwokat.<\/p>\n<p class=\"article-p\" data-section=\"detail-body\"><a href=\"https:\/\/www.fakt.pl\/polityka\/orban-na-wiecu-straszy-wojna-wegry-musza-byc-silne\/7jpksg6\" id=\"6698ff3a-7f78-41e5-b10f-d4e08ea3e666\" rel=\"nofollow noopener\" target=\"_blank\">Po Putinie Orban. Ten r\u00f3wnie\u017c straszy wojn\u0105. &#8222;Ostatnie wybory&#8221;<\/a><\/p>\n<p class=\"article-p\" data-section=\"detail-body\"><a href=\"https:\/\/www.fakt.pl\/polityka\/potajemne-rozmowy-rosji-z-niemcami-ekspert-rzuca-nowe-swiatlo\/kpv6g1z\" id=\"48f43abf-69fa-4640-8b8a-2b8e8982537b\" rel=\"nofollow noopener\" target=\"_blank\">Potajemne rozmowy Rosji z Niemcami. Ekspert rzuca nowe \u015bwiat\u0142o<\/a><\/p>\n<p class=\"article-p\" data-section=\"detail-body\"><a href=\"https:\/\/www.fakt.pl\/polityka\/rzecznik-rzadu-mocno-odpowiada-kaczynskiemu-to-tez-jego-afera\/82c0edb\" id=\"df918e75-6725-4e4b-baea-3cee47e5a8a8\" rel=\"nofollow noopener\" target=\"_blank\">Rzecznik rz\u0105du mocno odpowiada Kaczy\u0144skiemu. &#8222;To te\u017c jego afera&#8221;<\/a><\/p>\n","protected":false},"excerpt":{"rendered":"Janusz Walu\u015b wr\u00f3ci\u0142 do Polski w grudniu 2024 r. po odbyciu ponad 30 lat kary pozbawienia wolno\u015bci w&hellip;\n","protected":false},"author":2,"featured_media":138415,"comment_status":"","ping_status":"","sticky":false,"template":"","format":"standard","meta":{"footnotes":""},"categories":[12],"tags":[32,33,36,37,27,34,35,28,31,25,42,38,40,39,41,29,30,26],"class_list":{"0":"post-138414","1":"post","2":"type-post","3":"status-publish","4":"format-standard","5":"has-post-thumbnail","7":"category-polska","8":"tag-breaking-news","9":"tag-breakingnews","10":"tag-featured-news","11":"tag-featurednews","12":"tag-headlines","13":"tag-latest-news","14":"tag-latestnews","15":"tag-naglowki","16":"tag-najwazniejsze-artykuly","17":"tag-news","18":"tag-pl","19":"tag-poland","20":"tag-polish","21":"tag-polska","22":"tag-polski","23":"tag-top-stories","24":"tag-topstories","25":"tag-wiadomosci"},"share_on_mastodon":{"url":"https:\/\/pubeurope.com\/@pl\/115681524657252206","error":""},"_links":{"self":[{"href":"https:\/\/www.europesays.com\/pl\/wp-json\/wp\/v2\/posts\/138414","targetHints":{"allow":["GET"]}}],"collection":[{"href":"https:\/\/www.europesays.com\/pl\/wp-json\/wp\/v2\/posts"}],"about":[{"href":"https:\/\/www.europesays.com\/pl\/wp-json\/wp\/v2\/types\/post"}],"author":[{"embeddable":true,"href":"https:\/\/www.europesays.com\/pl\/wp-json\/wp\/v2\/users\/2"}],"replies":[{"embeddable":true,"href":"https:\/\/www.europesays.com\/pl\/wp-json\/wp\/v2\/comments?post=138414"}],"version-history":[{"count":0,"href":"https:\/\/www.europesays.com\/pl\/wp-json\/wp\/v2\/posts\/138414\/revisions"}],"wp:featuredmedia":[{"embeddable":true,"href":"https:\/\/www.europesays.com\/pl\/wp-json\/wp\/v2\/media\/138415"}],"wp:attachment":[{"href":"https:\/\/www.europesays.com\/pl\/wp-json\/wp\/v2\/media?parent=138414"}],"wp:term":[{"taxonomy":"category","embeddable":true,"href":"https:\/\/www.europesays.com\/pl\/wp-json\/wp\/v2\/categories?post=138414"},{"taxonomy":"post_tag","embeddable":true,"href":"https:\/\/www.europesays.com\/pl\/wp-json\/wp\/v2\/tags?post=138414"}],"curies":[{"name":"wp","href":"https:\/\/api.w.org\/{rel}","templated":true}]}}