{"id":138502,"date":"2025-12-08T06:02:07","date_gmt":"2025-12-08T06:02:07","guid":{"rendered":"https:\/\/www.europesays.com\/pl\/138502\/"},"modified":"2025-12-08T06:02:07","modified_gmt":"2025-12-08T06:02:07","slug":"nowy-pomysl-na-airbnb-50-tys-zl-kary-za-najem-krotkoterminowy-bez-rejestracji","status":"publish","type":"post","link":"https:\/\/www.europesays.com\/pl\/138502\/","title":{"rendered":"Nowy pomys\u0142 na airbnb. 50 tys. z\u0142 kary za najem kr\u00f3tkoterminowy bez rejestracji"},"content":{"rendered":"<ul class=\"UnorderedList_container__nmfSl\">\n<li class=\"UnorderedList_listElement__Py7xi\" data-id=\"ai-summary-link\">Du\u017co czytania, a ma\u0142o czasu? Sprawd\u017a\u00a0skr\u00f3t\u00a0artyku\u0142u<\/li>\n<\/ul>\n<p class=\"Paragraph_desktopParagraph__U31Gm\">&#8222;Spodziewamy si\u0119, \u017ce wprowadzenie od 20 maja 2026 r., bo do tego zobowi\u0105zuje nas rozporz\u0105dzenie unijne [chodzi o rozporz\u0105dzenie Parlamentu Europejskiego i Rady (UE) 2024\/1028 w sprawie gromadzenia i upowszechniania danych, dotycz\u0105cych us\u0142ug najmu kr\u00f3tkoterminowego], obowi\u0105zku rejestracji w centralnej bazie wszystkich obiekt\u00f3w wynajmowanych na doby spowoduje, \u017ce mo\u017ce cz\u0119\u015b\u0107 w\u0142a\u015bcicieli takich lokali zdecyduje si\u0119 wynajmowa\u0107 je d\u0142ugoterminowo czy sprzeda\u0107&#8221; \u2014 powiedzia\u0142 &#8222;Rz&#8221; Ra\u015b.<\/p>\n<p class=\"VideoPlayerText_videoPlayerText__iDwyz\">Dalszy ci\u0105g materia\u0142u pod wideo<\/p>\n<ul class=\"OchatFollowUps_wrapper__1ry7X\">\n<li class=\"OchatFollowUps_item__Dhyly OchatFollowUps_itemDesktop__R6aBv\">Jakie b\u0119d\u0105 kary za brak rejestracji najmu kr\u00f3tkoterminowego?<\/li>\n<li class=\"OchatFollowUps_item__Dhyly OchatFollowUps_itemDesktop__R6aBv\">Kiedy wprowadzone zostan\u0105 obowi\u0105zki rejestracji?<\/li>\n<li class=\"OchatFollowUps_item__Dhyly OchatFollowUps_itemDesktop__R6aBv\">Co stanie si\u0119 z rynkiem najmu kr\u00f3tkoterminowego po wprowadzeniu rejestru?<\/li>\n<li class=\"OchatFollowUps_item__Dhyly OchatFollowUps_itemDesktop__R6aBv\">Jakie portale b\u0119d\u0105 wymaga\u0142y numeru rejestru od w\u0142a\u015bcicieli?<\/li>\n<\/ul>\n<p class=\"Paragraph_desktopParagraph__U31Gm\">Jego zdaniem rejestr ograniczy r\u00f3wnie\u017c szar\u0105 stref\u0119, kt\u00f3ra wed\u0142ug szacunk\u00f3w ministerstwa stanowi ok. 30-35 proc. rynku najmu kr\u00f3tkoterminowego.<\/p>\n<p>50 tys. z\u0142 kary za najem kr\u00f3tkoterminowy bez rejestracji <\/p>\n<p class=\"Paragraph_desktopParagraph__U31Gm\">Pytany przez dziennikarzy gazety, jaka b\u0119dzie kara za wynajmowanie mieszkania, domu czy pokoi na doby bez rejestracji odpar\u0142, \u017ce resort przewiduje kar\u0119 administracyjn\u0105 do 50 tys. z\u0142.<\/p>\n<p class=\"Paragraph_desktopParagraph__U31Gm\">&#8222;Ka\u017cdy, kto b\u0119dzie chcia\u0142, by jego ofert\u0119 udost\u0119pnia\u0142y portale typu Booking czy Airbnb, b\u0119dzie musia\u0142 poda\u0107 sw\u00f3j numer z rejestru. Portalom nie wolno b\u0119dzie zamieszcza\u0107 ofert, kt\u00f3re go nie maj\u0105. To podniesie bezpiecze\u0144stwo dla najemc\u00f3w&#8221; \u2014 podkre\u015bli\u0142 wiceminister w &#8222;Rz&#8221;.<\/p>\n<p class=\"Paragraph_desktopParagraph__U31Gm\">Poinformowa\u0142 te\u017c, \u017ce Ministerstwo Sportu i Turystyki chce, by &#8222;1 stycznia 2029 r. by\u0142 t\u0105 dat\u0105, od kt\u00f3rej samorz\u0105dy b\u0119d\u0105 mog\u0142y wyznacza\u0107 strefy zakazu wynajmowania mieszka\u0144 na doby&#8221;. Stwierdzi\u0142, \u017ce z wprowadzeniem takich stref mo\u017cna poczeka\u0107, gdy\u017c jego zdaniem liczba obiekt\u00f3w wynajmowanych na doby do 20 maja 2026 r. [momentu wprowadzenia rejestru] zmniejszy si\u0119.<\/p>\n","protected":false},"excerpt":{"rendered":"Du\u017co czytania, a ma\u0142o czasu? Sprawd\u017a\u00a0skr\u00f3t\u00a0artyku\u0142u &#8222;Spodziewamy si\u0119, \u017ce wprowadzenie od 20 maja 2026 r., bo do tego&hellip;\n","protected":false},"author":2,"featured_media":138503,"comment_status":"","ping_status":"","sticky":false,"template":"","format":"standard","meta":{"footnotes":""},"categories":[12],"tags":[1614,32,33,36,37,27,67,28489,2642,34,35,9694,28,31,53,25,52,68,51,8190,55,42,6777,38,40,39,41,47,29,30,65,50,26,4364],"class_list":{"0":"post-138502","1":"post","2":"type-post","3":"status-publish","4":"format-standard","5":"has-post-thumbnail","7":"category-polska","8":"tag-airbnb","9":"tag-breaking-news","10":"tag-breakingnews","11":"tag-featured-news","12":"tag-featurednews","13":"tag-headlines","14":"tag-intextvideo_splayer","15":"tag-ireneusz_ras","16":"tag-kara","17":"tag-latest-news","18":"tag-latestnews","19":"tag-ministerstwo_sportu_i_turystyki","20":"tag-naglowki","21":"tag-najwazniejsze-artykuly","22":"tag-new_header","23":"tag-news","24":"tag-onet3","25":"tag-onet3d","26":"tag-onet3d_2i","27":"tag-parlament_europejski_pe_europarlament","28":"tag-phx","29":"tag-pl","30":"tag-podatki_podatek_vat_pit","31":"tag-poland","32":"tag-polish","33":"tag-polska","34":"tag-polski","35":"tag-screening_general","36":"tag-top-stories","37":"tag-topstories","38":"tag-update_me","39":"tag-v2021","40":"tag-wiadomosci","41":"tag-wynajem"},"share_on_mastodon":{"url":"","error":"Validation failed: Text character limit of 500 exceeded"},"_links":{"self":[{"href":"https:\/\/www.europesays.com\/pl\/wp-json\/wp\/v2\/posts\/138502","targetHints":{"allow":["GET"]}}],"collection":[{"href":"https:\/\/www.europesays.com\/pl\/wp-json\/wp\/v2\/posts"}],"about":[{"href":"https:\/\/www.europesays.com\/pl\/wp-json\/wp\/v2\/types\/post"}],"author":[{"embeddable":true,"href":"https:\/\/www.europesays.com\/pl\/wp-json\/wp\/v2\/users\/2"}],"replies":[{"embeddable":true,"href":"https:\/\/www.europesays.com\/pl\/wp-json\/wp\/v2\/comments?post=138502"}],"version-history":[{"count":0,"href":"https:\/\/www.europesays.com\/pl\/wp-json\/wp\/v2\/posts\/138502\/revisions"}],"wp:featuredmedia":[{"embeddable":true,"href":"https:\/\/www.europesays.com\/pl\/wp-json\/wp\/v2\/media\/138503"}],"wp:attachment":[{"href":"https:\/\/www.europesays.com\/pl\/wp-json\/wp\/v2\/media?parent=138502"}],"wp:term":[{"taxonomy":"category","embeddable":true,"href":"https:\/\/www.europesays.com\/pl\/wp-json\/wp\/v2\/categories?post=138502"},{"taxonomy":"post_tag","embeddable":true,"href":"https:\/\/www.europesays.com\/pl\/wp-json\/wp\/v2\/tags?post=138502"}],"curies":[{"name":"wp","href":"https:\/\/api.w.org\/{rel}","templated":true}]}}