{"id":138547,"date":"2025-12-08T06:41:10","date_gmt":"2025-12-08T06:41:10","guid":{"rendered":"https:\/\/www.europesays.com\/pl\/138547\/"},"modified":"2025-12-08T06:41:10","modified_gmt":"2025-12-08T06:41:10","slug":"kupilem-go-przed-promocja-i-teraz-placze-6-1-litrowy-air-fryer-philips-za-329-zl","status":"publish","type":"post","link":"https:\/\/www.europesays.com\/pl\/138547\/","title":{"rendered":"Kupi\u0142em go przed promocj\u0105 i teraz p\u0142acz\u0119. 6.1-litrowy Air Fryer Philips za 329 z\u0142"},"content":{"rendered":"<p>Czy mi w\u0142a\u015bnie skacze gul z powodu tej przeceny? Ot\u00f3\u017c jak najbardziej. A wszystko dlatego, \u017ce kilka dni temu sam kupi\u0142em tego Air Fryera dla mojej Mamy. Zap\u0142aci\u0142em za niego 549 z\u0142. Dzi\u015b kosztuje on <a href=\"https:\/\/www.telepolis.pl\/go\/816452\" rel=\"nofollow noopener\" target=\"_blank\">jedyne 329 z\u0142<\/a>. No c\u00f3\u017c, pech, z drugiej strony sam uzna\u0142em, \u017ce jest wart znacznie wi\u0119kszych pieni\u0119dzy.\u00a0<\/p>\n<p>    Dalsza cz\u0119\u015b\u0107 tekstu pod wideo<\/p>\n<p>\n                                Philips Ovi XL HD9270\/00\n            <\/p>\n<p>Uwielbiam Air Fryera. Szybki posi\u0142ek z minimaln\u0105 ilo\u015bci\u0105 t\u0142uszczu, kt\u00f3ry oferuje soczysty \u015brodek i chrupi\u0105c\u0105 sk\u00f3rk\u0119 jest definicj\u0105 tego typu urz\u0105dze\u0144. Natomiast w przypadku Air Fryera od Philipsa mamy jeszcze wyprofilowan\u0105 mis\u0119, dzi\u0119ki kt\u00f3rej wszystko opieka si\u0119 w miar\u0119 r\u00f3wnomiernie, nawet od spodu.\u00a0<\/p>\n<p>        <img loading=\"lazy\" decoding=\"async\" src=\"https:\/\/www.europesays.com\/pl\/wp-content\/uploads\/2025\/12\/1765052831_313_B32963402.414688363;dc_trk_aid=607216972;dc_trk_cid=228291445;ord=[timestamp];dc_lat=;dc_rdid=;tag_f.gif\" attributionsrc=\"\" border=\"0\" height=\"1\" width=\"1\" alt=\"Advertisement\"\/><\/p>\n<p>Tu dodatkowo mamy 6,1-litrow\u0105 mis\u0119 i moc 2000 W. Spokojnie wi\u0119c zrobimy obiad nawet dla 3-odobowej rodziny. A dzi\u0119ki zakresowi temperatur od 60 do 200 stopni Celsjusza mo\u017cemy w nim piec, suszy\u0107, czy podgrzewa\u0107 dania. Wszystko to za <a href=\"https:\/\/www.telepolis.pl\/go\/816452\" rel=\"nofollow noopener\" target=\"_blank\">jedyne 329 z\u0142<\/a>.\u00a0<\/p>\n<p>Nie jest to tekst sponsorowany, ani taki, kt\u00f3ry powsta\u0142 ze wsp\u00f3\u0142pracy ze sklepem. Warto wi\u0119c pami\u0119ta\u0107, \u017ce promocje s\u0105 ograniczone czasowo, a liczba sztuk produkt\u00f3w nimi obj\u0119tych jest ograniczona.<\/p>\n","protected":false},"excerpt":{"rendered":"Czy mi w\u0142a\u015bnie skacze gul z powodu tej przeceny? Ot\u00f3\u017c jak najbardziej. A wszystko dlatego, \u017ce kilka dni&hellip;\n","protected":false},"author":2,"featured_media":138548,"comment_status":"","ping_status":"","sticky":false,"template":"","format":"standard","meta":{"footnotes":""},"categories":[20],"tags":[28276,120,118,119,23923,28491,42,38,40,39,41,116,114,115,629,121,117],"class_list":{"0":"post-138547","1":"post","2":"type-post","3":"status-publish","4":"format-standard","5":"has-post-thumbnail","7":"category-nauka-i-technika","8":"tag-air-fryer","9":"tag-nauka","10":"tag-nauka-i-technika","11":"tag-naukatechnika","12":"tag-philips","13":"tag-philips-ovi-xl-hd9270-00","14":"tag-pl","15":"tag-poland","16":"tag-polish","17":"tag-polska","18":"tag-polski","19":"tag-science","20":"tag-science-and-technology","21":"tag-sciencetechnology","22":"tag-sprzet","23":"tag-technika","24":"tag-technology"},"share_on_mastodon":{"url":"https:\/\/pubeurope.com\/@pl\/115682586571519459","error":""},"_links":{"self":[{"href":"https:\/\/www.europesays.com\/pl\/wp-json\/wp\/v2\/posts\/138547","targetHints":{"allow":["GET"]}}],"collection":[{"href":"https:\/\/www.europesays.com\/pl\/wp-json\/wp\/v2\/posts"}],"about":[{"href":"https:\/\/www.europesays.com\/pl\/wp-json\/wp\/v2\/types\/post"}],"author":[{"embeddable":true,"href":"https:\/\/www.europesays.com\/pl\/wp-json\/wp\/v2\/users\/2"}],"replies":[{"embeddable":true,"href":"https:\/\/www.europesays.com\/pl\/wp-json\/wp\/v2\/comments?post=138547"}],"version-history":[{"count":0,"href":"https:\/\/www.europesays.com\/pl\/wp-json\/wp\/v2\/posts\/138547\/revisions"}],"wp:featuredmedia":[{"embeddable":true,"href":"https:\/\/www.europesays.com\/pl\/wp-json\/wp\/v2\/media\/138548"}],"wp:attachment":[{"href":"https:\/\/www.europesays.com\/pl\/wp-json\/wp\/v2\/media?parent=138547"}],"wp:term":[{"taxonomy":"category","embeddable":true,"href":"https:\/\/www.europesays.com\/pl\/wp-json\/wp\/v2\/categories?post=138547"},{"taxonomy":"post_tag","embeddable":true,"href":"https:\/\/www.europesays.com\/pl\/wp-json\/wp\/v2\/tags?post=138547"}],"curies":[{"name":"wp","href":"https:\/\/api.w.org\/{rel}","templated":true}]}}