{"id":138721,"date":"2025-12-08T08:42:07","date_gmt":"2025-12-08T08:42:07","guid":{"rendered":"https:\/\/www.europesays.com\/pl\/138721\/"},"modified":"2025-12-08T08:42:07","modified_gmt":"2025-12-08T08:42:07","slug":"tragiczne-doniesienia-z-teneryfy-trzy-osoby-zginely-kilka-jest-rannych","status":"publish","type":"post","link":"https:\/\/www.europesays.com\/pl\/138721\/","title":{"rendered":"Tragiczne doniesienia z Teneryfy. Trzy osoby zgin\u0119\u0142y, kilka jest rannych"},"content":{"rendered":"<p class=\"ods-c-paragraph \">Do zdarzenia dosz\u0142o w niedziel\u0119 w rejonie Los Gigantes , w gminie Santiago del Teide na zachodnim wybrze\u017cu Teneryfy. Trzy osoby zgin\u0119\u0142y, a trzy zosta\u0142y ranne po tym, jak zostali porwani przez fale do oceanu.<\/p>\n<p>Dalszy ci\u0105g artyku\u0142u pod materia\u0142em wideo<\/p>\n<p> Gdzie dosz\u0142o do wypadku na Teneryfie? <\/p>\n<p> Ile os\u00f3b zgin\u0119\u0142o w tym wypadku? <\/p>\n<p> Jaki by\u0142 wiek zmar\u0142ych? <\/p>\n<p> Co si\u0119 sta\u0142o z rannymi osobami? <\/p>\n<p class=\"ods-c-paragraph \">Zmarli to \u2014 wed\u0142ug nieoficjalnych ustale\u0144 \u2014 tury\u015bci z W\u0142och i S\u0142owacji: 55-letnia kobieta, 35-letni m\u0119\u017cczyzna i jeszcze jeden m\u0119\u017cczyzna, kt\u00f3rego wieku nie ujawniono.<\/p>\n<p>Kolejne takie zdarzenia na Teneryfie<\/p>\n<p class=\"ods-c-paragraph \">Ranne osoby to kobiety. Jedna z poszkodowanych dozna\u0142a zatrzymania akcji serca, jednak uda\u0142o si\u0119 j\u0105 reanimowa\u0107 i przetransportowa\u0107 \u015bmig\u0142owcem do szpitala. Kolejna trafi\u0142a do szpitala z umiarkowanymi obra\u017ceniami. Trzecia osoba zosta\u0142a opatrzona na miejscu przez personel medyczny. <\/p>\n<p class=\"ods-c-paragraph \">Do zdarzenia dosz\u0142o kilka dni po tym, jak w\u0142adze Wysp Kanaryjskich og\u0142osi\u0142y stan wczesnego ostrzegania i zaleci\u0142y, aby nie zbli\u017ca\u0107 si\u0119 do wybrze\u017ca.<\/p>\n<p class=\"ods-c-paragraph \">To kolejne zdarzenia tego typu w ostatnim czasie. <a href=\"https:\/\/wiadomosci.onet.pl\/swiat\/potezne-fale-u-wybrzezy-teneryfy-nie-zyja-trzy-osoby\/c5sk1j5\" id=\"5cd4c6db-b6a1-4f81-8e31-f5aa26bef58f\" rel=\"nofollow noopener\" target=\"_blank\">W zesz\u0142ym miesi\u0105cu hiszpa\u0144skie media przekaza\u0142y, \u017ce kontakt z pot\u0119\u017cnymi falami na Teneryfie doprowadzi\u0142 do \u015bmierci trzech os\u00f3b.<\/a><\/p>\n","protected":false},"excerpt":{"rendered":"Do zdarzenia dosz\u0142o w niedziel\u0119 w rejonie Los Gigantes , w gminie Santiago del Teide na zachodnim wybrze\u017cu&hellip;\n","protected":false},"author":2,"featured_media":138722,"comment_status":"","ping_status":"","sticky":false,"template":"","format":"standard","meta":{"footnotes":""},"categories":[14],"tags":[32,33,27,34,35,28,31,48,25,46,40,41,47,80,10797,29,30,2526,26,82,83,84,21452],"class_list":{"0":"post-138721","1":"post","2":"type-post","3":"status-publish","4":"format-standard","5":"has-post-thumbnail","7":"category-swiat","8":"tag-breaking-news","9":"tag-breakingnews","10":"tag-headlines","11":"tag-latest-news","12":"tag-latestnews","13":"tag-naglowki","14":"tag-najwazniejsze-artykuly","15":"tag-nat_styl","16":"tag-news","17":"tag-omp","18":"tag-polish","19":"tag-polski","20":"tag-screening_general","21":"tag-swiat","22":"tag-teneryfa","23":"tag-top-stories","24":"tag-topstories","25":"tag-wakacje","26":"tag-wiadomosci","27":"tag-world","28":"tag-world-news","29":"tag-worldnews","30":"tag-wyspy_kanaryjskie"},"share_on_mastodon":{"url":"https:\/\/pubeurope.com\/@pl\/115683062304889634","error":""},"_links":{"self":[{"href":"https:\/\/www.europesays.com\/pl\/wp-json\/wp\/v2\/posts\/138721","targetHints":{"allow":["GET"]}}],"collection":[{"href":"https:\/\/www.europesays.com\/pl\/wp-json\/wp\/v2\/posts"}],"about":[{"href":"https:\/\/www.europesays.com\/pl\/wp-json\/wp\/v2\/types\/post"}],"author":[{"embeddable":true,"href":"https:\/\/www.europesays.com\/pl\/wp-json\/wp\/v2\/users\/2"}],"replies":[{"embeddable":true,"href":"https:\/\/www.europesays.com\/pl\/wp-json\/wp\/v2\/comments?post=138721"}],"version-history":[{"count":0,"href":"https:\/\/www.europesays.com\/pl\/wp-json\/wp\/v2\/posts\/138721\/revisions"}],"wp:featuredmedia":[{"embeddable":true,"href":"https:\/\/www.europesays.com\/pl\/wp-json\/wp\/v2\/media\/138722"}],"wp:attachment":[{"href":"https:\/\/www.europesays.com\/pl\/wp-json\/wp\/v2\/media?parent=138721"}],"wp:term":[{"taxonomy":"category","embeddable":true,"href":"https:\/\/www.europesays.com\/pl\/wp-json\/wp\/v2\/categories?post=138721"},{"taxonomy":"post_tag","embeddable":true,"href":"https:\/\/www.europesays.com\/pl\/wp-json\/wp\/v2\/tags?post=138721"}],"curies":[{"name":"wp","href":"https:\/\/api.w.org\/{rel}","templated":true}]}}