{"id":13881,"date":"2025-09-24T19:18:06","date_gmt":"2025-09-24T19:18:06","guid":{"rendered":"https:\/\/www.europesays.com\/pl\/13881\/"},"modified":"2025-09-24T19:18:06","modified_gmt":"2025-09-24T19:18:06","slug":"wta-pekin-program-i-wyniki-drabinka-sportowefakty","status":"publish","type":"post","link":"https:\/\/www.europesays.com\/pl\/13881\/","title":{"rendered":"WTA Pekin: Program i wyniki (drabinka) &#8211; SportoweFakty"},"content":{"rendered":"<ol>\n<li><a href=\"https:\/\/news.google.com\/rss\/articles\/CBMigwFBVV95cUxQemIzTWgwMUxhLTI1WHRhSkZpYmFUZC1xUGhwOWtJMnlMZ3FENllQZjVSek14Ukc4MHIzUjZESnNPY1ZLOEx4cTN2STdlQmd3MV82aEFyVzVxYTdDUU1GRnRqM3JiVDEwT1FoaksyTHg3dF9OeWpvejhyZG1vSmFxcm9MWQ?oc=5\" target=\"_blank\" rel=\"nofollow noopener\">WTA Pekin: Program i wyniki (drabinka)<\/a>&nbsp;&nbsp;SportoweFakty<\/li>\n<li><a href=\"https:\/\/news.google.com\/rss\/articles\/CBMiugFBVV95cUxPdGpma2p1M0ozYUQwNW45SHl0RlhINVpjazZodTRrRWR1ay1Jb2VjVU95a0VKdnBzcFpvRTFzdkRRTG1wNmwxcWd2X3JXNEpYX0ZhX1JQMHFxUzVjaFZXaEhXdElEVVVjdllQeGFjdDhnZ1JMaHB6UlNTbHNMR3czR1VuMVFzdGluRFN5Y1h6YVZNYTFHMWdjRWp4ZS1QVXBNU2RxaGdmaFdqc1prdE5OZW93bl82RWtqQ2c?oc=5\" target=\"_blank\" rel=\"nofollow noopener\">Iga \u015awi\u0105tek postawi\u0142a na elegancj\u0119. Tym razem to nie Polka skrad\u0142a show<\/a>&nbsp;&nbsp;Przegl\u0105d Sportowy Onet<\/li>\n<li><a href=\"https:\/\/news.google.com\/rss\/articles\/CBMitgFBVV95cUxNaEhNcGtoRnRQWUs4cUpoTlA4cjh6ajNhWldseHRrbXFLd21vTWUxOUxFMHBIcnB5bzBqRzI3aHFOSV9nbEhuNEcxOEFjRndjWWg4SFU2WnpsTEtlSFZGNlItdlZ2aU84T3pLd1J4WDlnTVFQYVNMTDZJeXdsZFBteEE1SzdjR3dnY2V2X3EzZDFvX2JoZ256TkJQZHF4M2xFSmZaUl91dElQaHZxNE5WMnNLY29Wdw?oc=5\" target=\"_blank\" rel=\"nofollow noopener\">WTA Pekin. Iga \u015awi\u0105tek przy\u0107mi\u0142a rywalki. A turniej si\u0119 nawet nie rozpocz\u0105\u0142<\/a>&nbsp;&nbsp;Sport Interia<\/li>\n<li><a href=\"https:\/\/news.google.com\/rss\/articles\/CBMirAFBVV95cUxQZ19sYTB3TWUtSmFJOVJfdnZmNXpOcGN5QXZkNVIxWFEtRVRzdHJQeXluWmI4LS12M2lJRDBmSW12ZWJZYjFnZXNfMTB1N1hMU1cxTHhraHhBRW10aHRISUdwcGxCd3UzZ2VPQkJDWmo2V1A5cUNReEVWcGRUM0N5aVdJRnUyMDBCT2RfQzdPaElJRnJ1MnR2V2lkeGJGRm1hY2FTczBySF8zVU5Z?oc=5\" target=\"_blank\" rel=\"nofollow noopener\">Tak Chi\u0144czycy przywitali na lotnisku \u015awi\u0105tek<\/a>&nbsp;&nbsp;SportoweFakty<\/li>\n<li><a href=\"https:\/\/news.google.com\/rss\/articles\/CBMiqgFBVV95cUxNd2V1NldBTVFEcGFOMzNaYS1YR2N5c3FSdzZ6MzUyYnlRaENmT0plNXFVOW0xbUd2a0ZZS3BJM3BteENCb0RqR3ExUmdNZFJQLXI4YW44THVPUTUyTllkZUxCYVhfZ3ktbGZ1N1BGYUFRdmVjZXdTenRwY3RZUWJINkxmTnk1UmFVQXkzWmlqbFd0SjZoS20tcHVZYnNaSFd6TWRxZVdFb3h5dw?oc=5\" target=\"_blank\" rel=\"nofollow noopener\">\u015awi\u0105tek triumfuje, a oto co robi Sabalenka. M\u00f3wi o tym ca\u0142y \u015bwiat Tenis<\/a>&nbsp;&nbsp;Sport.pl<\/li>\n<\/ol>\n","protected":false},"excerpt":{"rendered":"WTA Pekin: Program i wyniki (drabinka)&nbsp;&nbsp;SportoweFakty Iga \u015awi\u0105tek postawi\u0142a na elegancj\u0119. Tym razem to nie Polka skrad\u0142a show&nbsp;&nbsp;Przegl\u0105d&hellip;\n","protected":false},"author":2,"featured_media":13882,"comment_status":"","ping_status":"","sticky":false,"template":"","format":"standard","meta":{"footnotes":""},"categories":[24],"tags":[85,158,3873,3874,1194,42,38,40,39,41,755,127,126,156,157,4358],"class_list":{"0":"post-13881","1":"post","2":"type-post","3":"status-publish","4":"format-standard","5":"has-post-thumbnail","7":"category-sport","8":"tag-chiny","9":"tag-iga-swiatek","10":"tag-magda-linette","11":"tag-magdalena-frech","12":"tag-pekin","13":"tag-pl","14":"tag-poland","15":"tag-polish","16":"tag-polska","17":"tag-polski","18":"tag-polski-tenis","19":"tag-sport","20":"tag-sports","21":"tag-tenis","22":"tag-wta","23":"tag-wta-pekin"},"share_on_mastodon":{"url":"","error":""},"_links":{"self":[{"href":"https:\/\/www.europesays.com\/pl\/wp-json\/wp\/v2\/posts\/13881","targetHints":{"allow":["GET"]}}],"collection":[{"href":"https:\/\/www.europesays.com\/pl\/wp-json\/wp\/v2\/posts"}],"about":[{"href":"https:\/\/www.europesays.com\/pl\/wp-json\/wp\/v2\/types\/post"}],"author":[{"embeddable":true,"href":"https:\/\/www.europesays.com\/pl\/wp-json\/wp\/v2\/users\/2"}],"replies":[{"embeddable":true,"href":"https:\/\/www.europesays.com\/pl\/wp-json\/wp\/v2\/comments?post=13881"}],"version-history":[{"count":0,"href":"https:\/\/www.europesays.com\/pl\/wp-json\/wp\/v2\/posts\/13881\/revisions"}],"wp:featuredmedia":[{"embeddable":true,"href":"https:\/\/www.europesays.com\/pl\/wp-json\/wp\/v2\/media\/13882"}],"wp:attachment":[{"href":"https:\/\/www.europesays.com\/pl\/wp-json\/wp\/v2\/media?parent=13881"}],"wp:term":[{"taxonomy":"category","embeddable":true,"href":"https:\/\/www.europesays.com\/pl\/wp-json\/wp\/v2\/categories?post=13881"},{"taxonomy":"post_tag","embeddable":true,"href":"https:\/\/www.europesays.com\/pl\/wp-json\/wp\/v2\/tags?post=13881"}],"curies":[{"name":"wp","href":"https:\/\/api.w.org\/{rel}","templated":true}]}}