{"id":138842,"date":"2025-12-08T09:53:10","date_gmt":"2025-12-08T09:53:10","guid":{"rendered":"https:\/\/www.europesays.com\/pl\/138842\/"},"modified":"2025-12-08T09:53:10","modified_gmt":"2025-12-08T09:53:10","slug":"szef-poszukiwan-zloty-pociag-2025-ujawnia-tozsamosc-nadeszla-pora","status":"publish","type":"post","link":"https:\/\/www.europesays.com\/pl\/138842\/","title":{"rendered":"Szef poszukiwa\u0144 &#8222;Z\u0142oty Poci\u0105g 2025&#8221; ujawnia to\u017csamo\u015b\u0107. &#8222;Nadesz\u0142a pora&#8221;"},"content":{"rendered":"<p class=\"Paragraph_desktopParagraph__U31Gm\">&#8222;Nazywam si\u0119 Micha\u0142 Motak i jestem osob\u0105, kt\u00f3ra 25 kwietnia 2025 r. dokona\u0142a zg\u0142oszenia do organ\u00f3w pa\u0144stwa tzw. <a href=\"https:\/\/kobieta.onet.pl\/zloty-pociag-legenda\" id=\"69b5f3a7-7625-4061-9e8e-8ae4b058e317\" rel=\"nofollow noopener\" target=\"_blank\">z\u0142otego poci\u0105gu<\/a>, a konkretnie zamaskowanego tunelu kolejowego oraz trzech wagon\u00f3w kolejowych umieszczonych w tunelu&#8221; \u2014 powiedzia\u0142 Motak w nagraniu opublikowanym na kanale &#8222;Underground Hunter \u2014 \u0141owca podziemi&#8221; na YouTube.<\/p>\n<p class=\"Paragraph_desktopParagraph__U31Gm\">Doda\u0142, \u017ce nadszed\u0142 czas, by osobi\u015bcie przem\u00f3wi\u0107 do odbiorc\u00f3w, kt\u00f3rzy dotychczas znali go jedynie jako tajemniczego &#8222;M&#8221;.<\/p>\n<blockquote>\n<p class=\"Paragraph_desktopParagraph__U31Gm\">Pragn\u0119 si\u0119 z pa\u0144stwem tym filmem przywita\u0107. Po raz pierwszy macie okazj\u0119 mnie zobaczy\u0107, us\u0142ysze\u0107. Mieli\u015bcie do tej pory tylko mo\u017cliwo\u015b\u0107 czyta\u0107 moje teksty, kt\u00f3re s\u0105 publikowane na profilu &#8222;Z\u0142oty Poci\u0105g 2025&#8221;. Nadesz\u0142a pora, tak uzna\u0142em, \u017ceby przem\u00f3wi\u0107<\/p>\n<\/blockquote>\n<p class=\"Paragraph_desktopParagraph__U31Gm\">\u2014 doda\u0142.<\/p>\n<p class=\"Paragraph_desktopParagraph__U31Gm\">W swoim wyst\u0105pieniu Motak podzi\u0119kowa\u0142 osobom wspieraj\u0105cym jego dzia\u0142ania, a tak\u017ce odni\u00f3s\u0142 si\u0119 do krytyk\u00f3w. Zaznaczy\u0142, \u017ce nie przejmuje si\u0119 negatywnymi komentarzami i zamierza kontynuowa\u0107 poszukiwania mimo pojawiaj\u0105cych si\u0119 trudno\u015b\u0107.<\/p>\n<p class=\"Paragraph_desktopParagraph__U31Gm\">&#8222;Jestem na dobrej drodze, aby te wszystkie przeszkody pokona\u0107. Czekamy jeszcze na jedno pozwolenie od konserwatora zabytk\u00f3w. Mam nadziej\u0119, \u017ce niebawem to pozwolenie przyjdzie i mo\u017ce jeszcze przed \u015bwi\u0119tami, w grudniu, uda\u0142oby si\u0119 przeprowadzi\u0107 badania georadarowe. Tunel jest wyznaczony z dok\u0142adno\u015bci\u0105 co do centymetra&#8221; \u2014 podsumowa\u0142.<\/p>\n<ul class=\"OchatFollowUps_wrapper__1ry7X\">\n<li class=\"OchatFollowUps_item__Dhyly OchatFollowUps_itemDesktop__R6aBv\">Kto ujawni\u0142 swoj\u0105 to\u017csamo\u015b\u0107 w poszukiwaniach Z\u0142otego Poci\u0105gu?<\/li>\n<li class=\"OchatFollowUps_item__Dhyly OchatFollowUps_itemDesktop__R6aBv\">Jakie pozwolenie czeka zesp\u00f3\u0142 Z\u0142oty Poci\u0105g 2025?<\/li>\n<li class=\"OchatFollowUps_item__Dhyly OchatFollowUps_itemDesktop__R6aBv\">Co s\u0105dzi Joanna Lamparska o istnieniu Z\u0142otego Poci\u0105gu?<\/li>\n<li class=\"OchatFollowUps_item__Dhyly OchatFollowUps_itemDesktop__R6aBv\">Gdzie Micha\u0142 Motak opublikowa\u0142 swoje nagranie?<\/li>\n<\/ul>\n<p class=\"Paragraph_desktopParagraph__U31Gm\">Pod nagraniem pojawi\u0142a si\u0119 lawina komentarzy.<\/p>\n<blockquote>\n<p class=\"Paragraph_desktopParagraph__U31Gm\">\u017bycz\u0119 powodzenia. B\u0119d\u0105 \u015bledzi\u0142 z zaciekawieniem! Oby si\u0119 panu uda\u0142o.<\/p>\n<\/blockquote>\n<blockquote>\n<p class=\"Paragraph_desktopParagraph__U31Gm\">Powodzenia mistrzu wierz\u0119 w to, \u017ce ci si\u0119 uda.<\/p>\n<\/blockquote>\n<p>Ekspertka sceptyczna wobec z\u0142otego poci\u0105gu <\/p>\n<p class=\"Paragraph_desktopParagraph__U31Gm\">Wkr\u00f3tce ma si\u0119 r\u00f3wnie\u017c ukaza\u0107 wywiad z Micha\u0142em Motakiem, kt\u00f3ry przeprowadzi Joanna Lamparska \u2014 pisarka, dziennikarka i autorka kana\u0142u Hi!History. Lamparska, w rozmowie z &#8222;Wprost&#8221;, wyrazi\u0142a jednak sceptycyzm wobec istnienia legendarnego sk\u0142adu.<\/p>\n<p class=\"Paragraph_desktopParagraph__U31Gm\">&#8222;Z\u0142otego poci\u0105gu nie ma. Koniec i kropka&#8221; \u2014 powiedzia\u0142a.<\/p>\n<p class=\"Paragraph_desktopParagraph__U31Gm\">Przeczytaj r\u00f3wnie\u017c:<\/p>\n","protected":false},"excerpt":{"rendered":"&#8222;Nazywam si\u0119 Micha\u0142 Motak i jestem osob\u0105, kt\u00f3ra 25 kwietnia 2025 r. dokona\u0142a zg\u0142oszenia do organ\u00f3w pa\u0144stwa tzw.&hellip;\n","protected":false},"author":2,"featured_media":138843,"comment_status":"","ping_status":"","sticky":false,"template":"","format":"standard","meta":{"footnotes":""},"categories":[12],"tags":[32,33,36,37,27,34,35,28,31,53,25,52,68,51,55,42,38,40,39,41,47,196,29,30,65,50,26,22653],"class_list":{"0":"post-138842","1":"post","2":"type-post","3":"status-publish","4":"format-standard","5":"has-post-thumbnail","7":"category-polska","8":"tag-breaking-news","9":"tag-breakingnews","10":"tag-featured-news","11":"tag-featurednews","12":"tag-headlines","13":"tag-latest-news","14":"tag-latestnews","15":"tag-naglowki","16":"tag-najwazniejsze-artykuly","17":"tag-new_header","18":"tag-news","19":"tag-onet3","20":"tag-onet3d","21":"tag-onet3d_2i","22":"tag-phx","23":"tag-pl","24":"tag-poland","25":"tag-polish","26":"tag-polska","27":"tag-polski","28":"tag-screening_general","29":"tag-styl_zycia","30":"tag-top-stories","31":"tag-topstories","32":"tag-update_me","33":"tag-v2021","34":"tag-wiadomosci","35":"tag-zloty_pociag_legenda"},"share_on_mastodon":{"url":"https:\/\/pubeurope.com\/@pl\/115683342098159386","error":""},"_links":{"self":[{"href":"https:\/\/www.europesays.com\/pl\/wp-json\/wp\/v2\/posts\/138842","targetHints":{"allow":["GET"]}}],"collection":[{"href":"https:\/\/www.europesays.com\/pl\/wp-json\/wp\/v2\/posts"}],"about":[{"href":"https:\/\/www.europesays.com\/pl\/wp-json\/wp\/v2\/types\/post"}],"author":[{"embeddable":true,"href":"https:\/\/www.europesays.com\/pl\/wp-json\/wp\/v2\/users\/2"}],"replies":[{"embeddable":true,"href":"https:\/\/www.europesays.com\/pl\/wp-json\/wp\/v2\/comments?post=138842"}],"version-history":[{"count":0,"href":"https:\/\/www.europesays.com\/pl\/wp-json\/wp\/v2\/posts\/138842\/revisions"}],"wp:featuredmedia":[{"embeddable":true,"href":"https:\/\/www.europesays.com\/pl\/wp-json\/wp\/v2\/media\/138843"}],"wp:attachment":[{"href":"https:\/\/www.europesays.com\/pl\/wp-json\/wp\/v2\/media?parent=138842"}],"wp:term":[{"taxonomy":"category","embeddable":true,"href":"https:\/\/www.europesays.com\/pl\/wp-json\/wp\/v2\/categories?post=138842"},{"taxonomy":"post_tag","embeddable":true,"href":"https:\/\/www.europesays.com\/pl\/wp-json\/wp\/v2\/tags?post=138842"}],"curies":[{"name":"wp","href":"https:\/\/api.w.org\/{rel}","templated":true}]}}