{"id":138877,"date":"2025-12-08T10:15:21","date_gmt":"2025-12-08T10:15:21","guid":{"rendered":"https:\/\/www.europesays.com\/pl\/138877\/"},"modified":"2025-12-08T10:15:21","modified_gmt":"2025-12-08T10:15:21","slug":"referendum-w-cieszynie-i-jelesni-komisje-wyborcze-podaly-wyniki-glosowania","status":"publish","type":"post","link":"https:\/\/www.europesays.com\/pl\/138877\/","title":{"rendered":"Referendum w Cieszynie i Jele\u015bni. Komisje wyborcze poda\u0142y wyniki g\u0142osowania"},"content":{"rendered":"<ul class=\"typography ids-typeset-body ids-typeset-body--preset-large list ids-list ids-list--unordered ids-list--size-large \" datatype=\"disc\">\n<li class=\"ids-list-item\">\n<p>Referenda dotycz\u0105ce odwo\u0142ania burmistrz Cieszyna i w\u00f3jt Jele\u015bni okaza\u0142y si\u0119 niewa\u017cne z powodu niskiej frekwencji.<\/p>\n<\/li>\n<li class=\"ids-list-item\">\n<p>W Cieszynie do wymaganej frekwencji zabrak\u0142o oko\u0142o 2 proc. g\u0142os\u00f3w.<\/p>\n<\/li>\n<li class=\"ids-list-item\">\n<p>Z kolei w gminie Jele\u015bnia zabrak\u0142o 2086 os\u00f3b.<\/p>\n<\/li>\n<li class=\"ids-list-item\">Wi\u0119cej wa\u017cnych informacji znajdziesz na <a class=\"ids-undecorated-link link ids-link link\" href=\"https:\/\/www.interia.pl\/#utm_source=wydarzenia&amp;utm_medium=bullet&amp;utm_campaign=powrot_z_wew&amp;iwa_source=bullet\" target=\"_blank\" rel=\"nofollow noopener\">stronie g\u0142\u00f3wnej Interii<\/a><\/li>\n<\/ul>\n<p class=\"typography ids-typeset-body ids-typeset-body--preset-large link paragraph ids-paragraph ids-paragraph--default\">Niedzielne referenda dotycz\u0105ce odwo\u0142ania burmistrz Cieszyna Gabrieli Staszkiewicz i tamtejszej rady miejskiej oraz w\u00f3jt Jele\u015bni Anny Wasilewskiej przed up\u0142ywem kadencji okaza\u0142y si\u0119 niewa\u017cne &#8211; wynika z protoko\u0142\u00f3w miejskiej komisji ds. referendum w Cieszynie i bielskiej delegatury <a href=\"https:\/\/wydarzenia.interia.pl\/tematy-krajowe-biuro-wyborcze,gsbi,6471\" rel=\"nofollow noopener\" target=\"_blank\">Krajowego Biura Wyborczego<\/a>.<\/p>\n<p class=\"typography ids-typeset-body ids-typeset-body--preset-large link paragraph ids-paragraph ids-paragraph--default\">Zgodnie z przepisami, aby referenda by\u0142y wa\u017cne, musi w nich wzi\u0105\u0107 udzia\u0142 co najmniej 3\/5 liczby os\u00f3b, kt\u00f3re g\u0142osowa\u0142y w wyborach.<\/p>\n<p>Cieszyn. Nie b\u0119dzie odwo\u0142ania Gabrieli Staszkiewicz, &#8222;zabrak\u0142o zaledwie ok. 2 proc.&#8221;<\/p>\n<p class=\"typography ids-typeset-body ids-typeset-body--preset-large link paragraph ids-paragraph ids-paragraph--default\">W ubieg\u0142orocznych wyborach burmistrza Cieszyna mieszka\u0144cy tego miasta oddali 8868 g\u0142os\u00f3w. Aby niedzielne referendum by\u0142o wa\u017cne, do urn musia\u0142o wi\u0119c p\u00f3j\u015b\u0107 co najmniej 5321 wyborc\u00f3w.<\/p>\n<p class=\"typography ids-typeset-body ids-typeset-body--preset-large link paragraph ids-paragraph ids-paragraph--default\">W przypadku wybor\u00f3w do rady miejskiej oddano 11963 wa\u017cnych g\u0142os\u00f3w, zatem wa\u017cno\u015b\u0107 referendum warunkowa\u0142 udzia\u0142 w nim co najmniej 7178 os\u00f3b.<\/p>\n<p class=\"typography ids-typeset-body ids-typeset-body--preset-large link paragraph ids-paragraph ids-paragraph--default\">Zgodnie z protoko\u0142ami miejskiej komisji ds. referendum, wywieszonymi w poniedzia\u0142ek nad ranem w cieszy\u0144skim ratuszu, w g\u0142osowaniach ws. odwo\u0142ania burmistrz oraz Rady miasta wzi\u0119\u0142o udzia\u0142 po 4608 os\u00f3b. Uprawnionych by\u0142o 24730 os\u00f3b.<\/p>\n<p class=\"typography ids-typeset-body ids-typeset-body--preset-large link paragraph ids-paragraph ids-paragraph--default\">Burmistrz Gabriela Staszkiewicz podzi\u0119kowa\u0142a mieszka\u0144com za ponowne obdarzenie jej i rady miasta zaufaniem w opublikowanym oko\u0142o p\u00f3\u0142nocy facebookowym wpisie. Oceni\u0142a, \u017ce postawa cieszynian, &#8222;wynikaj\u0105ca z dojrza\u0142ej oceny sytuacji i zaufania do podejmowanych przez nas dzia\u0142a\u0144, pozwoli\u0142a zachowa\u0107 ci\u0105g\u0142o\u015b\u0107 pracy samorz\u0105du&#8221;.<\/p>\n<p class=\"typography ids-typeset-body ids-typeset-body--preset-large link paragraph ids-paragraph ids-paragraph--default\">&#8222;Za t\u0119 odpowiedzialno\u015b\u0107, rozwag\u0119 i spokojne podej\u015bcie do lokalnych spraw &#8211; z ca\u0142ego serca dzi\u0119kujemy. Jednocze\u015bnie chc\u0119 zapewni\u0107, \u017ce wynik referendum traktujemy nie jako pow\u00f3d do samozadowolenia, lecz jako zobowi\u0105zanie. Zobowi\u0105zanie do wi\u0119kszej otwarto\u015bci, dialogu oraz skutecznego dzia\u0142ania na rzecz wsp\u00f3lnego dobra&#8221; &#8211; wskaza\u0142a burmistrz.<\/p>\n<p class=\"typography ids-typeset-body ids-typeset-body--preset-large link paragraph ids-paragraph ids-paragraph--default\">Wynik referendum skomentowa\u0142 te\u017c bielski pose\u0142 <a href=\"https:\/\/wydarzenia.interia.pl\/tematy-konfederacja,gsbi,44\" rel=\"nofollow noopener\" target=\"_blank\">Konfederacji<\/a> <a href=\"https:\/\/wydarzenia.interia.pl\/tematy-bronislaw-foltyn,gsbi,4130\" target=\"_blank\" rel=\"nofollow noopener\">Bronis\u0142aw Foltyn<\/a>, kt\u00f3rego asystent spo\u0142eczny Micha\u0142 Wenglorz by\u0142 pe\u0142nomocnikiem inicjatywy referendalnej. Jak napisa\u0142 pose\u0142, &#8222;zabrak\u0142o zaledwie ok. 2 proc. do wymaganej frekwencji, a Gabriela Staszkiewicz wylecia\u0142aby z cieszy\u0144skiego Ratusza, raz na zawsze&#8221;.<\/p>\n<p class=\"typography ids-typeset-body ids-typeset-body--preset-large link paragraph ids-paragraph ids-paragraph--default\">&#8222;Tym razem, cieszy\u0144ska antydemokratyczna w\u0142adza, dzi\u0119ki desperackim atakom i \u017cenuj\u0105cej kampanii zniech\u0119cania mieszka\u0144c\u00f3w do udzia\u0142u w wyborach &#8211; przetrwa\u0142a. Ale jak wida\u0107 ni\u017cej, Cieszyniacy si\u0119 nie poddaj\u0105! 5000 ludzi, to pot\u0119ga. Za rok rozniesiecie t\u0119 w\u0142adz\u0119 w proch i jak zawsze mo\u017cecie liczy\u0107 na moj\u0105 pomoc (pisownia oryginalna &#8211; red.)&#8221; &#8211; zadeklarowa\u0142 Foltyn.<\/p>\n<p class=\"typography ids-typeset-body ids-typeset-body--preset-large link paragraph ids-paragraph ids-paragraph--default\">Gabriela Staszkiewicz jest burmistrzem Cieszyna drug\u0105 kadencj\u0119. W 2014 r. wywalczy\u0142a mandat radnej. Stan\u0119\u0142a w\u00f3wczas na czele rady. W 2018 r. zosta\u0142a pierwsz\u0105 w historii kobiet\u0105 na stanowisku burmistrza miasta. W drugiej turze uzyska\u0142a 56,02 proc. g\u0142os\u00f3w.<\/p>\n<p class=\"typography ids-typeset-body ids-typeset-body--preset-large link paragraph ids-paragraph ids-paragraph--default\">W wyborach w 2024 r. w II turze zwyci\u0119\u017cy\u0142a z poparciem 57,15 proc. g\u0142osuj\u0105cych. Dotychczas by\u0142a bezpartyjna. Obecnie zwi\u0105za\u0142a si\u0119 z tworzon\u0105 parti\u0105\u00a0Nowa Polska, w kt\u00f3rej jest sekretarzem generalnym. W Cieszynie, stolicy powiatu na po\u0142udniu woj. \u015bl\u0105skiego po\u0142o\u017conego przy granicy pa\u0144stwa z Republik\u0105 Czesk\u0105, mieszka ok. 33 tys. os\u00f3b.<\/p>\n<p>Gmina Jele\u015bnia. Chcieli odwo\u0142a\u0107 w\u00f3jt, referendum niewa\u017cne<\/p>\n<p class=\"typography ids-typeset-body ids-typeset-body--preset-large link paragraph ids-paragraph ids-paragraph--default\">&#8222;Referendum jest niewa\u017cne, poniewa\u017c wzi\u0119\u0142o w nim udzia\u0142 mniej ni\u017c 3\/5 liczby os\u00f3b bior\u0105cych udzia\u0142 w wyborze odwo\u0142ywanego organu. W\u00f3jt Gminy Jele\u015bnia nie zosta\u0142 odwo\u0142any&#8221; &#8211; stwierdzono z kolei w serwisie delegatury Krajowego Biura Wyborczego w Bielsku-Bia\u0142ej.<\/p>\n<p class=\"typography ids-typeset-body ids-typeset-body--preset-large link paragraph ids-paragraph ids-paragraph--default\">W Jele\u015bni w ubieg\u0142orocznych wyborach w\u00f3jta g\u0142osowa\u0142o 5926 os\u00f3b. Aby niedzielne referendum by\u0142o wa\u017cne, potrzebnych by\u0142o 3556 g\u0142os\u00f3w. Zgodnie z protoko\u0142em gminnej komisji ds. referendum w Jele\u015bni w g\u0142osowaniu wzi\u0119\u0142o tam udzia\u0142 1470 os\u00f3b. Uprawnione by\u0142y 10333 osoby.<\/p>\n<p class=\"typography ids-typeset-body ids-typeset-body--preset-large link paragraph ids-paragraph ids-paragraph--default\">Anna Wasilewska jest w\u00f3jtem Jele\u015bni drug\u0105 kadencj\u0119. Wcze\u015bniej dwukrotnie ubiega\u0142a si\u0119 bez powodzenia o to stanowisko. W 2018 r. &#8211; z rekomendacj\u0105 <a href=\"https:\/\/wydarzenia.interia.pl\/tematy-pis,gsbi,6580\" target=\"_blank\" rel=\"nofollow noopener\">PiS<\/a> &#8211; zosta\u0142a wybrana w pierwszej turze uzyskuj\u0105c ponad 58 proc. g\u0142os\u00f3w. W ubieg\u0142ym roku startowa\u0142a z w\u0142asnego komitetu. W II turze otrzyma\u0142a 52,58 proc.<\/p>\n<p class=\"typography ids-typeset-body ids-typeset-body--preset-large link paragraph ids-paragraph ids-paragraph--default\">Po\u0142o\u017cona na po\u0142udniu wojew\u00f3dztwa \u015bl\u0105skiego gmina Jele\u015bnia jest cz\u0119\u015bci\u0105 \u017bywiecczyzny. Liczy 13,4 tys. mieszka\u0144c\u00f3w.<\/p>\n<ul class=\"typography ids-typeset-body ids-typeset-body--preset-small list--article-list ids-list ids-list--unordered ids-list--size-small \" datatype=\"disc\">\n<li class=\"ids-list-item ids-list-item__content brief-list-item\"><a class=\"ids-undecorated-link link ids-link \" data-spons=\"false\" href=\"https:\/\/wydarzenia.interia.pl\/kraj\/news-po-zabrzu-beda-kolejne-referenda-ekspert-wymienia-trzy-miast,nId,22177984\" rel=\"nofollow noopener\" target=\"_blank\">Po Zabrzu b\u0119d\u0105 kolejne referenda? Ekspert wymienia trzy miasta<\/a><\/li>\n<li class=\"ids-list-item ids-list-item__content brief-list-item\"><a class=\"ids-undecorated-link link ids-link \" data-spons=\"false\" href=\"https:\/\/wydarzenia.interia.pl\/kraj\/news-psl-walczy-o-niemozliwe-stawiam-teze-to-sciema,nId,22435141\" rel=\"nofollow noopener\" target=\"_blank\">PSL walczy o niemo\u017cliwe? &#8222;Stawiam tez\u0119: to \u015bciema&#8221;<\/a><\/li>\n<\/ul>\n<p>USA og\u0142asza now\u0105 strategi\u0119 bezpiecze\u0144stwa. Mucha w &#8221;\u015aniadaniu Rymanowskiego&#8221;: W interesie Rosji jest rozbi\u0107 sojusz Stan\u00f3w Zjednoczonych z Europ\u0105Polsat NewsPolsat News<\/p>\n<p><a class=\"ids-undecorated-link source ids-page-info--source__link\" href=\"https:\/\/p.iplsc.com\/-\/000L0SCEGA4O3ESS.pdf\" rel=\"nofollow noopener\" target=\"_blank\"><img decoding=\"async\" class=\"ids-image-holder__img\" loading=\"lazy\" alt=\"\" title=\"\" height=\"24px\" src=\"https:\/\/www.europesays.com\/pl\/wp-content\/uploads\/2025\/11\/1763506629_520_0009A6098CYXTC6T-C202-F4.webp.webp\"\/><\/a><\/p>\n<p>Masz sugestie, uwagi albo widzisz b\u0142\u0105d? Napisz do nas<\/p>\n","protected":false},"excerpt":{"rendered":"Referenda dotycz\u0105ce odwo\u0142ania burmistrz Cieszyna i w\u00f3jt Jele\u015bni okaza\u0142y si\u0119 niewa\u017cne z powodu niskiej frekwencji. W Cieszynie do&hellip;\n","protected":false},"author":2,"featured_media":138878,"comment_status":"","ping_status":"","sticky":false,"template":"","format":"standard","meta":{"footnotes":""},"categories":[5],"tags":[32,33,36,37,27,34,35,28,31,25,42,38,40,39,41,29,30,26],"class_list":{"0":"post-138877","1":"post","2":"type-post","3":"status-publish","4":"format-standard","5":"has-post-thumbnail","7":"category-naglowki","8":"tag-breaking-news","9":"tag-breakingnews","10":"tag-featured-news","11":"tag-featurednews","12":"tag-headlines","13":"tag-latest-news","14":"tag-latestnews","15":"tag-naglowki","16":"tag-najwazniejsze-artykuly","17":"tag-news","18":"tag-pl","19":"tag-poland","20":"tag-polish","21":"tag-polska","22":"tag-polski","23":"tag-top-stories","24":"tag-topstories","25":"tag-wiadomosci"},"share_on_mastodon":{"url":"https:\/\/pubeurope.com\/@pl\/115683427966101246","error":""},"_links":{"self":[{"href":"https:\/\/www.europesays.com\/pl\/wp-json\/wp\/v2\/posts\/138877","targetHints":{"allow":["GET"]}}],"collection":[{"href":"https:\/\/www.europesays.com\/pl\/wp-json\/wp\/v2\/posts"}],"about":[{"href":"https:\/\/www.europesays.com\/pl\/wp-json\/wp\/v2\/types\/post"}],"author":[{"embeddable":true,"href":"https:\/\/www.europesays.com\/pl\/wp-json\/wp\/v2\/users\/2"}],"replies":[{"embeddable":true,"href":"https:\/\/www.europesays.com\/pl\/wp-json\/wp\/v2\/comments?post=138877"}],"version-history":[{"count":0,"href":"https:\/\/www.europesays.com\/pl\/wp-json\/wp\/v2\/posts\/138877\/revisions"}],"wp:featuredmedia":[{"embeddable":true,"href":"https:\/\/www.europesays.com\/pl\/wp-json\/wp\/v2\/media\/138878"}],"wp:attachment":[{"href":"https:\/\/www.europesays.com\/pl\/wp-json\/wp\/v2\/media?parent=138877"}],"wp:term":[{"taxonomy":"category","embeddable":true,"href":"https:\/\/www.europesays.com\/pl\/wp-json\/wp\/v2\/categories?post=138877"},{"taxonomy":"post_tag","embeddable":true,"href":"https:\/\/www.europesays.com\/pl\/wp-json\/wp\/v2\/tags?post=138877"}],"curies":[{"name":"wp","href":"https:\/\/api.w.org\/{rel}","templated":true}]}}