{"id":138898,"date":"2025-12-08T10:29:12","date_gmt":"2025-12-08T10:29:12","guid":{"rendered":"https:\/\/www.europesays.com\/pl\/138898\/"},"modified":"2025-12-08T10:29:12","modified_gmt":"2025-12-08T10:29:12","slug":"xabi-alonso-uderzyl-w-sedziego-az-sie-palil-zeby-dac-mu-kartke","status":"publish","type":"post","link":"https:\/\/www.europesays.com\/pl\/138898\/","title":{"rendered":"Xabi Alonso uderzy\u0142 w s\u0119dziego. &#8222;A\u017c si\u0119 pali\u0142, \u017ceby da\u0107 mu kartk\u0119&#8221;"},"content":{"rendered":"<p>Real Madryt w niedziel\u0119 przegra\u0142 0:2 z Celt\u0105 Vigo w rozgrywkach La Liga, a mecz ko\u0144czy\u0142 w dziewi\u0105tk\u0119. Po spotkaniu Xabi Alonso nie zostawi\u0142 suchej nitki na arbitrze.<\/p>\n<p>Ligowe wyniki &#8222;Kr\u00f3lewskich&#8221; w ostatnim czasie pozostawiaj\u0105 wiele do \u017cyczenia. Z pi\u0119ciu ostatnich mecz\u00f3w w La Liga Real wygra\u0142 zaledwie jeden.<\/p>\n<p>Dalsza cz\u0119\u015b\u0107 tekstu pod wideo<\/p>\n<p>W niedziel\u0119 wicemistrzowie kraju przegrali 0:2 z Celt\u0105 Vigo. Mecz ko\u0144czyli w dziewi\u0105tk\u0119, bo czerwone kartki obejrzeli Fran Garcia oraz Alvaro Carreras.<\/p>\n<p>Po meczu sporych pretensji do arbitra nie ukrywa\u0142 Xabi Alonso. Uwa\u017ca, \u017ce arbiter wr\u0119cz nie m\u00f3g\u0142 si\u0119 doczeka\u0107, aby wyrzuci\u0107 Carrerasa z boiska.<\/p>\n<p>&#8211; Decyzje s\u0119dziego doprowadza\u0142y nas do szale\u0144stwa. A\u017c si\u0119 pali\u0142, aby da\u0107 kartk\u0119 Alvaro Carrerasowi. S\u0119dziowanie by\u0142o bardzo s\u0142abe &#8211; powiedzia\u0142 Alonso na konferencji prasowej.<\/p>\n<p>&#8211; Decyzje s\u0119dziego doprowadza\u0142y nas po prostu do sza\u0142u. Czerwona kartka dla Carrerasa by\u0142a czym\u015b, czego wyra\u017anie oczekiwa\u0142 &#8211; wypali\u0142.<\/p>\n<p>&#8211; Pozwala\u0142 Celcie marnowa\u0107 czas, nigdy ich nawet nie ostrzeg\u0142. Za ka\u017cdym razem przerywa\u0142 gr\u0119. Nienawidz\u0119 jego wyst\u0119pu &#8211; zako\u0144czy\u0142.<\/p>\n","protected":false},"excerpt":{"rendered":"Real Madryt w niedziel\u0119 przegra\u0142 0:2 z Celt\u0105 Vigo w rozgrywkach La Liga, a mecz ko\u0144czy\u0142 w dziewi\u0105tk\u0119.&hellip;\n","protected":false},"author":2,"featured_media":93232,"comment_status":"","ping_status":"","sticky":false,"template":"","format":"standard","meta":{"footnotes":""},"categories":[5],"tags":[32,33,36,37,27,34,35,28,31,25,42,38,40,39,41,29,30,26],"class_list":{"0":"post-138898","1":"post","2":"type-post","3":"status-publish","4":"format-standard","5":"has-post-thumbnail","7":"category-naglowki","8":"tag-breaking-news","9":"tag-breakingnews","10":"tag-featured-news","11":"tag-featurednews","12":"tag-headlines","13":"tag-latest-news","14":"tag-latestnews","15":"tag-naglowki","16":"tag-najwazniejsze-artykuly","17":"tag-news","18":"tag-pl","19":"tag-poland","20":"tag-polish","21":"tag-polska","22":"tag-polski","23":"tag-top-stories","24":"tag-topstories","25":"tag-wiadomosci"},"share_on_mastodon":{"url":"https:\/\/pubeurope.com\/@pl\/115683483134299208","error":""},"_links":{"self":[{"href":"https:\/\/www.europesays.com\/pl\/wp-json\/wp\/v2\/posts\/138898","targetHints":{"allow":["GET"]}}],"collection":[{"href":"https:\/\/www.europesays.com\/pl\/wp-json\/wp\/v2\/posts"}],"about":[{"href":"https:\/\/www.europesays.com\/pl\/wp-json\/wp\/v2\/types\/post"}],"author":[{"embeddable":true,"href":"https:\/\/www.europesays.com\/pl\/wp-json\/wp\/v2\/users\/2"}],"replies":[{"embeddable":true,"href":"https:\/\/www.europesays.com\/pl\/wp-json\/wp\/v2\/comments?post=138898"}],"version-history":[{"count":0,"href":"https:\/\/www.europesays.com\/pl\/wp-json\/wp\/v2\/posts\/138898\/revisions"}],"wp:featuredmedia":[{"embeddable":true,"href":"https:\/\/www.europesays.com\/pl\/wp-json\/wp\/v2\/media\/93232"}],"wp:attachment":[{"href":"https:\/\/www.europesays.com\/pl\/wp-json\/wp\/v2\/media?parent=138898"}],"wp:term":[{"taxonomy":"category","embeddable":true,"href":"https:\/\/www.europesays.com\/pl\/wp-json\/wp\/v2\/categories?post=138898"},{"taxonomy":"post_tag","embeddable":true,"href":"https:\/\/www.europesays.com\/pl\/wp-json\/wp\/v2\/tags?post=138898"}],"curies":[{"name":"wp","href":"https:\/\/api.w.org\/{rel}","templated":true}]}}