{"id":139021,"date":"2025-12-08T11:45:07","date_gmt":"2025-12-08T11:45:07","guid":{"rendered":"https:\/\/www.europesays.com\/pl\/139021\/"},"modified":"2025-12-08T11:45:07","modified_gmt":"2025-12-08T11:45:07","slug":"relokacja-migrantow-jest-decyzja-ws-polski","status":"publish","type":"post","link":"https:\/\/www.europesays.com\/pl\/139021\/","title":{"rendered":"Relokacja migrant\u00f3w. Jest decyzja ws. Polski"},"content":{"rendered":"<p>Szef MSWiA Marcin Kierwi\u0144ski poinformowa\u0142 w\u00a0poniedzia\u0142ek w\u00a0Brukseli, \u017ce ministrowie spraw wewn\u0119trznych pa\u0144stw UE wst\u0119pnie zatwierdzili plan Komisji Europejskiej dotycz\u0105cy mechanizmu solidarno\u015bciowego. Jak podaje PAP, w\u00a0tym uzgodnieniu uwzgl\u0119dniono zwolnienie Polski z\u00a0obowi\u0105zk\u00f3w relokacyjnych oraz op\u0142at.<\/p>\n<p>&#8211; Polska jest zwolniona z\u00a0jakiegokolwiek mechanizmu relokacji, zwolniona tak\u017ce z\u00a0jakichkolwiek koszt\u00f3w z\u00a0tym zwi\u0105zanych. W\u00a0tym zakresie wydaje si\u0119, \u017ce osi\u0105gn\u0119li\u015bmy wszystko, co chcieli\u015bmy &#8211;\u00a0og\u0142osi\u0142 szef MSWiA.<\/p>\n<p>Agnieszka Kaczorowska po\u00a0raz pierwszy o\u00a0rozwodzie. &#8222;Ciesz\u0119 si\u0119, \u017ce nie trwa\u0142 latami, tylko sko\u0144czy\u0142o si\u0119 na\u00a0pierwszej rozprawie&#8221; (WIDEO) <\/p>\n<p>Wed\u0142ug Kierwi\u0144skiego dyskusja w\u00a0gronie unijnych ministr\u00f3w by\u0142a intensywna i\u00a0ujawni\u0142a r\u00f3\u017cnice interes\u00f3w mi\u0119dzy stolicami. &#8211;\u00a0Dyskusja by\u0142a gor\u0105ca tak naprawd\u0119, bo z\u00a0tych rozwi\u0105za\u0144 nie wszystkie kraje europejskie s\u0105 zadowolone. Niezadowolone s\u0105 kraje po\u0142udnia &#8211;\u00a0podkre\u015bli\u0142.<\/p>\n<p> &#8211;\u00a0Uwagi, kt\u00f3re podnosz\u0105 kraje po\u0142udniowe, to jest tak naprawd\u0119 miar\u0105 tego, jak wielk\u0105 drog\u0119 przeszli\u015bmy jako Polska &#8211;\u00a0powiedzia\u0142 Kierwi\u0144ski.<\/p>\n<p>Zgodnie z\u00a0opisem mechanizmu solidarno\u015bciowego ka\u017cde pa\u0144stwo cz\u0142onkowskie ma mo\u017cliwo\u015b\u0107 wyboru formy wk\u0142adu: relokacj\u0119, wp\u0142at\u0119 finansow\u0105 w\u00a0wysoko\u015bci 20 tys. euro za ka\u017cd\u0105 nieprzyj\u0119t\u0105 osob\u0119 lub wsparcie operacyjne, np. delegowanie personelu. Pakt migracyjny przewiduje zwolnienia dla kraj\u00f3w znajduj\u0105cych si\u0119 w\u00a0trudnej sytuacji migracyjnej, co \u2013\u00a0jak wskaza\u0142 polski resort \u2013\u00a0zastosowano wobec Polski.<\/p>\n","protected":false},"excerpt":{"rendered":"Szef MSWiA Marcin Kierwi\u0144ski poinformowa\u0142 w\u00a0poniedzia\u0142ek w\u00a0Brukseli, \u017ce ministrowie spraw wewn\u0119trznych pa\u0144stw UE wst\u0119pnie zatwierdzili plan Komisji Europejskiej&hellip;\n","protected":false},"author":2,"featured_media":139022,"comment_status":"","ping_status":"","sticky":false,"template":"","format":"standard","meta":{"footnotes":""},"categories":[12],"tags":[32,33,36,37,27,34,35,28,31,25,42,38,40,39,41,29,30,26],"class_list":{"0":"post-139021","1":"post","2":"type-post","3":"status-publish","4":"format-standard","5":"has-post-thumbnail","7":"category-polska","8":"tag-breaking-news","9":"tag-breakingnews","10":"tag-featured-news","11":"tag-featurednews","12":"tag-headlines","13":"tag-latest-news","14":"tag-latestnews","15":"tag-naglowki","16":"tag-najwazniejsze-artykuly","17":"tag-news","18":"tag-pl","19":"tag-poland","20":"tag-polish","21":"tag-polska","22":"tag-polski","23":"tag-top-stories","24":"tag-topstories","25":"tag-wiadomosci"},"share_on_mastodon":{"url":"https:\/\/pubeurope.com\/@pl\/115683781880163943","error":""},"_links":{"self":[{"href":"https:\/\/www.europesays.com\/pl\/wp-json\/wp\/v2\/posts\/139021","targetHints":{"allow":["GET"]}}],"collection":[{"href":"https:\/\/www.europesays.com\/pl\/wp-json\/wp\/v2\/posts"}],"about":[{"href":"https:\/\/www.europesays.com\/pl\/wp-json\/wp\/v2\/types\/post"}],"author":[{"embeddable":true,"href":"https:\/\/www.europesays.com\/pl\/wp-json\/wp\/v2\/users\/2"}],"replies":[{"embeddable":true,"href":"https:\/\/www.europesays.com\/pl\/wp-json\/wp\/v2\/comments?post=139021"}],"version-history":[{"count":0,"href":"https:\/\/www.europesays.com\/pl\/wp-json\/wp\/v2\/posts\/139021\/revisions"}],"wp:featuredmedia":[{"embeddable":true,"href":"https:\/\/www.europesays.com\/pl\/wp-json\/wp\/v2\/media\/139022"}],"wp:attachment":[{"href":"https:\/\/www.europesays.com\/pl\/wp-json\/wp\/v2\/media?parent=139021"}],"wp:term":[{"taxonomy":"category","embeddable":true,"href":"https:\/\/www.europesays.com\/pl\/wp-json\/wp\/v2\/categories?post=139021"},{"taxonomy":"post_tag","embeddable":true,"href":"https:\/\/www.europesays.com\/pl\/wp-json\/wp\/v2\/tags?post=139021"}],"curies":[{"name":"wp","href":"https:\/\/api.w.org\/{rel}","templated":true}]}}