{"id":13903,"date":"2025-09-24T19:29:07","date_gmt":"2025-09-24T19:29:07","guid":{"rendered":"https:\/\/www.europesays.com\/pl\/13903\/"},"modified":"2025-09-24T19:29:07","modified_gmt":"2025-09-24T19:29:07","slug":"marco-rubio-spotkal-sie-z-siergiejem-lawrowem-przekazal-wyrazny-komunikat","status":"publish","type":"post","link":"https:\/\/www.europesays.com\/pl\/13903\/","title":{"rendered":"Marco Rubio spotka\u0142 si\u0119 z Siergiejem \u0141awrowem. Przekaza\u0142 wyra\u017any komunikat"},"content":{"rendered":"<p class=\"ods-c-paragraph\">Jak poinformowa\u0142 w dwuzdaniowym komunikacie ameryka\u0144ski resort dyplomacji, podczas ich spotkania w Nowym Jorku przy okazji 80. sesji Zgromadzenia Og\u00f3lnego ONZ Marco Rubio powt\u00f3rzy\u0142 dotychczasowe stanowisko Stan\u00f3w Zjednoczonych.<\/p>\n<p>Dalszy ci\u0105g artyku\u0142u pod materia\u0142em wideo<\/p>\n<p class=\"ods-c-paragraph\">&#8222;Sekretarz powt\u00f3rzy\u0142 wezwanie prezydenta Trumpa, by zaprzesta\u0107 zabijania i by Moskwa podj\u0119\u0142a znacz\u0105ce kroki w kierunku trwa\u0142ego zako\u0144czenia wojny rosyjsko-ukrai\u0144skiej&#8221; \u2014 napisano.<\/p>\n<p>Kolejne mocne s\u0142owa z USA na temat Rosji<\/p>\n<p class=\"ods-c-paragraph\">Do spotkania szef\u00f3w dyplomacji USA i Rosji dosz\u0142o dzie\u0144 po tym, jak <a href=\"https:\/\/wiadomosci.onet.pl\/swiat\/donald-trump-nagle-zmienia-zdanie-o-szansach-ukrainy\/745958t\" id=\"7df415c6-49fa-4955-836f-0df46a378e3d\" rel=\"nofollow noopener\" target=\"_blank\">Trump spotka\u0142 si\u0119 z prezydentem Ukrainy Wo\u0142odymyrem Ze\u0142enskim i stwierdzi\u0142, \u017ce Ukraina przy pomocy Europy jest w stanie odzyska\u0107 zagarni\u0119te przez Moskw\u0119 terytoria, nazywaj\u0105c Rosj\u0119 &#8222;papierowym tygrysem&#8221;.<\/a> Trump we wtorek r\u00f3wnie\u017c popar\u0142 zestrzeliwanie rosyjskich samolot\u00f3w, kt\u00f3re naruszaj\u0105 przestrze\u0144 powietrzn\u0105 NATO.<\/p>\n<p class=\"ods-c-paragraph\">Rubio we wtorek ostrzeg\u0142 Rosj\u0119 podczas posiedzenia Rady Bezpiecze\u0144stwa ONZ, \u017ce cierpliwo\u015b\u0107 Trumpa nie jest nieograniczona i jest on gotowy na\u0142o\u017cy\u0107 sankcje oraz sprzeda\u0107 Ukrainie wi\u0119ksz\u0105 ilo\u015b\u0107 broni.<\/p>\n<p class=\"ods-c-paragraph\">Rosyjskie MSZ jak dot\u0105d nie opublikowa\u0142o swojego komunikatu z rozmowy.<\/p>\n","protected":false},"excerpt":{"rendered":"Jak poinformowa\u0142 w dwuzdaniowym komunikacie ameryka\u0144ski resort dyplomacji, podczas ich spotkania w Nowym Jorku przy okazji 80. sesji&hellip;\n","protected":false},"author":2,"featured_media":13904,"comment_status":"","ping_status":"","sticky":false,"template":"","format":"standard","meta":{"footnotes":""},"categories":[14],"tags":[32,33,44,27,34,35,4894,5190,28,31,48,160,25,46,40,41,87,47,5189,80,29,30,415,71,26,309,82,83,84],"class_list":{"0":"post-13903","1":"post","2":"type-post","3":"status-publish","4":"format-standard","5":"has-post-thumbnail","7":"category-swiat","8":"tag-breaking-news","9":"tag-breakingnews","10":"tag-donald_trump","11":"tag-headlines","12":"tag-latest-news","13":"tag-latestnews","14":"tag-livebar_tst0","15":"tag-marco_rubio","16":"tag-naglowki","17":"tag-najwazniejsze-artykuly","18":"tag-nat_styl","19":"tag-nato","20":"tag-news","21":"tag-omp","22":"tag-polish","23":"tag-polski","24":"tag-rosja","25":"tag-screening_general","26":"tag-siergiej_lawrow","27":"tag-swiat","28":"tag-top-stories","29":"tag-topstories","30":"tag-ukraina","31":"tag-usa","32":"tag-wiadomosci","33":"tag-wolodymyr_zelenski","34":"tag-world","35":"tag-world-news","36":"tag-worldnews"},"share_on_mastodon":{"url":"","error":""},"_links":{"self":[{"href":"https:\/\/www.europesays.com\/pl\/wp-json\/wp\/v2\/posts\/13903","targetHints":{"allow":["GET"]}}],"collection":[{"href":"https:\/\/www.europesays.com\/pl\/wp-json\/wp\/v2\/posts"}],"about":[{"href":"https:\/\/www.europesays.com\/pl\/wp-json\/wp\/v2\/types\/post"}],"author":[{"embeddable":true,"href":"https:\/\/www.europesays.com\/pl\/wp-json\/wp\/v2\/users\/2"}],"replies":[{"embeddable":true,"href":"https:\/\/www.europesays.com\/pl\/wp-json\/wp\/v2\/comments?post=13903"}],"version-history":[{"count":0,"href":"https:\/\/www.europesays.com\/pl\/wp-json\/wp\/v2\/posts\/13903\/revisions"}],"wp:featuredmedia":[{"embeddable":true,"href":"https:\/\/www.europesays.com\/pl\/wp-json\/wp\/v2\/media\/13904"}],"wp:attachment":[{"href":"https:\/\/www.europesays.com\/pl\/wp-json\/wp\/v2\/media?parent=13903"}],"wp:term":[{"taxonomy":"category","embeddable":true,"href":"https:\/\/www.europesays.com\/pl\/wp-json\/wp\/v2\/categories?post=13903"},{"taxonomy":"post_tag","embeddable":true,"href":"https:\/\/www.europesays.com\/pl\/wp-json\/wp\/v2\/tags?post=13903"}],"curies":[{"name":"wp","href":"https:\/\/api.w.org\/{rel}","templated":true}]}}