{"id":139051,"date":"2025-12-08T12:00:12","date_gmt":"2025-12-08T12:00:12","guid":{"rendered":"https:\/\/www.europesays.com\/pl\/139051\/"},"modified":"2025-12-08T12:00:12","modified_gmt":"2025-12-08T12:00:12","slug":"smartwings-nie-dla-polskiego-lot-u-pegasus-airlines-licytuje-najwyzej","status":"publish","type":"post","link":"https:\/\/www.europesays.com\/pl\/139051\/","title":{"rendered":"Smartwings nie dla polskiego LOT-u. Pegasus Airlines licytuje najwy\u017cej"},"content":{"rendered":"<p data-section=\"detail-body\">W weekend w sieci pojawi\u0142y si\u0119 zdj\u0119cia rzekomo wykonane w siedzibie LOT-u, sugeruj\u0105ce przygotowania do og\u0142oszenia transakcji. Cho\u0107 mog\u0142y by\u0107 fotomonta\u017cem, wpisywa\u0142y si\u0119 w powszechne przekonanie, \u017ce sp\u00f3\u0142ka jest o krok od sukcesu. Oficjalne potwierdzenie mia\u0142o pa\u015b\u0107 w poniedzia\u0142ek 8 grudnia lub najp\u00f3\u017aniej 10 grudnia.<\/p>\n<p class=\"article_p\" data-section=\"detail-body\">Czytaj te\u017c:<a href=\"https:\/\/businessinsider.com.pl\/wiadomosci\/zmiany-w-przepisach-ue-oplaty-za-bagaz-podreczny-i-dluzsze-progi-odszkodowan\/b53l7hc\" id=\"46bef8ad-fe29-4b8c-a80d-48fbb7eb829a\" rel=\"nofollow noopener\" target=\"_blank\"> Koniec z ulgami dla pasa\u017cer\u00f3w. Bruksela idzie na r\u0119k\u0119 liniom lotniczym <\/a><\/p>\n<p>        Pegasus przebija konkurent\u00f3w<\/p>\n<p class=\"article_p\" data-section=\"detail-body\">Sytuacja zmieni\u0142a si\u0119 w niedziel\u0119 wieczorem. Wed\u0142ug ustale\u0144 Rzeczpospolitej, niskokosztowa turecka linia Pegasus Airlines zwi\u0119kszy\u0142a swoj\u0105 ofert\u0119 o 10 mln euro i z\u0142o\u017cy\u0142 Czechom propozycj\u0119 opiewaj\u0105c\u0105 na 40 mln euro, daj\u0105c im zaledwie kilka godzin na decyzj\u0119. Konkurentami LOT-u by\u0142y jeszcze Eurowings z Grupy Lufthansa oraz SunExpress \u2014 turecko-niemieckie joint venture Turkish Airlines i Grupy Lufthansy. Pegasus okaza\u0142 si\u0119 zwyci\u0119zc\u0105.<\/p>\n<p class=\"article_p\" data-section=\"detail-body\">W\u0142a\u015bciciel Smartwingsa, Ji\u0159\u00ed \u0160im\u00e1n\u011b, poszukiwa\u0142 kupca od 2022 r. Poprzednie rozmowy \u2014 z izraelskim Israirem \u2014 zako\u0144czy\u0142y si\u0119 fiaskiem po trzech latach negocjacji. LOT powa\u017cnie zainteresowa\u0142 si\u0119 Smartwings dopiero na pocz\u0105tku lata 2025 r., b\u0119d\u0105c w\u00f3wczas jedynym oferentem i maj\u0105c szans\u0119 na znacznie ta\u0144sze przej\u0119cie. Entuzjazmu jednak nie wykaza\u0142 udzia\u0142owiec polskiego przewo\u017anika, Polska Grupa Lotnicza.<\/p>\n<p>            Czytaj tak\u017ce w BUSINESS INSIDER<\/p>\n<p>        Potrzeba zgody z Brukseli<\/p>\n<p class=\"article_p\" data-section=\"detail-body\">Czeski rynek po upadku CSA pozosta\u0142 bez tradycyjnego przewo\u017anika sieciowego. Smartwings dzia\u0142a jako linia hybrydowa: po\u0142ow\u0119 dzia\u0142alno\u015bci stanowi\u0105 czartery (tak\u017ce w Polsce), reszt\u0119 \u2014 rejsy rozk\u0142adowe oraz leasing samolot\u00f3w. Flota sp\u00f3\u0142ki obejmuje 45 maszyn (A220-300, A320, B737 MAX i NG), w pe\u0142ni kompatybilnych zar\u00f3wno z LOT-em, jak i z Pegasusem, kt\u00f3ry posiada 112 samolot\u00f3w z rodziny A320neo oraz cz\u0119\u015b\u0107 Boeing\u00f3w 737.<\/p>\n<p class=\"article_p\" data-section=\"detail-body\">Przej\u0119cie Smartwingsa przez inwestora spoza UE musi jeszcze zatwierdzi\u0107 Komisja Europejska.<\/p>\n","protected":false},"excerpt":{"rendered":"W weekend w sieci pojawi\u0142y si\u0119 zdj\u0119cia rzekomo wykonane w siedzibie LOT-u, sugeruj\u0105ce przygotowania do og\u0142oszenia transakcji. Cho\u0107&hellip;\n","protected":false},"author":2,"featured_media":139052,"comment_status":"","ping_status":"","sticky":false,"template":"","format":"standard","meta":{"footnotes":""},"categories":[5],"tags":[32,33,36,37,27,34,35,28,31,25,42,38,40,39,41,29,30,26],"class_list":{"0":"post-139051","1":"post","2":"type-post","3":"status-publish","4":"format-standard","5":"has-post-thumbnail","7":"category-naglowki","8":"tag-breaking-news","9":"tag-breakingnews","10":"tag-featured-news","11":"tag-featurednews","12":"tag-headlines","13":"tag-latest-news","14":"tag-latestnews","15":"tag-naglowki","16":"tag-najwazniejsze-artykuly","17":"tag-news","18":"tag-pl","19":"tag-poland","20":"tag-polish","21":"tag-polska","22":"tag-polski","23":"tag-top-stories","24":"tag-topstories","25":"tag-wiadomosci"},"share_on_mastodon":{"url":"https:\/\/pubeurope.com\/@pl\/115683840862549845","error":""},"_links":{"self":[{"href":"https:\/\/www.europesays.com\/pl\/wp-json\/wp\/v2\/posts\/139051","targetHints":{"allow":["GET"]}}],"collection":[{"href":"https:\/\/www.europesays.com\/pl\/wp-json\/wp\/v2\/posts"}],"about":[{"href":"https:\/\/www.europesays.com\/pl\/wp-json\/wp\/v2\/types\/post"}],"author":[{"embeddable":true,"href":"https:\/\/www.europesays.com\/pl\/wp-json\/wp\/v2\/users\/2"}],"replies":[{"embeddable":true,"href":"https:\/\/www.europesays.com\/pl\/wp-json\/wp\/v2\/comments?post=139051"}],"version-history":[{"count":0,"href":"https:\/\/www.europesays.com\/pl\/wp-json\/wp\/v2\/posts\/139051\/revisions"}],"wp:featuredmedia":[{"embeddable":true,"href":"https:\/\/www.europesays.com\/pl\/wp-json\/wp\/v2\/media\/139052"}],"wp:attachment":[{"href":"https:\/\/www.europesays.com\/pl\/wp-json\/wp\/v2\/media?parent=139051"}],"wp:term":[{"taxonomy":"category","embeddable":true,"href":"https:\/\/www.europesays.com\/pl\/wp-json\/wp\/v2\/categories?post=139051"},{"taxonomy":"post_tag","embeddable":true,"href":"https:\/\/www.europesays.com\/pl\/wp-json\/wp\/v2\/tags?post=139051"}],"curies":[{"name":"wp","href":"https:\/\/api.w.org\/{rel}","templated":true}]}}