{"id":139063,"date":"2025-12-08T12:06:08","date_gmt":"2025-12-08T12:06:08","guid":{"rendered":"https:\/\/www.europesays.com\/pl\/139063\/"},"modified":"2025-12-08T12:06:08","modified_gmt":"2025-12-08T12:06:08","slug":"nasz-news-trwa-zamach-polityczny-na-prezesa-nbp","status":"publish","type":"post","link":"https:\/\/www.europesays.com\/pl\/139063\/","title":{"rendered":"NASZ NEWS. Trwa zamach polityczny na prezesa NBP!"},"content":{"rendered":"<p>W\u00a0Narodowym Banku Polskim trwa polityczny zamach wymierzony w\u00a0prezesa prof. Adama Glapi\u0144skiego. Koalicja pi\u0119ciu cz\u0142onk\u00f3w zarz\u0105du, wywodz\u0105cych si\u0119 ze\u00a0\u015brodowisk prawicowych, od\u00a0kilku tygodni pr\u00f3buje odebra\u0107 prezesowi NBP kluczowe kompetencje, proponuj\u0105c likwidacj\u0119 wa\u017cnych departament\u00f3w, i\u00a0d\u0105\u017c\u0105c do\u00a0przej\u0119cia kontroli nad wydatkami &#8211; ustali\u0142a Telewizja\u00a0wPolsce24.<\/p>\n<p>Je\u015bli plan ten zostanie zrealizowany, prezes NBP nie b\u0119dzie mia\u0142 w\u0142adzy w\u00a0banku, i\u00a0b\u0119dzie musia\u0142 odej\u015b\u0107 \u2013 a\u00a0tym samym odda\u0107 bank w\u00a0r\u0119ce Koalicji 13\u00a0grudnia, co\u00a0z\u00a0kolei otworzy drog\u0119 do\u00a0przyj\u0119cia euro i\u00a0oddania polskich rezerw z\u0142ota pod kontrol\u0119\u00a0Brukseli. <\/p>\n<p>W\u00a0gronie cz\u0142onk\u00f3w zarz\u0105du, kt\u00f3rzy realizuj\u0105 ten plan, Pawe\u0142 Mucha, od\u00a0dawna atakuj\u0105cy prezesa NBP, a\u00a0tak\u017ce Marta Gaj\u0119cka, Rafa\u0142 Sura, Piotr Pogonowski oraz Artur\u00a0Sobo\u0144.<\/p>\n<p>Wed\u0142ug naszych \u017ar\u00f3de\u0142, motywacje tych os\u00f3b maj\u0105 charakter w\u0105sko partykularny. Nie jest wykluczony tak\u017ce udzia\u0142 s\u0142u\u017cb specjalnych w\u00a0operacji, kt\u00f3ra \u2013 podkre\u015blmy \u2013 ma\u00a0doprowadzi\u0107 do\u00a0oddania w\u0142adzy w\u00a0NBP ekipie Tuska. O\u00a0szczeg\u00f3\u0142ach sprawy b\u0119dzie\u00a0informowa\u0107.<\/p>\n<p>Do\u00a0ca\u0142ej sytuacji na\u00a0antenie Telewizji wPolsce24 odni\u00f3s\u0142 si\u0119 red. Jacek Karnowski.<\/p>\n<blockquote>\n<p>To\u00a0jest jaka\u015b rozr\u00f3ba z\u00a0ma\u0142ych intencji, ma\u0142ych motywacji. (\u2026) Oddawanie na\u00a0tacy NBP ekipie Koalicji 13\u00a0grudnia to\u00a0jest z\u00a0perspektywy polskiej racji stanu po\u00a0prostu zbrodnia, kt\u00f3rej historia nie zapomni. Dobrze, \u017ceby ludzie, kt\u00f3rzy si\u0119 w\u00a0to\u00a0zaanga\u017cowali, mieli tego\u00a0\u015bwiadomo\u015b\u0107<\/p>\n<\/blockquote>\n<p>\u2014 m\u00f3wi\u0142 Jacek\u00a0Karnowski.<\/p>\n<p>tkwl\/Telewizja\u00a0wPolsce24<\/p>\n","protected":false},"excerpt":{"rendered":"W\u00a0Narodowym Banku Polskim trwa polityczny zamach wymierzony w\u00a0prezesa prof. Adama Glapi\u0144skiego. Koalicja pi\u0119ciu cz\u0142onk\u00f3w zarz\u0105du, wywodz\u0105cych si\u0119 ze\u00a0\u015brodowisk&hellip;\n","protected":false},"author":2,"featured_media":139064,"comment_status":"","ping_status":"","sticky":false,"template":"","format":"standard","meta":{"footnotes":""},"categories":[12],"tags":[32,33,36,37,27,34,35,28,31,25,42,38,40,39,41,29,30,26],"class_list":{"0":"post-139063","1":"post","2":"type-post","3":"status-publish","4":"format-standard","5":"has-post-thumbnail","7":"category-polska","8":"tag-breaking-news","9":"tag-breakingnews","10":"tag-featured-news","11":"tag-featurednews","12":"tag-headlines","13":"tag-latest-news","14":"tag-latestnews","15":"tag-naglowki","16":"tag-najwazniejsze-artykuly","17":"tag-news","18":"tag-pl","19":"tag-poland","20":"tag-polish","21":"tag-polska","22":"tag-polski","23":"tag-top-stories","24":"tag-topstories","25":"tag-wiadomosci"},"share_on_mastodon":{"url":"https:\/\/pubeurope.com\/@pl\/115683864616674347","error":""},"_links":{"self":[{"href":"https:\/\/www.europesays.com\/pl\/wp-json\/wp\/v2\/posts\/139063","targetHints":{"allow":["GET"]}}],"collection":[{"href":"https:\/\/www.europesays.com\/pl\/wp-json\/wp\/v2\/posts"}],"about":[{"href":"https:\/\/www.europesays.com\/pl\/wp-json\/wp\/v2\/types\/post"}],"author":[{"embeddable":true,"href":"https:\/\/www.europesays.com\/pl\/wp-json\/wp\/v2\/users\/2"}],"replies":[{"embeddable":true,"href":"https:\/\/www.europesays.com\/pl\/wp-json\/wp\/v2\/comments?post=139063"}],"version-history":[{"count":0,"href":"https:\/\/www.europesays.com\/pl\/wp-json\/wp\/v2\/posts\/139063\/revisions"}],"wp:featuredmedia":[{"embeddable":true,"href":"https:\/\/www.europesays.com\/pl\/wp-json\/wp\/v2\/media\/139064"}],"wp:attachment":[{"href":"https:\/\/www.europesays.com\/pl\/wp-json\/wp\/v2\/media?parent=139063"}],"wp:term":[{"taxonomy":"category","embeddable":true,"href":"https:\/\/www.europesays.com\/pl\/wp-json\/wp\/v2\/categories?post=139063"},{"taxonomy":"post_tag","embeddable":true,"href":"https:\/\/www.europesays.com\/pl\/wp-json\/wp\/v2\/tags?post=139063"}],"curies":[{"name":"wp","href":"https:\/\/api.w.org\/{rel}","templated":true}]}}