{"id":139069,"date":"2025-12-08T12:09:15","date_gmt":"2025-12-08T12:09:15","guid":{"rendered":"https:\/\/www.europesays.com\/pl\/139069\/"},"modified":"2025-12-08T12:09:15","modified_gmt":"2025-12-08T12:09:15","slug":"uczestniczka-rolnik-szuka-zony-nagle-uslyszala-edyte-gorniak-jej-reakcja-mowi-wszystko","status":"publish","type":"post","link":"https:\/\/www.europesays.com\/pl\/139069\/","title":{"rendered":"Uczestniczka &#8222;Rolnik szuka \u017cony&#8221; nagle us\u0142ysza\u0142a Edyt\u0119 G\u00f3rniak. Jej reakcja m\u00f3wi wszystko"},"content":{"rendered":"<p class=\"ods-c-paragraph \">Fina\u0142 12. edycji &#8222;Rolnik szuka \u017cony&#8221; przyni\u00f3s\u0142 widzom sporo emocji. W\u015br\u00f3d par, kt\u00f3re potwierdzi\u0142y dalsz\u0105 relacj\u0119, znale\u017ali si\u0119 Julia i Arek, deklaruj\u0105c ch\u0119\u0107 wsp\u00f3lnego budowania przysz\u0142o\u015bci. W czasie rozmowy z Mart\u0105 Manowsk\u0105 para wr\u00f3ci\u0142a wspomnieniami do pocz\u0105tk\u00f3w swojej relacji, a tak\u017ce do wsp\u00f3lnego wyjazdu, podczas kt\u00f3rego 20-latka pochwali\u0142a si\u0119 swoimi wokalnymi umiej\u0119tno\u015bciami i <a href=\"https:\/\/plejada.pl\/newsy\/zaspiewala-hit-edyty-gorniak-w-rolnik-szuka-zony-wczesniej-wystapila-w-the-voice-kids\/wmls9f2\" id=\"f7cd125f-b439-4e7d-9883-b799f35c4b1e\" rel=\"nofollow noopener\" target=\"_blank\">wykona\u0142a utw\u00f3r Edyty G\u00f3rniak &#8222;Jestem kobiet\u0105&#8221;<\/a>. Wtem \u2014 zupe\u0142nie niespodziewanie \u2014 prowadz\u0105ca przekaza\u0142a wybrance rolnika telefon. Jak si\u0119 okaza\u0142o, artystka widzia\u0142a jej nagranie i chcia\u0142a zwr\u00f3ci\u0107 si\u0119 do niej osobi\u015bcie.<\/p>\n<blockquote class=\"ods-o-quota\">\n<p class=\"ods-o-quota__paragraph\">Dzie\u0144 dobry, Julio. S\u0142ysza\u0142am to nagranie\u2026 O m\u00f3j Bo\u017ce, dziewczyno! Ale ty masz g\u0142os, szczerze m\u00f3wi\u0119. Pi\u0119kny g\u0142os. Naturalny wibrator, pi\u0119kna barwa. Tw\u00f3j g\u0142os pasowa\u0142by do innego mojego utworu \u2014 &#8222;Dotyk&#8221;. Mo\u017cesz spr\u00f3bowa\u0107 kiedy\u015b. Ale to wykonanie &#8222;Jestem kobiet\u0105&#8221;\u2026 o m\u00f3j Bo\u017ce. Naprawd\u0119 gratuluj\u0119 z ca\u0142ego serca<\/p>\n<\/blockquote>\n<p class=\"ods-c-paragraph \">\u2014 powiedzia\u0142a piosenkarka.<\/p>\n<p>Dalszy ci\u0105g artyku\u0142u pod materia\u0142em wideo<\/p>\n<p> Kto wygra\u0142 fina\u0142 12. edycji 'Rolnik szuka \u017cony&#8217;? <\/p>\n<p> Jaki utw\u00f3r za\u015bpiewa\u0142a Julia w programie? <\/p>\n<p> Co powiedzia\u0142a Edyta G\u00f3rniak po wys\u0142uchaniu wyst\u0119pu Julii? <\/p>\n<p> Gdzie studiuje Julia? <\/p>\n<p>  Niespodzianka w finale &#8222;Rolnik szuka \u017cony&#8221;. Nagle us\u0142ysza\u0142a g\u0142os Edyty G\u00f3rniak<\/p>\n<p class=\"ods-c-paragraph \">Uczestniczka by\u0142a wyra\u017anie zaskoczona, kiedy dotar\u0142o do niej, z kim rozmawia. \u2014 Dzi\u0119kuj\u0119 pi\u0119knie\u2026 w og\u00f3le si\u0119 nie spodziewa\u0142am \u2014 przyzna\u0142a wzruszona Julia.<\/p>\n<blockquote class=\"ods-o-quota\">\n<p class=\"ods-o-quota__paragraph\">Mam nadziej\u0119. [&#8230;] Naprawd\u0119 gratuluj\u0119<\/p>\n<\/blockquote>\n<p class=\"ods-c-paragraph \">\u2014 powt\u00f3rzy\u0142a <a href=\"https:\/\/plejada.pl\/edyta-gorniak-piosenkarka\" id=\"83143114-f10a-4a3d-b098-345d2df065c9\" rel=\"nofollow noopener\" target=\"_blank\">Edyta G\u00f3rniak<\/a>.<\/p>\n<blockquote class=\"ods-o-quota\">\n<p class=\"ods-o-quota__paragraph\">Gratulujemy tak\u017ce mi\u0142o\u015bci<\/p>\n<\/blockquote>\n<p class=\"ods-c-paragraph \">\u2014 zaznaczy\u0142a <a href=\"https:\/\/plejada.pl\/marta-manowska\" id=\"d2871c99-9dfd-41e0-a4ba-133ef5e5696d\" rel=\"nofollow noopener\" target=\"_blank\">Marta Manowska<\/a>.<\/p>\n<p><img decoding=\"async\" src=\"https:\/\/www.europesays.com\/pl\/wp-content\/uploads\/2025\/12\/9lTk9lBaHR0cHM6Ly9vY2RuLmV1L3B1bHNjbXMvTURBXy8zYjYwNjZlYzgyNDFkNzcwOWJkYzcxODIwNmI1N2Y2Ni5wbmeRlQLNB.jpeg\" height=\"519\" width=\"940\" alt=\"Kadr z programu &quot;Rolnik szuka \u017cony&quot;\" loading=\"lazy\" class=\"ods-c-image__img ods-c-image__img--viewport-width\"\/><\/p>\n<p>Kadr z programu &#8222;Rolnik szuka \u017cony&#8221;Rolnik szuka \u017cony TVP \/ TVP<\/p>\n<p class=\"ods-c-paragraph \">\u2014 Nie ukrywam, bardzo lubi\u0119 pani\u0105 Edyt\u0119. To poniek\u0105d spe\u0142nienie dzieci\u0119cego marzenia \u2014 doda\u0142a Julia.<\/p>\n<p class=\"ods-c-paragraph \">Przypomnijmy, \u017ce Julia jako 14-latka pr\u00f3bowa\u0142a swoich si\u0142 w &#8222;The Voice Kids&#8221;, gdzie swoje kariery rozpoczyna\u0142y <a href=\"https:\/\/plejada.pl\/roksana-wegiel-piosenkarka\" id=\"ee247392-b591-4c9e-8305-913defb52ae3\" rel=\"nofollow noopener\" target=\"_blank\">Roksana W\u0119giel<\/a> czy <a href=\"https:\/\/plejada.pl\/viki-gabor\" id=\"d18d1517-2fd1-4fb0-b2fc-4d893ed9f46e\" rel=\"nofollow noopener\" target=\"_blank\">Viki Gabor.<\/a> Cho\u0107 nie dosta\u0142a si\u0119 do kolejnego etapu, jej <a href=\"https:\/\/plejada.pl\/newsy\/zaspiewala-hit-edyty-gorniak-w-rolnik-szuka-zony-wczesniej-wystapila-w-the-voice-kids\/wmls9f2\" id=\"8622dc13-975f-462c-814a-015d11abddf2\" rel=\"nofollow noopener\" target=\"_blank\">zdj\u0119cia z castingu<\/a> wci\u0105\u017c mo\u017cna znale\u017a\u0107 w sieci. Obecnie uczestniczka <a href=\"https:\/\/plejada.pl\/rolnik-szuka-zony\" id=\"8c0b9783-db68-46f5-8263-48545505c4f9\" rel=\"nofollow noopener\" target=\"_blank\">&#8222;Rolnik szuka \u017cony&#8221;<\/a> studiuje w Lotniczej Akademii Wojskowej w D\u0119blinie i szkoli si\u0119 na operatora dron\u00f3w.<\/p>\n<p><img decoding=\"async\" src=\"https:\/\/www.europesays.com\/pl\/wp-content\/uploads\/2025\/12\/yyYk9lBaHR0cHM6Ly9vY2RuLmV1L3B1bHNjbXMvTURBXy9lZWYyMzZiMWQ2MjlmZGQxYTdiOTAxMTI0MjZlMjM4YS5wbmeRlQLNB.jpeg\" height=\"521\" width=\"940\" alt=\"Kadr z programu &quot;Rolnik szuka \u017cony&quot;\" loading=\"lazy\" class=\"ods-c-image__img ods-c-image__img--viewport-width\"\/><\/p>\n<p>Kadr z programu &#8222;Rolnik szuka \u017cony&#8221;Rolnik szuka \u017cony TVP \/ TVP<\/p>\n<p class=\"ods-c-paragraph \">Dzi\u0119kujemy, \u017ce przeczyta\u0142a\u015b\/e\u015b nasz artyku\u0142 do ko\u0144ca. W serwisie Plejada.pl ka\u017cdego dnia piszemy o najwa\u017cniejszych wydarzeniach show-biznesowych. B\u0105d\u017a na bie\u017c\u0105co! <a rel=\"nofollow noopener\" href=\"https:\/\/profile.google.com\/cp\/Cg0vZy8xMWJ6X19wdHBx\" id=\"d5f03918-6926-4107-9809-ade065486e8d\" target=\"_blank\">Obserwuj<\/a> Plejad\u0119 w Wiadomo\u015bciach Google. Odwied\u017a nas tak\u017ce na <a rel=\"nofollow noopener\" href=\"https:\/\/www.facebook.com\/plejadapl\" id=\"505ee665-e213-4956-8ed8-57cf6069abb5\" target=\"_blank\">Facebooku<\/a>, <a rel=\"nofollow noopener\" href=\"https:\/\/www.instagram.com\/plejadapl\/\" id=\"484f5093-399b-4a0a-b9c5-316f99b38075\" target=\"_blank\">Instagramie<\/a>, <a rel=\"nofollow noopener\" href=\"https:\/\/www.youtube.com\/c\/plejada\" id=\"f36066f5-5f8e-4604-b0b5-6d2f324b5e63\" target=\"_blank\">YouTube<\/a> oraz <a rel=\"nofollow noopener\" href=\"https:\/\/www.tiktok.com\/@plejada_pl\" id=\"5dbf45ef-cff9-400e-947f-eb7dfe25c5e5\" target=\"_blank\">TikToku<\/a>.<\/p>\n<p class=\"ods-c-paragraph \">Chcesz podzieli\u0107 si\u0119 ciekawym newsem lub zaproponowa\u0107 temat? Skontaktuj si\u0119 z nami, pisz\u0105c e-maila na adres: <a rel=\"nofollow noopener\" href=\"https:\/\/plejada.pl\/newsy\/uczestniczka-rolnik-szuka-zony-nagle-uslyszala-edyte-gorniak-jej-reakcja-mowi\/mailto:plejada@redakcjaonet.pl\" id=\"36d66ed3-3ad4-4986-a255-26cc18cac309\" target=\"_blank\">plejada@redakcjaonet.pl<\/a>.<\/p>\n<p><script async src=\"\/\/www.instagram.com\/embed.js\"><\/script><script async src=\"\/\/www.tiktok.com\/embed.js\"><\/script><\/p>\n","protected":false},"excerpt":{"rendered":"Fina\u0142 12. edycji &#8222;Rolnik szuka \u017cony&#8221; przyni\u00f3s\u0142 widzom sporo emocji. W\u015br\u00f3d par, kt\u00f3re potwierdzi\u0142y dalsz\u0105 relacj\u0119, znale\u017ali si\u0119&hellip;\n","protected":false},"author":2,"featured_media":139070,"comment_status":"","ping_status":"","sticky":false,"template":"","format":"standard","meta":{"footnotes":""},"categories":[22],"tags":[14409,122,3779,48,125,46,42,38,40,39,41,25865,10296,123,47,506],"class_list":{"0":"post-139069","1":"post","2":"type-post","3":"status-publish","4":"format-standard","5":"has-post-thumbnail","7":"category-rozrywka","8":"tag-edyta_gorniak","9":"tag-entertainment","10":"tag-marta_manowska","11":"tag-nat_styl","12":"tag-newsy","13":"tag-omp","14":"tag-pl","15":"tag-poland","16":"tag-polish","17":"tag-polska","18":"tag-polski","19":"tag-rebrand_ai_tst0","20":"tag-rolnik_szuka_zony","21":"tag-rozrywka","22":"tag-screening_general","23":"tag-tvp"},"share_on_mastodon":{"url":"https:\/\/pubeurope.com\/@pl\/115683876432208490","error":""},"_links":{"self":[{"href":"https:\/\/www.europesays.com\/pl\/wp-json\/wp\/v2\/posts\/139069","targetHints":{"allow":["GET"]}}],"collection":[{"href":"https:\/\/www.europesays.com\/pl\/wp-json\/wp\/v2\/posts"}],"about":[{"href":"https:\/\/www.europesays.com\/pl\/wp-json\/wp\/v2\/types\/post"}],"author":[{"embeddable":true,"href":"https:\/\/www.europesays.com\/pl\/wp-json\/wp\/v2\/users\/2"}],"replies":[{"embeddable":true,"href":"https:\/\/www.europesays.com\/pl\/wp-json\/wp\/v2\/comments?post=139069"}],"version-history":[{"count":0,"href":"https:\/\/www.europesays.com\/pl\/wp-json\/wp\/v2\/posts\/139069\/revisions"}],"wp:featuredmedia":[{"embeddable":true,"href":"https:\/\/www.europesays.com\/pl\/wp-json\/wp\/v2\/media\/139070"}],"wp:attachment":[{"href":"https:\/\/www.europesays.com\/pl\/wp-json\/wp\/v2\/media?parent=139069"}],"wp:term":[{"taxonomy":"category","embeddable":true,"href":"https:\/\/www.europesays.com\/pl\/wp-json\/wp\/v2\/categories?post=139069"},{"taxonomy":"post_tag","embeddable":true,"href":"https:\/\/www.europesays.com\/pl\/wp-json\/wp\/v2\/tags?post=139069"}],"curies":[{"name":"wp","href":"https:\/\/api.w.org\/{rel}","templated":true}]}}