{"id":139091,"date":"2025-12-08T12:20:14","date_gmt":"2025-12-08T12:20:14","guid":{"rendered":"https:\/\/www.europesays.com\/pl\/139091\/"},"modified":"2025-12-08T12:20:14","modified_gmt":"2025-12-08T12:20:14","slug":"zamykane-apteki-przestepczy-proceder-czy-niewypal-walki-z-mafia-lekowa","status":"publish","type":"post","link":"https:\/\/www.europesays.com\/pl\/139091\/","title":{"rendered":"Zamykane apteki. Przest\u0119pczy proceder czy niewypa\u0142 walki z &#8222;mafi\u0105 lekow\u0105&#8221;?"},"content":{"rendered":"\n<p>Jest wrzesie\u0144 2025 rok. Pose\u0142 Koalicji Obywatelskiej Patryk Gabriel w\u00a0pi\u015bmie do resortu zdrowia przekonuje, \u017ce &#8222;w ostatnim czasie dochodzi do znacz\u0105cej ilo\u015bci prowadzonych wzgl\u0119dem aptek og\u00f3lnodost\u0119pnych post\u0119powa\u0144 administracyjnych, skutkuj\u0105cych wydawaniem decyzji w\u00a0przedmiocie cofania zezwole\u0144, z\u00a0powo\u0142aniem si\u0119 na niedookre\u015blon\u0105 prawnie przes\u0142ank\u0119 utraty r\u0119kojmi nale\u017cytego prowadzenia apteki&#8221;.<\/p>\n<p>&#8222;Na szczeg\u00f3lne podkre\u015blenie zas\u0142uguje nadto okoliczno\u015b\u0107, na kt\u00f3r\u0105 uwag\u0119 zwr\u00f3cono ju\u017c w\u00a0tre\u015bci interpelacji z\u0142o\u017conej 14 stycznia 2025 roku do minister zdrowia przez pos\u0142a Konfederacji Grzegorza P\u0142aczka, \u017ce g\u0142\u00f3wny inspektor farmaceutyczny na przestrzeni dziewi\u0119cioletniego okresu czasu (2016-2025) zmieni\u0142 stanowisko, w\u00a0zakresie interpretacji przepis\u00f3w prawa dotycz\u0105cych produkt\u00f3w leczniczych mo\u017cliwych do wydawania przez apteki og\u00f3lnodost\u0119pne&#8221; &#8211;\u00a0pisze polityk koalicji rz\u0105dz\u0105cej. <\/p>\n<p>Podkre\u015blmy &#8211;\u00a0polityk KO powo\u0142uje si\u0119 na pytania wys\u0142ane przez polityka Konfederacji. <\/p>\n<p> <img role=\"presentation\" class=\"absolute left-1\/2 top-1\/2 max-h-[80%] max-w-[100px] -translate-x-1\/2 -translate-y-1\/2\" src=\"https:\/\/v.wpimg.pl\/ZXJfd3AudTkrBBIAbg54LGhcRlAxHQUrPgJGH2MAeGJoSQ1eIBI_K2UHAEVuBTY5KQMMXC0RPyoVERQdMgM9ejc\" loading=\"lazy\" decoding=\"async\"\/> <\/p>\n<p>Z kolei sam pose\u0142 Grzegorz P\u0142aczek pyta\u0142 w\u00a0ostatnim czasie kilkukrotnie resort sprawiedliwo\u015bci o\u00a0efekty walki z\u00a0tzw. mafi\u0105 lekow\u0105. I\u00a0podaje, \u017ce za rz\u0105d\u00f3w PiS &#8222;monitorowanych by\u0142o 240 spraw prowadzonych przez prokuratur\u0119, kt\u00f3rych przedmiotem pozostawa\u0142 odwr\u00f3cony \u0142a\u0144cuch dystrybucji lek\u00f3w, a\u00a0na dzie\u0144 sporz\u0105dzenia informacji prowadzonych by\u0142o 45 spraw&#8221;.<\/p>\n<p> <a href=\"https:\/\/portal.abczdrowie.pl\/apteki-boja-sie-zamkniecia-gif-alarmuje-o-groznych-naruszeniach-zjawisko-wysoko-niebezpieczne\/7130058412993024a\" class=\"teaser-inline\" rel=\"nofollow noopener\" target=\"_blank\">  <img decoding=\"async\" src=\"https:\/\/www.europesays.com\/pl\/wp-content\/uploads\/2025\/12\/X2RmOTMud1MzDzlnYg56RnBXbT0kV3QQJ091dmJEagpiFWAkIgcsUz5ALjYuDzxAPRomMWMCKFE2A2EkIVpqAmBYYGR_WmoKfQw_.jpeg\" width=\"0\" height=\"0\" loading=\"lazy\" class=\"wp-media-image cropped\" alt=\"Apteki boj\u0105 si\u0119 zamkni\u0119cia, GIF alarmuje o gro\u017anych naruszeniach. &quot;Zjawisko wysoce niebezpieczne&quot;\"\/><\/p>\n<p>Apteki boj\u0105 si\u0119 zamkni\u0119cia, GIF alarmuje o gro\u017anych naruszeniach. &#8222;Zjawisko wysoce niebezpieczne&#8221;<\/p>\n<p><\/a> <\/p>\n<p>Przypomnijmy: w\u00a0czerwcu 2019 r. wesz\u0142y przepisy dotycz\u0105ce walki z\u00a0tzw. mafi\u0105 lekow\u0105. Ustawa w\u00a0spos\u00f3b fundamentalny zmieni\u0142a sytuacj\u0119 prawn\u0105 organ\u00f3w \u015bcigania i\u00a0&#8222;uzbroi\u0142a&#8221; polskie pa\u0144stwo w\u00a0&#8222;niezb\u0119dne narz\u0119dzia, kt\u00f3re pozwalaj\u0105 w\u00a0spos\u00f3b skuteczny walczy\u0107 z\u00a0przest\u0119pczo\u015bci\u0105 tzw. mafii lekowej&#8221;.<\/p>\n<p> <img role=\"presentation\" class=\"absolute left-1\/2 top-1\/2 max-h-[80%] max-w-[100px] -translate-x-1\/2 -translate-y-1\/2\" src=\"https:\/\/v.wpimg.pl\/ZXJfd3AudTkrBBIAbg54LGhcRlAxHQUrPgJGH2MAeGJoSQ1eIBI_K2UHAEVuBTY5KQMMXC0RPyoVERQdMgM9ejc\" loading=\"lazy\" decoding=\"async\"\/> <\/p>\n<p>&#8211; W\u00a02015 roku rz\u0105d PO-PSL zlikwidowa\u0142 prawnokarn\u0105 odpowiedzialno\u015b\u0107 za zachowania, kt\u00f3re by\u0142y uznawane w\u00f3wczas za przest\u0119pcze, w\u00a0obszarze kt\u00f3rym para\u0142a si\u0119 mafia lekowa. Ten przepis utrudnia\u0142 dzia\u0142alno\u015b\u0107 mafii lekowej, chocia\u017cby dlatego, \u017ce dawa\u0142 organom \u015bcigania prawo do wkraczania w\u00a0obszar dzia\u0142alno\u015bci tej zorganizowanej przest\u0119pczo\u015bci &#8211;\u00a0m\u00f3wi\u0142 Zbigniew Ziobro.<\/p>\n<p>Ziobro podkre\u015bla\u0142, \u017ce powsta\u0142y specjalne wytyczne dla \u015bledczych. Nowelizacj\u0105 z\u00a02019 r. sankcje administracyjne zast\u0105piono przepisami karnymi. Za wyw\u00f3z lek\u00f3w grozi\u0142o do 10 lat pozbawienia wolno\u015bci.<\/p>\n<p>&#8222;Nie b\u0119d\u0119 doradza\u0142\u201d. Szczucki o\u00a0powrocie Ziobry z\u00a0Budapesztu <\/p>\n<p>  <img role=\"presentation\" class=\"absolute left-1\/2 top-1\/2 max-h-[80%] max-w-[100px] -translate-x-1\/2 -translate-y-1\/2\" src=\"https:\/\/v.wpimg.pl\/ZXJfd3AudTkrBBIAbg54LGhcRlAxHQUrPgJGH2MAeGJoSQ1eIBI_K2UHAEVuBTY5KQMMXC0RPyoVERQdMgM9ejc\" loading=\"lazy\" decoding=\"async\"\/> <\/p>\n<p>Chodzi\u0142o o\u00a0\u015bciganie procederu tzw. odwr\u00f3conego \u0142a\u0144cucha dystrybucji. Polega\u0142 on na tym, \u017ce apteki sprzedaj\u0105 deficytowe, ratuj\u0105ce \u017cycie leki nie pacjentom, a\u00a0hurtowniom, a\u00a0nast\u0119pnie towar jest sprzedawany z\u00a0kilkunastokrotnym zyskiem za granic\u0105.\u00a0Tymczasem wed\u0142ug polskiego prawa apteki mog\u0105 sprzedawa\u0107 leki jedynie pacjentom, a\u00a0hurtownie farmaceutyczne nie mog\u0105 zaopatrywa\u0107 si\u0119 w\u00a0aptekach. Sprzeda\u017c musi nast\u0119powa\u0107 zawsze w\u00a0kierunku pacjenta.<\/p>\n<p>&#8222;W\u015br\u00f3d zalece\u0144 Prokurator Generalny Zbigniew Ziobro podni\u00f3s\u0142 tak\u017ce, \u017ce celowe jest ka\u017cdorazowe rozwa\u017canie zasadno\u015bci zainicjowania post\u0119powa\u0144 administracyjnych, zwi\u0105zanych z\u00a0cofni\u0119ciem zezwolenia na prowadzenie apteki lub hurtowni, w\u00a0ramach kt\u00f3rej dosz\u0142o do naruszenia przepis\u00f3w ustawy&#8221; &#8211;\u00a0czytamy w\u00a0wytycznych z\u00a02019 roku.<\/p>\n<p>W spraw\u0119 zaanga\u017cowa\u0142 si\u0119 G\u0142\u00f3wny Inspektor Farmaceutycznego. Wed\u0142ug stanu na 20 marca 2025 r., od 2017 r. GiF wyda\u0142 ok. 110 rozstrzygni\u0119\u0107 cofaj\u0105cych zezwolenia na prowadzenie apteki og\u00f3lnodost\u0119pnej w\u00a0zwi\u0105zku z\u00a0nieprawid\u0142ow\u0105 realizacj\u0105 zapotrzebowania. Toczy\u0142o si\u0119 r\u00f3wnie\u017c 60 post\u0119powa\u0144 w\u00a0sprawie cofni\u0119cia zezwole\u0144.<\/p>\n<p> <img role=\"presentation\" class=\"absolute left-1\/2 top-1\/2 max-h-[80%] max-w-[100px] -translate-x-1\/2 -translate-y-1\/2\" src=\"https:\/\/v.wpimg.pl\/ZXJfd3AudTkrBBIAbg54LGhcRlAxHQUrPgJGH2MAeGJoSQ1eIBI_K2UHAEVuBTY5KQMMXC0RPyoVERQdMgM9ejc\" loading=\"lazy\" decoding=\"async\"\/> <\/p>\n<p>Pi\u0119\u0107 lat p\u00f3\u017aniej wytyczne w\u00a0tej samej sprawie powt\u00f3rzy\u0142 \u00f3wczesny Prokurator Generalny i\u00a0minister sprawiedliwo\u015bci Adam Bodnar.<\/p>\n<p>&#8222;Odwr\u00f3cony \u0142a\u0144cuch dystrybucji lek\u00f3w to pozyskiwanie z\u00a0rynku detalicznego produkt\u00f3w leczniczych, w\u00a0celu ich sprzeda\u017cy podmiotom zagranicznym po cenach znacznie wy\u017cszych ni\u017c ceny krajowe. Taki spos\u00f3b dzia\u0142ania powoduje ograniczenie dost\u0119pno\u015bci produkt\u00f3w leczniczych na rynku krajowym, a\u00a0tym samym stwarza powa\u017cne zagro\u017cenie dla prawid\u0142owo\u015bci procesu leczenia pacjent\u00f3w, a\u00a0nawet mo\u017ce zagra\u017ca\u0107 ich \u017cyciu i\u00a0zdrowiu&#8221;. -czytamy w\u00a0wytycznych z\u00a02024 roku.<\/p>\n<p> <a href=\"https:\/\/www.money.pl\/gospodarka\/mafia-lekowa-ziobro-srodowiska-przestepcze-dostawaly-prezenty-od-rzadu-po-psl-6425491605354625a.html\" class=\"teaser-inline\" rel=\"nofollow noopener\" target=\"_blank\">  <img decoding=\"async\" src=\"https:\/\/www.europesays.com\/pl\/wp-content\/uploads\/2025\/12\/b2Jyby5qTVMrGxRKGgpARmhDQBBcU04QP1tYWxpAUAp6AU0dGwYSWyceTAlZXlMKckpaSQdDVwNnVFNIBEdVBHtMUFZPEwtVJBAH.jpeg\" width=\"0\" height=\"0\" loading=\"lazy\" class=\"wp-media-image cropped\" alt=\"Mafia lekowa. Ziobro: \u015brodowiska przest\u0119pcze dostawa\u0142y prezenty od rz\u0105du PO-PSL\"\/><\/p>\n<p>Mafia lekowa. Ziobro: \u015brodowiska przest\u0119pcze dostawa\u0142y prezenty od rz\u0105du PO-PSL<\/p>\n<p><\/a> <img role=\"presentation\" class=\"absolute left-1\/2 top-1\/2 max-h-[80%] max-w-[100px] -translate-x-1\/2 -translate-y-1\/2\" src=\"https:\/\/v.wpimg.pl\/ZXJfd3AudTkrBBIAbg54LGhcRlAxHQUrPgJGH2MAeGJoSQ1eIBI_K2UHAEVuBTY5KQMMXC0RPyoVERQdMgM9ejc\" loading=\"lazy\" decoding=\"async\"\/> <\/p>\n<p>Adama Bodnara w\u00a0rz\u0105dzie ju\u017c nie ma. Ale Prokuratura Krajowa pytana o\u00a0post\u0119powania dotycz\u0105ce \u015bcigania tzw. mafii lekowej w\u00a0odpowiedzi ujawnia, \u017ce &#8222;szar\u017ca&#8221; wymiaru sprawiedliwo\u015bci na aptekarzy nie do ko\u0144ca si\u0119 powiod\u0142a.<\/p>\n<p>&#8211; Je\u017celi chodzi o\u00a0post\u0119powania dotycz\u0105ce odwr\u00f3conego \u0142a\u0144cucha dystrybucji lek\u00f3w z\u00a0wykorzystaniem pozornych transakcji z\u00a0podmiotem leczniczym (a faktycznie odsprzeda\u017c\u0105 lek\u00f3w hurtowniom farmaceutycznym prowadz\u0105cym r\u00f3wnolegle podmiot leczniczy), od wdro\u017cenia koordynacji w\u00a02016 r. jednostki prokuratury zg\u0142osi\u0142y \u0142\u0105cznie 282 sprawy &#8211;\u00a0informuje Wirtualn\u0105 Polsk\u0119 Przemys\u0142aw Nowak, rzecznik Prokuratury Krajowej.<\/p>\n<p>Jak podkre\u015bla, w\u00a0ramach post\u0119powa\u0144 skoncentrowano dzia\u0142ania nie na aptekach, lecz na hurtowniach pozyskuj\u0105cych leki z\u00a0rynku detalicznego, co umo\u017cliwi\u0142o ustalenie rzeczywistej skali obrotu oraz identyfikacj\u0119 organizator\u00f3w procederu. <\/p>\n<p> <img role=\"presentation\" class=\"absolute left-1\/2 top-1\/2 max-h-[80%] max-w-[100px] -translate-x-1\/2 -translate-y-1\/2\" src=\"https:\/\/v.wpimg.pl\/ZXJfd3AudTkrBBIAbg54LGhcRlAxHQUrPgJGH2MAeGJoSQ1eIBI_K2UHAEVuBTY5KQMMXC0RPyoVERQdMgM9ejc\" loading=\"lazy\" decoding=\"async\"\/> <\/p>\n<p>&#8211;\u00a0Od 2016 r. do chwili obecnej wydano 47 postanowie\u0144 o\u00a0zabezpieczeniu maj\u0105tkowym &#8211;\u00a0dodaje Nowak.<\/p>\n<p>Z danych prokuratury wynika, \u017ce z\u00a0282 spraw skierowano do tej pory jedynie 22 akty oskar\u017cenia. <\/p>\n<p>2025 r. &#8211;\u00a03\u00a0akty oskar\u017cenia; 2024 r. &#8211;\u00a05; 2023 r. &#8211;\u00a02; 2022 r. &#8211;\u00a02; 2019 r. &#8211;\u00a03, 2018 r. &#8211;\u00a02; 2017 r. &#8211;\u00a05\u00a0&#8211; informuje Wirtualn\u0105 Polsk\u0119 Prokuratura Krajowa. &#8222;Obecnie w\u00a0toku pozostaje 25 spraw, w\u00a0kt\u00f3rych ujawniono transakcje z\u00a0udzia\u0142em podmiotu leczniczego&#8221; &#8211;\u00a0dodaje.<\/p>\n<p>Jak ustalili\u015bmy, finalnie zapad\u0142o tylko 5\u00a0wyrok\u00f3w s\u0105du &#8211;\u00a0w\u00a0Bia\u0142ymstoku, Gda\u0144sku, Starogardzie Gda\u0144skim, Kaliszu i\u00a0Toruniu.<\/p>\n<p>Niezbyt wysokie grzywny, wyroki w\u00a0zawieszeniu, okresy pr\u00f3by <\/p>\n<p>W tym pierwszym wyrok zapad\u0142 w\u00a0maju 2023 r. S\u0105d Okr\u0119gowy w\u00a0Bia\u0142ymstoku skaza\u0142 w\u0142a\u015bcicielk\u0119 apteki, kt\u00f3ra przez prawie trzy lata uczestniczy\u0142a w\u00a0procederze okre\u015blanym jako &#8222;odwr\u00f3cony \u0142a\u0144cuch dystrybucji&#8221;. <\/p>\n<p>Opr\u00f3cz kary 6\u00a0miesi\u0119cy pozbawienia wolno\u015bci w\u00a0zawieszeniu na rok kobieta musia\u0142a odda\u0107 korzy\u015bci maj\u0105tkowe uzyskane z\u00a0przest\u0119pstwa. Okaza\u0142o si\u0119, \u017ce zarobi\u0142a w\u00a0ten spos\u00f3b 128 562,17 z\u0142. S\u0105d wymierzy\u0142 jej te\u017c grzywn\u0119 w\u00a0wysoko\u015bci 7500 z\u0142.<\/p>\n<p>W \u00a0S\u0105dzie Okr\u0119gowym w\u00a0Gda\u0144sku zapad\u0142y dwa wyroki. Pierwszy pod koniec lipca 2023 r. 11 kierownik\u00f3w aptek skazano na kary grzywny, zakazano im pe\u0142ni\u0107 przez 2-3 lata swoje funkcje. Kilkumiesi\u0119czne kary pozbawienia wolno\u015bci warunkowo zawieszono na okres pr\u00f3by wynosz\u0105cy 2-3 lata.<\/p>\n<p> <a href=\"https:\/\/wiadomosci.wp.pl\/dlaczego-znikaja-apteki-w-polsce-jest-wyjasnienie-7027977457187808a\" class=\"teaser-inline\" rel=\"nofollow noopener\" target=\"_blank\">  <img decoding=\"async\" src=\"https:\/\/www.europesays.com\/pl\/wp-content\/uploads\/2025\/12\/Mzk5YzE1YhsKVy9JakpvDkkPexMsE2FYHhdjWGoAf0JbTXYcLF0oCA5FNlQiQzgKCkIpVDVdYhsbXHYMdB4pExhFNRs8HigXCVA9.jpeg\" width=\"0\" height=\"0\" loading=\"lazy\" class=\"wp-media-image cropped\" alt=\"Dramatyczna sytuacja aptek w Polsce. Znika jedna za drug\u0105\"\/><\/p>\n<p>Dramatyczna sytuacja aptek w Polsce. Znika jedna za drug\u0105<\/p>\n<p><\/a> <\/p>\n<p>W\u00a0Toruniu zapad\u0142 wyroki 5\u00a0i\u00a08\u00a0miesi\u0119cy pozbawienia wolno\u015bci w\u00a0zawieszeniu i\u00a0kara pieni\u0119\u017cna. <\/p>\n<p>Sprawa w\u00a0Kaliszu zosta\u0142a zako\u0144czona wyrokiem z\u00a0dnia 4\u00a0kwietnia 2019 r. Orzeczono kar\u0119 grzywny 80 stawek dziennych po 10 z\u0142 stawka oraz obci\u0105\u017cono skazan\u0105 kosztami post\u0119powania w\u00a0kwocie 120 z\u0142.<\/p>\n<p>&#8211; W\u00a0sprawie w\u00a0Starogardzie Gda\u0144skim wyrok zapad\u0142 9\u00a0lipca 2019 r. S\u0105d ustali\u0142, \u017ce oskar\u017cone Magdalena T. i\u00a0Adela C. dopu\u015bci\u0142y si\u0119 pope\u0142nienia zarzucanych im przest\u0119pstw, ale uznaj\u0105c, \u017ce stopie\u0144 winy i\u00a0spo\u0142ecznej szkodliwo\u015bci nie by\u0142y znaczne, warunkowo umorzy\u0142 post\u0119powanie wobec nich. Okre\u015blaj\u0105c przy tym okres pr\u00f3by na 1\u00a0rok oraz nakaza\u0142 im zap\u0142at\u0119 \u015bwiadczenia pieni\u0119\u017cnego po 1000 z\u0142 &#8211;\u00a0informuje WP rzecznik prasowy S\u0105du Okr\u0119gowego w\u00a0Gda\u0144sku do spraw karnych s\u0119dzia Mariusz Ka\u017amierczak.<\/p>\n<p> <a href=\"https:\/\/finanse.wp.pl\/apteka-dla-aptekarza-nie-dla-pacjentow-nawet-tysiac-aptek-do-zamkniecia-6576401382333056a\" class=\"teaser-inline\" rel=\"nofollow noopener\" target=\"_blank\">  <img decoding=\"async\" src=\"https:\/\/www.europesays.com\/pl\/wp-content\/uploads\/2025\/12\/OGEzNDAzYCYkGDh3bgFtM2dAbC0oWGNlMFh0Zm5LfX91AmEiKBYqNSAKIWomCDo3JA0-ajEWYCY1E2EycFUrLjYKIiU4VSoqJx8q.jpeg\" width=\"0\" height=\"0\" loading=\"lazy\" class=\"wp-media-image cropped\" alt=\"Apteka dla aptekarza, nie dla pacjent\u00f3w. Nawet tysi\u0105c aptek do zamkni\u0119cia\"\/><\/p>\n<p>Apteka dla aptekarza, nie dla pacjent\u00f3w. Nawet tysi\u0105c aptek do zamkni\u0119cia<\/p>\n<p><\/a><\/p>\n<p>Pos\u0142owie apeluj\u0105, urz\u0119dnicy nieugi\u0119ci <\/p>\n<p>Patryk Gabriel, pose\u0142 Koalicji Obywatelskiej otrzyma\u0142 odpowied\u017a od Ministerstwa Zdrowia. Uzna\u0142 j\u0105 za niewystarczaj\u0105c\u0105 i\u00a013 listopada sporz\u0105dzi\u0142 nowe pismo. Polityk wskazuje, \u017ce G\u0142\u00f3wny Inspektorat Farmaceutyczny &#8222;zbyt ch\u0119tnie cofa zezwolenia aptekom, powo\u0142uj\u0105c si\u0119 na niedookre\u015blon\u0105 prawnie przes\u0142ank\u0119 utraty r\u0119kojmi nale\u017cytego prowadzenia apteki&#8221;. Argumentuje, \u017ce je\u015bli apteka raz utraci\u0142a r\u0119kojmi\u0119, to po latach dzia\u0142alno\u015bci bez zarzut\u00f3w powinna mie\u0107 mo\u017cliwo\u015b\u0107 &#8222;odzyskania zaufania&#8221;.<\/p>\n<p>Podkre\u015blmy, \u017ce sp\u00f3r dotyczy kwestii odpowiedzialno\u015bci farmaceut\u00f3w za sprzeda\u017c lek\u00f3w z\u00a0aptek do przychodni, kt\u00f3re prowadzi\u0142y jednocze\u015bnie hurtownie lek\u00f3w. Niekt\u00f3re wojew\u00f3dzkie inspekcje farmaceutyczne wszczynaj\u0105 kolejne post\u0119powania o\u00a0cofni\u0119cie zezwole\u0144 na prowadzenie apteki w\u00a0takich sprawach.<\/p>\n<p>Urz\u0119dnicy uwa\u017caj\u0105, \u017ce farmaceuci powinni wiedzie\u0107, \u017ce zapotrzebowania wystawiane przez przychodnie-hurtownie na du\u017ce ilo\u015bci lek\u00f3w ratuj\u0105cych \u017cycie mog\u0105 by\u0107 elementem przest\u0119pczego procederu.<\/p>\n<p>Zapytali\u015bmy Polak\u00f3w, co\u00a0s\u0105dz\u0105 o\u00a0planie g\u0142\u0119bokich oszcz\u0119dno\u015bci w\u00a0NFZ <\/p>\n<p>Kontrowersyjn\u0105 spraw\u0119 pr\u00f3bowa\u0142a &#8222;naprawi\u0107&#8221; by\u0142a ju\u017c minister zdrowia Izabela Leszczyna (Koalicja Obywatelska).<\/p>\n<p>&#8211; Z\u00a0jednej strony dochodz\u0105 do mnie informacje, \u017ce by\u0142y przepisy pozwalaj\u0105ce na pewne dzia\u0142anie, p\u00f3\u017aniej go zabroniono, ale ukarano aptekarzy za to, co wcze\u015bniej by\u0142o dozwolone. Nigdy nie zgodz\u0119 si\u0119 na co\u015b takiego. Ale s\u0142ysz\u0119 te\u017c, \u017ce sprawa nie jest taka oczywista, a\u00a0ukarane podmioty \u0142ama\u0142y prawo tak\u017ce po jego zmianie &#8211; powiedzia\u0142a Izabela Leszczyna.<\/p>\n<p>Ministerstwo Zdrowia pytane przez Wirtualn\u0105 Polsk\u0119 o\u00a0post\u0119powania prokuratorskie odpowiedzia\u0142o nam, \u017ce w\u00a0ci\u0105gu ostatnich dw\u00f3ch lat GIF zidentyfikowa\u0142 przypadki, gdzie na podstawie wadliwie realizowanych zapotrzebowa\u0144 wyprowadzono leki o\u00a0warto\u015bci 52 milion\u00f3w z\u0142otych.<\/p>\n<p>&#8211; Trudno to nazwa\u0107 &#8222;zwyk\u0142ym obrotem&#8221;. Post\u0119powania karne przeciwko grupom przest\u0119pczym prowadz\u0105 inne instytucje, a\u00a0inspekcja farmaceutyczna zajmuje si\u0119 w\u0142a\u015bnie eliminowaniem nadu\u017cy\u0107 na poziomie aptek &#8211;\u00a0przekonuje Wirtualn\u0105 Polsk\u0119 biuro prasowe resortu zdrowia. <\/p>\n<p>Jak dodaje, z\u00a0danych uzyskanych od G\u0142\u00f3wnego Inspektora Farmaceutycznego wynika, \u017ce od 1\u00a0pa\u017adziernika 2022 r. do 1\u00a0pa\u017adziernika 2025 r. wydano 47 decyzji cofaj\u0105cych zezwolenia na prowadzenie aptek z\u00a0uwagi na utrat\u0119 r\u0119kojmi nale\u017cytego prowadzenia apteki, zwi\u0105zan\u0105 z\u00a0nieprawid\u0142ow\u0105 realizacj\u0105 zapotrzebowa\u0144.<\/p>\n<p> <a href=\"https:\/\/wiadomosci.wp.pl\/lekow-w-tej-wsi-nie-kupisz-zamknieto-im-ostatnia-apteke-6440002418738817a\" class=\"teaser-inline\" rel=\"nofollow noopener\" target=\"_blank\">  <img decoding=\"async\" src=\"https:\/\/www.europesays.com\/pl\/wp-content\/uploads\/2025\/12\/cHRla2kuTCkzDhcBRA5BPHBWQ1sCV09qJ05bEEREUXBiFE5WRQITIT8LT0IHWlJ5Y1RUAFJGVn9_QVAHU0FWfGRZWQpEFBM8NwcI.jpeg\" width=\"0\" height=\"0\" loading=\"lazy\" class=\"wp-media-image cropped\" alt=\"Lek\u00f3w w tej wsi nie kupisz. Zamkni\u0119to im ostatni\u0105 aptek\u0119\"\/><\/p>\n<p>Lek\u00f3w w tej wsi nie kupisz. Zamkni\u0119to im ostatni\u0105 aptek\u0119<\/p>\n<p><\/a> <\/p>\n<p>Sylwester Ruszkiewicz, dziennikarz Wirtualnej Polski<\/p>\n","protected":false},"excerpt":{"rendered":"Jest wrzesie\u0144 2025 rok. Pose\u0142 Koalicji Obywatelskiej Patryk Gabriel w\u00a0pi\u015bmie do resortu zdrowia przekonuje, \u017ce &#8222;w ostatnim czasie&hellip;\n","protected":false},"author":2,"featured_media":139092,"comment_status":"","ping_status":"","sticky":false,"template":"","format":"standard","meta":{"footnotes":""},"categories":[12],"tags":[32,33,36,37,27,34,35,28,31,25,42,38,40,39,41,29,30,26],"class_list":{"0":"post-139091","1":"post","2":"type-post","3":"status-publish","4":"format-standard","5":"has-post-thumbnail","7":"category-polska","8":"tag-breaking-news","9":"tag-breakingnews","10":"tag-featured-news","11":"tag-featurednews","12":"tag-headlines","13":"tag-latest-news","14":"tag-latestnews","15":"tag-naglowki","16":"tag-najwazniejsze-artykuly","17":"tag-news","18":"tag-pl","19":"tag-poland","20":"tag-polish","21":"tag-polska","22":"tag-polski","23":"tag-top-stories","24":"tag-topstories","25":"tag-wiadomosci"},"share_on_mastodon":{"url":"https:\/\/pubeurope.com\/@pl\/115683919750270468","error":""},"_links":{"self":[{"href":"https:\/\/www.europesays.com\/pl\/wp-json\/wp\/v2\/posts\/139091","targetHints":{"allow":["GET"]}}],"collection":[{"href":"https:\/\/www.europesays.com\/pl\/wp-json\/wp\/v2\/posts"}],"about":[{"href":"https:\/\/www.europesays.com\/pl\/wp-json\/wp\/v2\/types\/post"}],"author":[{"embeddable":true,"href":"https:\/\/www.europesays.com\/pl\/wp-json\/wp\/v2\/users\/2"}],"replies":[{"embeddable":true,"href":"https:\/\/www.europesays.com\/pl\/wp-json\/wp\/v2\/comments?post=139091"}],"version-history":[{"count":0,"href":"https:\/\/www.europesays.com\/pl\/wp-json\/wp\/v2\/posts\/139091\/revisions"}],"wp:featuredmedia":[{"embeddable":true,"href":"https:\/\/www.europesays.com\/pl\/wp-json\/wp\/v2\/media\/139092"}],"wp:attachment":[{"href":"https:\/\/www.europesays.com\/pl\/wp-json\/wp\/v2\/media?parent=139091"}],"wp:term":[{"taxonomy":"category","embeddable":true,"href":"https:\/\/www.europesays.com\/pl\/wp-json\/wp\/v2\/categories?post=139091"},{"taxonomy":"post_tag","embeddable":true,"href":"https:\/\/www.europesays.com\/pl\/wp-json\/wp\/v2\/tags?post=139091"}],"curies":[{"name":"wp","href":"https:\/\/api.w.org\/{rel}","templated":true}]}}