{"id":139105,"date":"2025-12-08T12:27:06","date_gmt":"2025-12-08T12:27:06","guid":{"rendered":"https:\/\/www.europesays.com\/pl\/139105\/"},"modified":"2025-12-08T12:27:06","modified_gmt":"2025-12-08T12:27:06","slug":"karambol-na-a4-43-latka-nagle-zmarla-po-wyjsciu-z-samochodu-przezyla-sam-moment-zderzenia","status":"publish","type":"post","link":"https:\/\/www.europesays.com\/pl\/139105\/","title":{"rendered":"Karambol na A4. 43-latka nagle zmar\u0142a po wyj\u015bciu z samochodu. 'Prze\u017cy\u0142a sam moment zderzenia&#8217;"},"content":{"rendered":"<p>Karambol na A4<\/p>\n<p class=\"art_paragraph\">Przypomnijmy, sprawa dotyczy wydarze\u0144 z 2 grudnia. W\u00f3wczas na autostradzie A4 mi\u0119dzy\u00a0w\u0119z\u0142ami K\u0119dzierzyn-Ko\u017ale a Krapkowicami w\u00a0okolicach G\u00f3ry \u015awi\u0119tej Anny dosz\u0142o do zderzenia dziewi\u0119ciu pojazd\u00f3w. W wypadku uczestniczy\u0142y samochody osobowe, ci\u0119\u017car\u00f3wki oraz autobus. W pojazdach podr\u00f3\u017cowa\u0142o dziewi\u0119tna\u015bcie os\u00f3b. Z ustale\u0144 medialnych wynika\u0142o, \u017ce jedna kobieta, kt\u00f3ra bra\u0142a udzia\u0142 w zdarzeniu, mia\u0142a zgin\u0105\u0107.\u00a0<\/p>\n<p>43-latka nie zgin\u0119\u0142a w wyniku karambolu<\/p>\n<p class=\"art_paragraph\">Prokurator\u00a0Stanis\u0142aw Bar, rzecznik Prokuratury Okr\u0119gowej w Opolu ujawni\u0142, jak dosz\u0142o do \u015bmierci 43-latki. &#8211; Z ustale\u0144 prokuratury wynika, \u017ce 43-letnia kobieta, kt\u00f3ra uczestniczy\u0142a w karambolu, prze\u017cy\u0142a sam moment zderzenia si\u0119 samochod\u00f3w. Kr\u00f3tko po wypadku kieruj\u0105ca wysz\u0142a ze swojego samochodu i zacz\u0119\u0142a i\u015b\u0107 w kierunku pasa rozdzielaj\u0105cego jezdnie. Wtedy potr\u0105ci\u0142 j\u0105 inny samoch\u00f3d, kt\u00f3rego kierowca nie spodziewa\u0142 si\u0119 cz\u0142owieka w tym miejscu\u00a0&#8211; m\u00f3wi\u0142 w rozmowie z\u00a0&#8222;Now\u0105 Trybun\u0105 Opolsk\u0105&#8221; prok. Bar.\u00a0<\/p>\n<p>        Zobacz wideo<\/p>\n<p>            Podr\u00f3\u017cowali po Europie z detektorem urz\u0105dze\u0144 szpiegowskich i sprz\u0119tem hakerskim\n    <\/p>\n<p>Policja prowadzi\u00a0\u015bledztwo\u00a0<\/p>\n<p class=\"art_paragraph\">Wed\u0142ug ustale\u0144 dziennika nikomu nie postawiono zarzut\u00f3w w zwi\u0105zku ze zdarzeniem. \u015aledztwo jednak ca\u0142y czas trwa. Zdaniem ekspert\u00f3w kluczowym czynnikiem, kt\u00f3ry przyczyni\u0142 si\u0119 do zdarzenia, by\u0142a z\u0142a widoczno\u015b\u0107 oraz trudne warunki na drodze.\u00a0<\/p>\n<p>Seria wypadk\u00f3w na A4<\/p>\n<p class=\"art_paragraph\">Tego samego dnia na A4 dosz\u0142o do czterech wypadk\u00f3w samochodowych. Na przeciwleg\u0142ym pasie\u00a0zderzy\u0142y si\u0119 dwa samochody osobowe i mikrobus. W tym zdarzeniu trzy osoby zosta\u0142y przebadane przez Zesp\u00f3\u0142 Ratownictwa Medycznego i pozosta\u0142y na miejscu zdarzenia. Nast\u0119pnie samoch\u00f3d osobowy uderzy\u0142 w ci\u0119\u017car\u00f3wk\u0119 i bariery. Dwie osoby z samochodu osobowego zosta\u0142y zabrane do szpitala. Do nast\u0119pnej kolizji\u00a0dosz\u0142o w\u00a0Sieroniowicach &#8211; na odcinku A4 mi\u0119dzy Strzelcami Opolskimi a K\u0119dzierzynem-Ko\u017alem &#8211; zapali\u0142 si\u0119 samoch\u00f3d ci\u0119\u017carowy po zderzeniu z drug\u0105 ci\u0119\u017car\u00f3wk\u0105. W\u00a0wyniku tego zdarzenia zgin\u0119\u0142a jedna osoba.<\/p>\n<p class=\"art_paragraph\">Wi\u0119cej na ten temat przeczytasz w artykule: <a href=\"https:\/\/wiadomosci.gazeta.pl\/polska\/7,198073,32440443,tragiczny-karambol-na-a4-zderzylo-sie-dziewiec-pojazdow-jedna.html\" class=\"art_link\" rel=\"dofollow noopener\" target=\"_blank\">&#8222;Tragiczny karambol na A4. Zderzy\u0142o si\u0119 dziewi\u0119\u0107 pojazd\u00f3w. Jedna osoba nie \u017cyje&#8221;<\/a>.<\/p>\n<p>\u0179r\u00f3d\u0142a:\u00a0Nowa Trybuna Opolska, Gazeta.pl<\/p>\n","protected":false},"excerpt":{"rendered":"Karambol na A4 Przypomnijmy, sprawa dotyczy wydarze\u0144 z 2 grudnia. W\u00f3wczas na autostradzie A4 mi\u0119dzy\u00a0w\u0119z\u0142ami K\u0119dzierzyn-Ko\u017ale a Krapkowicami&hellip;\n","protected":false},"author":2,"featured_media":139106,"comment_status":"","ping_status":"","sticky":false,"template":"","format":"standard","meta":{"footnotes":""},"categories":[12],"tags":[32,33,36,37,27,34,35,28,31,25,42,38,40,39,41,29,30,26],"class_list":{"0":"post-139105","1":"post","2":"type-post","3":"status-publish","4":"format-standard","5":"has-post-thumbnail","7":"category-polska","8":"tag-breaking-news","9":"tag-breakingnews","10":"tag-featured-news","11":"tag-featurednews","12":"tag-headlines","13":"tag-latest-news","14":"tag-latestnews","15":"tag-naglowki","16":"tag-najwazniejsze-artykuly","17":"tag-news","18":"tag-pl","19":"tag-poland","20":"tag-polish","21":"tag-polska","22":"tag-polski","23":"tag-top-stories","24":"tag-topstories","25":"tag-wiadomosci"},"share_on_mastodon":{"url":"https:\/\/pubeurope.com\/@pl\/115683947049966006","error":""},"_links":{"self":[{"href":"https:\/\/www.europesays.com\/pl\/wp-json\/wp\/v2\/posts\/139105","targetHints":{"allow":["GET"]}}],"collection":[{"href":"https:\/\/www.europesays.com\/pl\/wp-json\/wp\/v2\/posts"}],"about":[{"href":"https:\/\/www.europesays.com\/pl\/wp-json\/wp\/v2\/types\/post"}],"author":[{"embeddable":true,"href":"https:\/\/www.europesays.com\/pl\/wp-json\/wp\/v2\/users\/2"}],"replies":[{"embeddable":true,"href":"https:\/\/www.europesays.com\/pl\/wp-json\/wp\/v2\/comments?post=139105"}],"version-history":[{"count":0,"href":"https:\/\/www.europesays.com\/pl\/wp-json\/wp\/v2\/posts\/139105\/revisions"}],"wp:featuredmedia":[{"embeddable":true,"href":"https:\/\/www.europesays.com\/pl\/wp-json\/wp\/v2\/media\/139106"}],"wp:attachment":[{"href":"https:\/\/www.europesays.com\/pl\/wp-json\/wp\/v2\/media?parent=139105"}],"wp:term":[{"taxonomy":"category","embeddable":true,"href":"https:\/\/www.europesays.com\/pl\/wp-json\/wp\/v2\/categories?post=139105"},{"taxonomy":"post_tag","embeddable":true,"href":"https:\/\/www.europesays.com\/pl\/wp-json\/wp\/v2\/tags?post=139105"}],"curies":[{"name":"wp","href":"https:\/\/api.w.org\/{rel}","templated":true}]}}