{"id":139107,"date":"2025-12-08T12:28:07","date_gmt":"2025-12-08T12:28:07","guid":{"rendered":"https:\/\/www.europesays.com\/pl\/139107\/"},"modified":"2025-12-08T12:28:07","modified_gmt":"2025-12-08T12:28:07","slug":"co-dalej-z-trybunalem-konstytucyjnym-koalicja-ustalila-plan","status":"publish","type":"post","link":"https:\/\/www.europesays.com\/pl\/139107\/","title":{"rendered":"Co dalej z Trybuna\u0142em Konstytucyjnym? Koalicja ustali\u0142a plan"},"content":{"rendered":"\n<p>Na ostatnim spotkaniu lider\u00f3w koalicji zapad\u0142a decyzja w\u00a0sprawie TK. Chodzi o\u00a0&#8211; od\u00a0dawna oczekiwany &#8211;\u00a0ruch w\u00a0sprawie obsadzenia Trybuna\u0142u przez kandydat\u00f3w wskazanych przez rz\u0105dz\u0105c\u0105 koalicj\u0119. Ma si\u0119 to dokona\u0107 w\u00a0styczniu.<\/p>\n<p>Czemu politycy si\u0119 wstrzymuj\u0105? <\/p>\n<p>Z jednej strony Sejm ma poczeka\u0107, a\u017c wyczerpana zostanie procedura dotycz\u0105ca <a href=\"https:\/\/wiadomosci.wp.pl\/sejm-zdecydowal-odrzucono-kandydatury-na-sedziow-tk-7127715948329792a\" rel=\"noopener noreferrer nofollow\" target=\"_blank\">obecnie zg\u0142oszonych przez PiS kandydat\u00f3w<\/a>. Chodzi o\u00a0pos\u0142a Marka Asta i\u00a0prof. Artura Kotowskiego.<\/p>\n<p>Agnieszka Kaczorowska po\u00a0raz pierwszy o\u00a0rozwodzie. &#8222;Ciesz\u0119 si\u0119, \u017ce nie trwa\u0142 latami, tylko sko\u0144czy\u0142o si\u0119 na\u00a0pierwszej rozprawie&#8221; (WIDEO) <\/p>\n<p>Okoliczno\u015b\u0107 druga, na kt\u00f3r\u0105 czeka koalicja, to wyrok TSUE w\u00a0sprawie TK. Rz\u0105d spodziewa\u0142 si\u0119, \u017ce b\u0119dzie w\u00a0styczniu, ale okazuje si\u0119, \u017ce poznamy go ju\u017c 18 grudnia. Chodzi o\u00a0skarg\u0119 Komisji Europejskiej z\u00a02023 r. <\/p>\n<p> <img role=\"presentation\" class=\"absolute left-1\/2 top-1\/2 max-h-[80%] max-w-[100px] -translate-x-1\/2 -translate-y-1\/2\" src=\"https:\/\/v.wpimg.pl\/ZXJfd3AudTkrBBIAbg54LGhcRlAxHQUrPgJGH2MAeGJoSQ1eIBI_K2UHAEVuBTY5KQMMXC0RPyoVERQdMgM9ejc\" loading=\"lazy\" decoding=\"async\"\/> <\/p>\n<p>Komisja skar\u017cy\u0142a si\u0119 na orzeczenie TK z\u00a02021 r., w\u00a0kt\u00f3rym s\u0119dziowie wypowiedzieli si\u0119 w\u00a0sprawie pierwsze\u0144stwa prawa krajowego przed unijnym w\u00a0kontek\u015bcie orzecze\u0144 TSUE dotycz\u0105cych s\u0105downictwa. Jednocze\u015bnie skarga Komisji dotyczy\u0142a niew\u0142a\u015bciwego obsadzenia Trybuna\u0142u, chodzi\u0142o o\u00a0tzw. dubler\u00f3w.\u00a0<\/p>\n<p>Obecnie w\u00a0TK jest 11 s\u0119dzi\u00f3w, z\u00a0czego dwaj to tzw. <a href=\"https:\/\/wiadomosci.wp.pl\/andrzej-duda-zapisze-sie-w-historii-jako-prezydent-kryzysu-praworzadnosci-opinia-7186011740519168a\" rel=\"noopener noreferrer nofollow\" target=\"_blank\">dublerzy<\/a>. Ale jeszcze w\u00a0grudniu z\u00a0TK odejd\u0105 w\u00a0stan spoczynku Krystyna Paw\u0142owicz i\u00a0Micha\u0142 Warci\u0144ski, czyli do obsadzenia b\u0119dzie sze\u015b\u0107\u00a0miejsc. Z kolei w\u00a0po\u0142owie przysz\u0142ego roku ko\u0144czy si\u0119 kadencja Andrzeja Zielonackiego, a\u00a0we wrze\u015bniu &#8211;\u00a0jednego z\u00a0tzw. dubler\u00f3w Justyna Piskorskiego.\u00a0<\/p>\n<p>&#8211; Jak odrzucimy w\u00a0g\u0142osowaniu dw\u00f3ch zg\u0142oszonych przez PiS kandydat\u00f3w, b\u0119dzie mo\u017cna rozpisa\u0107 nowy nab\u00f3r na obsadzenie sze\u015bciu miejsc w\u00a0TK &#8211;\u00a0wskazuje nasz rozm\u00f3wca z\u00a0KO. Inny dodaje, \u017ce na razie nie ma ustale\u0144 dotycz\u0105cych np. partyjnych parytet\u00f3w przy wskazywaniu kandydat\u00f3w koalicji wi\u0119kszo\u015bciowej.<\/p>\n<p> <img role=\"presentation\" class=\"absolute left-1\/2 top-1\/2 max-h-[80%] max-w-[100px] -translate-x-1\/2 -translate-y-1\/2\" src=\"https:\/\/v.wpimg.pl\/ZXJfd3AudTkrBBIAbg54LGhcRlAxHQUrPgJGH2MAeGJoSQ1eIBI_K2UHAEVuBTY5KQMMXC0RPyoVERQdMgM9ejc\" loading=\"lazy\" decoding=\"async\"\/><\/p>\n<p>&#8222;Ch\u0119tni s\u0105&#8221; <\/p>\n<p>Prawdopodobnie najpierw b\u0119dzie oczekiwanie, \u017ce zg\u0142osz\u0105 si\u0119 autorytety prawnicze spoza polityki i\u00a0generalnie takie jest za\u0142o\u017cenie. &#8211;\u00a0Gdyby\u015bmy teraz wyci\u0105gali ludzi z\u00a0\u0142aw poselskich, tak jak robi\u0142 PiS, to by\u015bmy sami si\u0119 o\u015bmieszyli &#8211;\u00a0przekonuje pose\u0142 KO. Cho\u0107 nasz rozm\u00f3wca z\u00a0kr\u0119g\u00f3w rz\u0105dowych dodaje, \u017ce na li\u015bcie z\u00a0nazwiskami potencjalnych kandydat\u00f3w widzia\u0142 nazwisko Adama Bodnara, kt\u00f3ry jest senatorem.<\/p>\n<p>&#8211;\u00a0Trzeba jako\u015b go politycznie zabezpieczy\u0107, nie uda\u0142o si\u0119 wprowadzi\u0107 go do NIK, to przynajmniej w\u00a0Trybunale b\u0119dzie mia\u0142 immunitet &#8211;\u00a0zwraca uwag\u0119 rz\u0105dowy rozm\u00f3wca. Tyle \u017ce do tej pory sam Bodnar &#8211;\u00a0pytany przez nas o\u00a0ewentualny transfer z\u00a0Senatu do TK &#8211;\u00a0twierdzi\u0142, \u017ce nie rozwa\u017ca takiego scenariusza.<\/p>\n<p>W kuluarach spekuluje si\u0119 tak\u017ce o\u00a0ewentualnej kandydaturze pos\u0142a KO Roberta Kropiwnickiego, ale nie do\u015b\u0107, \u017ce on sam twierdzi, \u017ce nie jest tym zainteresowany, to jeszcze nasi rozm\u00f3wcy z\u00a0samej KO przekonuj\u0105, \u017ce nie by\u0142oby na to zgody. &#8211; To by\u0142oby ju\u017c zbyt ostentacyjne. Zaraz b\u0119dzie m\u00f3wienie, \u017ce kierujemy do TK polityka i\u00a0to takiego, od kt\u00f3rego zacz\u0105\u0142 si\u0119 trwaj\u0105cy do dzi\u015b kryzys w\u00a0TK. To nie do obrony &#8211;\u00a0przyznaje polityk KO, przypominaj\u0105c, \u017ce to Kropiwnicki by\u0142 autorem s\u0142ynnej poprawki z\u00a0ko\u0144c\u00f3wki rz\u0105d\u00f3w PO-PSL w\u00a02015 roku, kt\u00f3ra zak\u0142ada\u0142a wyb\u00f3r s\u0119dzi\u00f3w TK &#8222;na zapas&#8221;, tzn. na miejsca w\u00f3wczas wci\u0105\u017c obsadzone.<\/p>\n<p> <img role=\"presentation\" class=\"absolute left-1\/2 top-1\/2 max-h-[80%] max-w-[100px] -translate-x-1\/2 -translate-y-1\/2\" src=\"https:\/\/v.wpimg.pl\/ZXJfd3AudTkrBBIAbg54LGhcRlAxHQUrPgJGH2MAeGJoSQ1eIBI_K2UHAEVuBTY5KQMMXC0RPyoVERQdMgM9ejc\" loading=\"lazy\" decoding=\"async\"\/> <\/p>\n<p>Od polityk\u00f3w koalicji s\u0142yszymy, \u017ce s\u0105 inni ch\u0119tni.<\/p>\n<blockquote><p>&#8211; Jak s\u0105 wolne miejsca, to zawsze si\u0119 kto\u015b zg\u0142osi, ale na razie nie ma decyzji ani kto, ani w\u00a0jakich proporcjach, je\u015bli chodzi o\u00a0rekomendacje partii politycznych &#8211;\u00a0podkre\u015bla rozm\u00f3wca z\u00a0koalicji.\u00a0<\/p><\/blockquote>\n<p>Pierwotnie by\u0142o s\u0142ycha\u0107, \u017ce koalicja poczeka do drugiej po\u0142owy przysz\u0142ego roku, kiedy b\u0119dzie mog\u0142a od razu wskaza\u0107 o\u015bmiu s\u0119dzi\u00f3w w\u00a0TK. W\u00a0ten spos\u00f3b jej kandydaci mieliby od razu wi\u0119kszo\u015b\u0107 w\u00a015-osobowym sk\u0142adzie TK. Jak wida\u0107, wybrany zosta\u0142 szybszy scenariusz. Nie dziwi\u0105 si\u0119 temu politycy PiS, z\u00a0kt\u00f3rymi rozmawiamy. &#8211;\u00a0Oni s\u0105 tam w\u00a0\u015brodku pok\u0142\u00f3ceni na tyle, \u017ce pewnie sze\u015bciu nowych s\u0119dzi\u00f3w b\u0119dzie mog\u0142o gra\u0107 na roz\u0142am w\u00a0grupie starych s\u0119dzi\u00f3w &#8211; zauwa\u017ca nasz rozm\u00f3wca z\u00a0partii Jaros\u0142awa Kaczy\u0144skiego.\u00a0\u00a0\u00a0\u00a0<\/p>\n<p> <img role=\"presentation\" class=\"absolute left-1\/2 top-1\/2 max-h-[80%] max-w-[100px] -translate-x-1\/2 -translate-y-1\/2\" src=\"https:\/\/v.wpimg.pl\/ZXJfd3AudTkrBBIAbg54LGhcRlAxHQUrPgJGH2MAeGJoSQ1eIBI_K2UHAEVuBTY5KQMMXC0RPyoVERQdMgM9ejc\" loading=\"lazy\" decoding=\"async\"\/><\/p>\n<p>Co z\u00a0legalno\u015bci\u0105 trybuna\u0142u? <\/p>\n<p>Samo wype\u0142nianie wakat\u00f3w w\u00a0TK przez Sejm to nie jest problem, ale pytanie, jak si\u0119 zachowa Karol Nawrocki. W\u00a0ci\u0105gle obowi\u0105zuj\u0105cej ustawie o\u00a0Trybunale jasno jest napisane, \u017ce\u00a0\u015blubowanie wybranego przez Sejm s\u0119dziego jest sk\u0142adane w\u00a0obecno\u015bci prezydenta.\u00a0W 2015 r. <a href=\"https:\/\/wiadomosci.wp.pl\/prezydent-odmowi-zaprzysiezenia-trojki-sedziow-konstytucjonalista-to-moze-zakonczyc-spor-6027705792213633a\" rel=\"noopener noreferrer nofollow\" target=\"_blank\">to odmowa ze strony Andrzeja Dudy przyj\u0119cia \u015blubowania przez s\u0119dzi\u00f3w wybranych przez Sejm g\u0142osami koalicji KO-PSL<\/a> by\u0142a jednym z\u00a0powod\u00f3w obecnego kryzysu. Zamiast nich Duda zaprzysi\u0105g\u0142 s\u0119dzi\u00f3w wybranych g\u0142osami PiS przez Sejm kolejnej kadencji. W\u00a0ten spos\u00f3b pojawili si\u0119 tzw. dublerzy. Pytanie, jak si\u0119 zachowa teraz Karol Nawrocki, a\u00a0gdyby unika\u0142 przyj\u0119cia \u015blubowania &#8211;\u00a0jak si\u0119 zachowa koalicja.\u00a0<\/p>\n<p>Politycy koalicji przyznaj\u0105 tak\u017ce, \u017ce trudnym procesem b\u0119dzie ponowne doj\u015bcie do stanu, w\u00a0kt\u00f3rym TK zacznie by\u0107 uznawany przez wi\u0119kszo\u015b\u0107, a\u00a0jego orzeczenia zaczn\u0105 by\u0107 z\u00a0powrotem publikowane. Jeszcze przed wyborami by\u0142 plan dotycz\u0105cy &#8222;ustawowego resetu&#8221; w\u00a0TK, zak\u0142adaj\u0105cy m.in. nowy spos\u00f3b wyboru s\u0119dzi\u00f3w Trybuna\u0142u (z udzia\u0142em opozycji w\u00a0pierwszym kroku). Ale przy obecnym prezydencie taka ustawa raczej nie uzyska poparcia. Dlatego koalicja b\u0119dzie najpewniej zmuszona dzia\u0142a\u0107 pozaustawowo &#8211;\u00a0pytanie tylko, jak to zrobi\u0107.<\/p>\n<p>&#8211;\u00a0Czy Trybuna\u0142 uznamy za legalny, jak wstawimy tam wi\u0119kszo\u015b\u0107 naszych nominat\u00f3w? Ci\u0119\u017cko b\u0119dzie to uzasadni\u0107. A\u00a0wyroki zaczniemy publikowa\u0107 np. po uniewa\u017cnieniu uchwa\u0142y Sejmu w\u00a0sprawie wadliwo\u015bci wyrok\u00f3w obecnego trybuna\u0142u? Tu wpadamy w\u00a0podobny problem &#8211;\u00a0przyznaje polityk KO.<\/p>\n<p> <img role=\"presentation\" class=\"absolute left-1\/2 top-1\/2 max-h-[80%] max-w-[100px] -translate-x-1\/2 -translate-y-1\/2\" src=\"https:\/\/v.wpimg.pl\/ZXJfd3AudTkrBBIAbg54LGhcRlAxHQUrPgJGH2MAeGJoSQ1eIBI_K2UHAEVuBTY5KQMMXC0RPyoVERQdMgM9ejc\" loading=\"lazy\" decoding=\"async\"\/> <\/p>\n<p>Tomasz \u017b\u00f3\u0142ciak i\u00a0Grzegorz Osiecki, dziennikarze money.pl<\/p>\n","protected":false},"excerpt":{"rendered":"Na ostatnim spotkaniu lider\u00f3w koalicji zapad\u0142a decyzja w\u00a0sprawie TK. Chodzi o\u00a0&#8211; od\u00a0dawna oczekiwany &#8211;\u00a0ruch w\u00a0sprawie obsadzenia Trybuna\u0142u przez&hellip;\n","protected":false},"author":2,"featured_media":139108,"comment_status":"","ping_status":"","sticky":false,"template":"","format":"standard","meta":{"footnotes":""},"categories":[5],"tags":[32,33,36,37,27,34,35,28,31,25,42,38,40,39,41,29,30,26],"class_list":{"0":"post-139107","1":"post","2":"type-post","3":"status-publish","4":"format-standard","5":"has-post-thumbnail","7":"category-naglowki","8":"tag-breaking-news","9":"tag-breakingnews","10":"tag-featured-news","11":"tag-featurednews","12":"tag-headlines","13":"tag-latest-news","14":"tag-latestnews","15":"tag-naglowki","16":"tag-najwazniejsze-artykuly","17":"tag-news","18":"tag-pl","19":"tag-poland","20":"tag-polish","21":"tag-polska","22":"tag-polski","23":"tag-top-stories","24":"tag-topstories","25":"tag-wiadomosci"},"share_on_mastodon":{"url":"https:\/\/pubeurope.com\/@pl\/115683951606714724","error":""},"_links":{"self":[{"href":"https:\/\/www.europesays.com\/pl\/wp-json\/wp\/v2\/posts\/139107","targetHints":{"allow":["GET"]}}],"collection":[{"href":"https:\/\/www.europesays.com\/pl\/wp-json\/wp\/v2\/posts"}],"about":[{"href":"https:\/\/www.europesays.com\/pl\/wp-json\/wp\/v2\/types\/post"}],"author":[{"embeddable":true,"href":"https:\/\/www.europesays.com\/pl\/wp-json\/wp\/v2\/users\/2"}],"replies":[{"embeddable":true,"href":"https:\/\/www.europesays.com\/pl\/wp-json\/wp\/v2\/comments?post=139107"}],"version-history":[{"count":0,"href":"https:\/\/www.europesays.com\/pl\/wp-json\/wp\/v2\/posts\/139107\/revisions"}],"wp:featuredmedia":[{"embeddable":true,"href":"https:\/\/www.europesays.com\/pl\/wp-json\/wp\/v2\/media\/139108"}],"wp:attachment":[{"href":"https:\/\/www.europesays.com\/pl\/wp-json\/wp\/v2\/media?parent=139107"}],"wp:term":[{"taxonomy":"category","embeddable":true,"href":"https:\/\/www.europesays.com\/pl\/wp-json\/wp\/v2\/categories?post=139107"},{"taxonomy":"post_tag","embeddable":true,"href":"https:\/\/www.europesays.com\/pl\/wp-json\/wp\/v2\/tags?post=139107"}],"curies":[{"name":"wp","href":"https:\/\/api.w.org\/{rel}","templated":true}]}}