{"id":139113,"date":"2025-12-08T12:31:12","date_gmt":"2025-12-08T12:31:12","guid":{"rendered":"https:\/\/www.europesays.com\/pl\/139113\/"},"modified":"2025-12-08T12:31:12","modified_gmt":"2025-12-08T12:31:12","slug":"polska-gra-nie-jest-czescia-tajemniczego-posagu-z-the-game-awards-tworca-mowi-wprost-to-nie-my","status":"publish","type":"post","link":"https:\/\/www.europesays.com\/pl\/139113\/","title":{"rendered":"Polska gra nie jest cz\u0119\u015bci\u0105 tajemniczego pos\u0105gu z The Game Awards. Tw\u00f3rca m\u00f3wi wprost: \u201eto nie my\u201d"},"content":{"rendered":"<p>Gracze zastanawiaj\u0105 si\u0119, jak\u0105 produkcj\u0119 promuje Geoff Keighley. Dzisiaj mo\u017cemy ju\u017c mie\u0107 pewno\u015b\u0107, \u017ce nie jest to tytu\u0142 CI Games.<\/p>\n<p>Geoff Keighley rozpocz\u0105\u0142 budowanie napi\u0119cia przed The Game Awards w do\u015b\u0107 nietypowy spos\u00f3b. Organizator wydarzenia wystawi\u0142 w konkretnym miejscu tajemnicz\u0105 statuetk\u0119, zach\u0119caj\u0105c graczy do odwiedzin i samodzielnego przygl\u0105dania si\u0119 tajemniczej rze\u017abie, kt\u00f3ra mia\u0142a by\u0107 cz\u0119\u015bci\u0105 wi\u0119kszej zapowiedzi.<\/p>\n<p>    Dalsza cz\u0119\u015b\u0107 tekstu pod wideo<\/p>\n<p>W pierwszych godzinach spekulacji wielu fan\u00f3w by\u0142o przekonanych, \u017ce mo\u017ce to by\u0107 teaser nowej ods\u0142ony God of War lub projektu Saros, jednak sytuacja szybko zacz\u0119\u0142a zmierza\u0107 w zupe\u0142nie inn\u0105 stron\u0119. W ostatnich dniach Keighley opublikowa\u0142 dodatkow\u0105 wiadomo\u015b\u0107, kt\u00f3ra sprawi\u0142a, \u017ce cz\u0119\u015b\u0107 spo\u0142eczno\u015bci uzna\u0142a, i\u017c tajemnicza figura mo\u017ce promowa\u0107 Lords of the Fallen 2.<\/p>\n<p>        <img loading=\"lazy\" decoding=\"async\" src=\"https:\/\/www.europesays.com\/pl\/wp-content\/uploads\/2025\/12\/1765052831_313_B32963402.414688363;dc_trk_aid=607216972;dc_trk_cid=228291445;ord=[timestamp];dc_lat=;dc_rdid=;tag_f.gif\" attributionsrc=\"\" border=\"0\" height=\"1\" width=\"1\" alt=\"Advertisement\"\/><\/p>\n<p>Plotki narasta\u0142y, a\u017c w ko\u0144cu w sprawie wypowiedzia\u0142 si\u0119 Marek Tymi\u0144ski, CEO CI Games. Tw\u00f3rca uci\u0105\u0142 wszelkie spekulacje i potwierdzi\u0142 jednoznacznie: Lords of the Fallen 2 nie ma nic wsp\u00f3lnego z teaserem Geoffa Keighleya.<\/p>\n<blockquote><p>&#13;<\/p>\n<p>Jeste\u015bmy zaszczyceni, \u017ce tak wiele os\u00f3b uwa\u017ca, \u017ce stoimy za tym pos\u0105giem. Mo\u017cemy potwierdzi\u0107, \u017ce to nie my, jeste\u015bmy tak samo podekscytowani jak wy. Tw\u00f3rcy modl\u0105 si\u0119, \u017ceby to by\u0142o co\u015b od FROM. Bardzo ich szanujemy i marzymy, \u017ceby kiedy\u015b osi\u0105gn\u0105\u0107 ten poziom.<\/p>\n<p>&#13;<\/p>\n<p>Wkr\u00f3tce pojawi\u0105 si\u0119 wa\u017cne wiadomo\u015bci dotycz\u0105ce zar\u00f3wno Lords of the Fallen, jak i Lords II.<\/p>\n<p>&#13;<\/p>\n<p>Wys\u0142uchali\u015bmy was. Nied\u0142ugo nadejdzie czas, aby to ujawni\u0107.<\/p>\n<p>&#13;<\/p>\n<p>Dzi\u0119kujemy za ogromne wsparcie dla sierpniowego zwiastuna, teraz jeste\u015bmy gotowi, aby ponownie podnie\u015b\u0107 poprzeczk\u0119.<\/p>\n<p>&#13;\n<\/p><\/blockquote>\n<blockquote class=\"twitter-tweet\">\n<p lang=\"en\" dir=\"ltr\">Flattered so many think we\u2019re behind that statue \ud83d\ude05 Can confirm it\u2019s not us, we\u2019re just as hyped as you are. Devs are praying it\u2019s something FROM. Huge respect to them and we dream of reaching that level one day.<\/p>\n<p>Big news coming for both Lords of the Fallen and Lords II.<\/p>\n<p>We\u2019ve\u2026 <a href=\"https:\/\/t.co\/d9N0pHYOGi\" rel=\"nofollow\">pic.twitter.com\/d9N0pHYOGi<\/a><\/p>\n<p>\u2014 Marek Tyminski (@tyminski_marek) <a href=\"https:\/\/twitter.com\/tyminski_marek\/status\/1997731715561783352?ref_src=twsrc%5Etfw\" rel=\"nofollow noopener\" target=\"_blank\">December 7, 2025<\/a><\/p><\/blockquote>\n<p>Jednocze\u015bnie Marek Tymi\u0144ski doda\u0142, \u017ce CI Games szykuje bardzo dobre wiadomo\u015bci dla fan\u00f3w Lords of the Fallen i Lords of the Fallen 2. Na szczeg\u00f3\u0142y musimy jednak jeszcze poczeka\u0107 &#8211; wygl\u0105da wi\u0119c na to, \u017ce osobna zapowied\u017a od polskiego studia r\u00f3wnie\u017c mo\u017ce by\u0107 tylko kwesti\u0105 czasu.<\/p>\n<p>                <script async src=\"https:\/\/platform.twitter.com\/widgets.js\" charset=\"utf-8\"><\/script><\/p>\n","protected":false},"excerpt":{"rendered":"Gracze zastanawiaj\u0105 si\u0119, jak\u0105 produkcj\u0119 promuje Geoff Keighley. Dzisiaj mo\u017cemy ju\u017c mie\u0107 pewno\u015b\u0107, \u017ce nie jest to tytu\u0142&hellip;\n","protected":false},"author":2,"featured_media":139114,"comment_status":"","ping_status":"","sticky":false,"template":"","format":"standard","meta":{"footnotes":""},"categories":[20],"tags":[120,118,119,42,38,40,39,41,116,114,115,121,117],"class_list":{"0":"post-139113","1":"post","2":"type-post","3":"status-publish","4":"format-standard","5":"has-post-thumbnail","7":"category-nauka-i-technika","8":"tag-nauka","9":"tag-nauka-i-technika","10":"tag-naukatechnika","11":"tag-pl","12":"tag-poland","13":"tag-polish","14":"tag-polska","15":"tag-polski","16":"tag-science","17":"tag-science-and-technology","18":"tag-sciencetechnology","19":"tag-technika","20":"tag-technology"},"share_on_mastodon":{"url":"https:\/\/pubeurope.com\/@pl\/115683962873267723","error":""},"_links":{"self":[{"href":"https:\/\/www.europesays.com\/pl\/wp-json\/wp\/v2\/posts\/139113","targetHints":{"allow":["GET"]}}],"collection":[{"href":"https:\/\/www.europesays.com\/pl\/wp-json\/wp\/v2\/posts"}],"about":[{"href":"https:\/\/www.europesays.com\/pl\/wp-json\/wp\/v2\/types\/post"}],"author":[{"embeddable":true,"href":"https:\/\/www.europesays.com\/pl\/wp-json\/wp\/v2\/users\/2"}],"replies":[{"embeddable":true,"href":"https:\/\/www.europesays.com\/pl\/wp-json\/wp\/v2\/comments?post=139113"}],"version-history":[{"count":0,"href":"https:\/\/www.europesays.com\/pl\/wp-json\/wp\/v2\/posts\/139113\/revisions"}],"wp:featuredmedia":[{"embeddable":true,"href":"https:\/\/www.europesays.com\/pl\/wp-json\/wp\/v2\/media\/139114"}],"wp:attachment":[{"href":"https:\/\/www.europesays.com\/pl\/wp-json\/wp\/v2\/media?parent=139113"}],"wp:term":[{"taxonomy":"category","embeddable":true,"href":"https:\/\/www.europesays.com\/pl\/wp-json\/wp\/v2\/categories?post=139113"},{"taxonomy":"post_tag","embeddable":true,"href":"https:\/\/www.europesays.com\/pl\/wp-json\/wp\/v2\/tags?post=139113"}],"curies":[{"name":"wp","href":"https:\/\/api.w.org\/{rel}","templated":true}]}}